{"id":1779,"date":"2023-04-06T00:21:56","date_gmt":"2023-04-05T21:21:56","guid":{"rendered":"https:\/\/www.blog.extremeoutdoor.com.tr\/?p=1779"},"modified":"2023-04-20T12:15:11","modified_gmt":"2023-04-20T09:15:11","slug":"maske-incelemesi-a1-ve-f-dual","status":"publish","type":"post","link":"https:\/\/blog.extremeoutdoor.com.tr\/index.php\/2023\/04\/06\/maske-incelemesi-a1-ve-f-dual\/","title":{"rendered":"MASKE \u0130NCELEMES\u0130: A1 VE F-DUAL"},"content":{"rendered":"<p>Baz\u0131 kad\u0131nlar\u0131n \u00e7anta toplamas\u0131 gibi dal\u0131\u015f maskeleri topluyorum.&nbsp;Ancak, yeni bir sezon i\u00e7in yeni bir \u00e7anta de\u011fi\u015ftirmenin aksine, \u00fczerime tam oturan ve sel ya da bu\u011fu yapmayan bir maske buldu\u011fumda, neredeyse kal\u0131c\u0131 bir rotasyonda kal\u0131yor.&nbsp;Uzun zamand\u0131r devam etti\u011fim Cressi Z1 gibi \u00e7er\u00e7evesiz maskelerin hayran\u0131y\u0131m.&nbsp;Bu y\u00fczden, g\u00f6zden ge\u00e7irmek i\u00e7in iki yeni Cressi maskesi ald\u0131\u011f\u0131mda &#8211; bunlardan biri de \u00e7er\u00e7evesiz &#8211; onlar\u0131 denemek i\u00e7in heyecanland\u0131m.&nbsp;A1 ile ba\u015flayaca\u011f\u0131z<\/p><figure class=\"wp-block-image size-full\"><img loading=\"lazy\" decoding=\"async\" width=\"737\" height=\"457\" src=\"https:\/\/www.blog.extremeoutdoor.com.tr\/wp-content\/uploads\/2023\/04\/Resim2-2.png\" alt=\"\" class=\"wp-image-1780\" srcset=\"https:\/\/blog.extremeoutdoor.com.tr\/wp-content\/uploads\/2023\/04\/Resim2-2.png 737w, https:\/\/blog.extremeoutdoor.com.tr\/wp-content\/uploads\/2023\/04\/Resim2-2-300x186.png 300w, https:\/\/blog.extremeoutdoor.com.tr\/wp-content\/uploads\/2023\/04\/Resim2-2-370x229.png 370w, https:\/\/blog.extremeoutdoor.com.tr\/wp-content\/uploads\/2023\/04\/Resim2-2-565x350.png 565w, https:\/\/blog.extremeoutdoor.com.tr\/wp-content\/uploads\/2023\/04\/Resim2-2-600x372.png 600w\" sizes=\"auto, (max-width: 737px) 100vw, 737px\" \/><\/figure><p><strong>A1 MASKES\u0130N\u0130 KUTUDAN \u00c7IKARMA<\/strong><\/p><p>Fark etti\u011fim ilk \u015fey, Cressi Antifog Lens Coating \u00e7\u0131kartmas\u0131.&nbsp;Maske kutusunda, koruyucu kaplamay\u0131 \u00e7\u0131karmak i\u00e7in kullan\u0131c\u0131lara maske \u00fczerinde di\u015f macunu kullanmamalar\u0131n\u0131 tavsiye eden bir not var, uzun zamand\u0131r yapt\u0131\u011f\u0131m bir \u015fey.&nbsp;Kullan\u0131c\u0131lara ayr\u0131ca lensleri ovmamalar\u0131 veya herhangi bir bu\u011fu \u00f6nleyici sol\u00fcsyon kullanmamalar\u0131 s\u00f6ylenir.&nbsp;San\u0131r\u0131m bu, genellikle yapt\u0131\u011f\u0131m gibi bu maskeyi de yakmayaca\u011f\u0131m anlam\u0131na geliyor.&nbsp;Maskenin herhangi bir tedavi olmaks\u0131z\u0131n bu\u011fulan\u0131p bu\u011fulanmayaca\u011f\u0131 konusunda \u015f\u00fcpheliyim ama denemeye haz\u0131r\u0131m.&nbsp;<\/p><figure class=\"wp-block-image size-large\"><img loading=\"lazy\" decoding=\"async\" width=\"1024\" height=\"239\" src=\"https:\/\/www.blog.extremeoutdoor.com.tr\/wp-content\/uploads\/2023\/04\/Resim3-2-1024x239.png\" alt=\"\" class=\"wp-image-1781\" srcset=\"https:\/\/blog.extremeoutdoor.com.tr\/wp-content\/uploads\/2023\/04\/Resim3-2-1024x239.png 1024w, https:\/\/blog.extremeoutdoor.com.tr\/wp-content\/uploads\/2023\/04\/Resim3-2-300x70.png 300w, https:\/\/blog.extremeoutdoor.com.tr\/wp-content\/uploads\/2023\/04\/Resim3-2-768x179.png 768w, https:\/\/blog.extremeoutdoor.com.tr\/wp-content\/uploads\/2023\/04\/Resim3-2-370x86.png 370w, https:\/\/blog.extremeoutdoor.com.tr\/wp-content\/uploads\/2023\/04\/Resim3-2-760x177.png 760w, https:\/\/blog.extremeoutdoor.com.tr\/wp-content\/uploads\/2023\/04\/Resim3-2-565x132.png 565w, https:\/\/blog.extremeoutdoor.com.tr\/wp-content\/uploads\/2023\/04\/Resim3-2-600x140.png 600w, https:\/\/blog.extremeoutdoor.com.tr\/wp-content\/uploads\/2023\/04\/Resim3-2.png 1034w\" sizes=\"auto, (max-width: 1024px) 100vw, 1024px\" \/><\/figure><p>A1 birka\u00e7 harika renk kombinasyonuyla gelir ve baz\u0131 modellerde sar\u0131 lensler bulunur.&nbsp;Benim i\u00e7in de yeni olan sar\u0131 lensli siyah\/pembe maskem var.&nbsp;Pembe olduk\u00e7a yanard\u00f6ner bir g\u00f6lge ve maskenin bir \u00e7er\u00e7evesi olmas\u0131na ra\u011fmen benim tercih etti\u011fim tek bir lensi var.&nbsp;Test etti\u011fimde y\u00fcz\u00fcmde g\u00fczel bir m\u00fch\u00fcr olu\u015fturuyor ve y\u00fcz boyutum ve \u015feklim i\u00e7in iyi bir uyum gibi g\u00f6r\u00fcn\u00fcyor.&nbsp;Burun cebi yumu\u015fak ve e\u015fitlemeyi daha da kolayla\u015ft\u0131racak gibi g\u00f6r\u00fcn\u00fcyor.<\/p><p>Bu sar\u0131 lenslerin su alt\u0131nda nas\u0131l bir etkisi olaca\u011f\u0131n\u0131 merak ediyorum.&nbsp;Cressi malzemeleri, sar\u0131n\u0131n kontrast\u0131 art\u0131rd\u0131\u011f\u0131n\u0131 ve nesneleri daha g\u00f6r\u00fcn\u00fcr k\u0131ld\u0131\u011f\u0131n\u0131 ve su alt\u0131ndaki renklerin canl\u0131l\u0131\u011f\u0131n\u0131 art\u0131rd\u0131\u011f\u0131n\u0131 s\u00f6yl\u00fcyor.<\/p><figure class=\"wp-block-image size-large\"><img loading=\"lazy\" decoding=\"async\" width=\"1024\" height=\"339\" src=\"https:\/\/www.blog.extremeoutdoor.com.tr\/wp-content\/uploads\/2023\/04\/Resim4-3-1024x339.png\" alt=\"\" class=\"wp-image-1782\" srcset=\"https:\/\/blog.extremeoutdoor.com.tr\/wp-content\/uploads\/2023\/04\/Resim4-3-1024x339.png 1024w, https:\/\/blog.extremeoutdoor.com.tr\/wp-content\/uploads\/2023\/04\/Resim4-3-300x99.png 300w, https:\/\/blog.extremeoutdoor.com.tr\/wp-content\/uploads\/2023\/04\/Resim4-3-768x254.png 768w, https:\/\/blog.extremeoutdoor.com.tr\/wp-content\/uploads\/2023\/04\/Resim4-3-370x123.png 370w, https:\/\/blog.extremeoutdoor.com.tr\/wp-content\/uploads\/2023\/04\/Resim4-3-760x252.png 760w, https:\/\/blog.extremeoutdoor.com.tr\/wp-content\/uploads\/2023\/04\/Resim4-3-565x187.png 565w, https:\/\/blog.extremeoutdoor.com.tr\/wp-content\/uploads\/2023\/04\/Resim4-3-600x199.png 600w, https:\/\/blog.extremeoutdoor.com.tr\/wp-content\/uploads\/2023\/04\/Resim4-3.png 1036w\" sizes=\"auto, (max-width: 1024px) 100vw, 1024px\" \/><\/figure><p>E\u011fimli lensler, a\u015fa\u011f\u0131 do\u011fru daha iyi g\u00f6r\u00fc\u015f sa\u011flayan ters g\u00f6zya\u015f\u0131 damlalar\u0131 \u015feklindedir.&nbsp;Etek ve kay\u0131\u015f, dayan\u0131kl\u0131l\u0131k veya kaliteden \u00f6d\u00fcn vermeden esnek ve yumu\u015fakt\u0131r ve i\u00e7 ete\u011fin \u00fcst k\u0131sm\u0131, daha da g\u00fcvenli bir s\u0131zd\u0131rmazl\u0131k olu\u015fturacak gibi g\u00f6r\u00fcnen \u015f\u0131k bir \u00e7ift kenara sahiptir.&nbsp;<\/p><p>Genelde maske kay\u0131\u015f\u0131m\u0131 kuma\u015fla de\u011fi\u015ftirmem, bu y\u00fczden her zaman y\u00f6netimi kolay bir tane arar\u0131m.&nbsp;A1&#8217;deki toka, kolay kay\u0131\u015f ayar\u0131na izin veren iki d\u00fc\u011fmeye sahiptir ve kay\u0131\u015f\u0131 tercih etti\u011fim \u015fekilde ayarlamak \u00e7ok kolay olacak gibi g\u00f6r\u00fcn\u00fcyor.&nbsp;Genel olarak, bu, yakla\u015fan dal\u0131\u015f gezimde denemek i\u00e7in sab\u0131rs\u0131zland\u0131\u011f\u0131m keskin g\u00f6r\u00fcn\u00fcml\u00fc bir maske.<\/p><p><strong>F-DUAL MASKV&#8217;\u0130N KUTUSUNUN A\u00c7ILMASI<\/strong><\/p><figure class=\"wp-block-image size-full\"><img loading=\"lazy\" decoding=\"async\" width=\"791\" height=\"622\" src=\"https:\/\/www.blog.extremeoutdoor.com.tr\/wp-content\/uploads\/2023\/04\/Resim5-1.png\" alt=\"\" class=\"wp-image-1783\" srcset=\"https:\/\/blog.extremeoutdoor.com.tr\/wp-content\/uploads\/2023\/04\/Resim5-1.png 791w, https:\/\/blog.extremeoutdoor.com.tr\/wp-content\/uploads\/2023\/04\/Resim5-1-300x236.png 300w, https:\/\/blog.extremeoutdoor.com.tr\/wp-content\/uploads\/2023\/04\/Resim5-1-768x604.png 768w, https:\/\/blog.extremeoutdoor.com.tr\/wp-content\/uploads\/2023\/04\/Resim5-1-370x291.png 370w, https:\/\/blog.extremeoutdoor.com.tr\/wp-content\/uploads\/2023\/04\/Resim5-1-760x598.png 760w, https:\/\/blog.extremeoutdoor.com.tr\/wp-content\/uploads\/2023\/04\/Resim5-1-565x444.png 565w, https:\/\/blog.extremeoutdoor.com.tr\/wp-content\/uploads\/2023\/04\/Resim5-1-600x472.png 600w\" sizes=\"auto, (max-width: 791px) 100vw, 791px\" \/><\/figure><p>F-Dual sekiz farkl\u0131 renk kombinasyonuyla gelir.&nbsp;Maskenin i\u00e7inde k\u00fc\u00e7\u00fck pembe bir \u00e7er\u00e7eve olan d\u00fcz beyaz bir taneye bak\u0131yorum.&nbsp;\u0130lk bak\u0131\u015fta, kendim i\u00e7in se\u00e7ece\u011fim t\u00fcrden bir maske &#8211; \u00e7er\u00e7evesiz, tek lensli ve basit.&nbsp;Maske tasar\u0131m\u0131, Cressi&#8217;ye g\u00f6re, do\u011frudan temperli cam\u0131n tek b\u00f6lmesine yap\u0131\u015ft\u0131r\u0131lan silikon \u00e7ift t\u00fcyl\u00fc kenar ete\u011fine sahiptir &#8211; dolay\u0131s\u0131yla bir \u00e7er\u00e7eveye gerek yoktur.&nbsp;Ayn\u0131 zamanda genellikle tercih etti\u011fim d\u00fc\u015f\u00fck hacimli bir maske.&nbsp;Burun cebi g\u00fczel ve yumu\u015fak, bu da daha kolay temizlenmesini sa\u011flayacak ve tokalar, yukar\u0131da bahsetti\u011fim A1 tokalar\u0131 kadar kolay manevra kabiliyetine sahip g\u00f6r\u00fcn\u00fcyor.&nbsp;T\u0131pk\u0131 A1 gibi, F-Dual da y\u00fcz\u00fcmde test etti\u011fimde g\u00fczel bir m\u00fch\u00fcr olu\u015fturuyor.&nbsp;F-Dual, A1&#8217;in bu\u011fu \u00f6nleyici kaplamas\u0131ndan yoksun g\u00f6r\u00fcn\u00fcyor, bu y\u00fczden bunun i\u00e7in di\u015f macunu ve olas\u0131 yanma yolu olacak.&nbsp;<\/p><figure class=\"wp-block-image size-large\"><img loading=\"lazy\" decoding=\"async\" width=\"1024\" height=\"342\" src=\"https:\/\/www.blog.extremeoutdoor.com.tr\/wp-content\/uploads\/2023\/04\/Resim6-1024x342.png\" alt=\"\" class=\"wp-image-1784\" srcset=\"https:\/\/blog.extremeoutdoor.com.tr\/wp-content\/uploads\/2023\/04\/Resim6-1024x342.png 1024w, https:\/\/blog.extremeoutdoor.com.tr\/wp-content\/uploads\/2023\/04\/Resim6-300x100.png 300w, https:\/\/blog.extremeoutdoor.com.tr\/wp-content\/uploads\/2023\/04\/Resim6-768x257.png 768w, https:\/\/blog.extremeoutdoor.com.tr\/wp-content\/uploads\/2023\/04\/Resim6-370x124.png 370w, https:\/\/blog.extremeoutdoor.com.tr\/wp-content\/uploads\/2023\/04\/Resim6-760x254.png 760w, https:\/\/blog.extremeoutdoor.com.tr\/wp-content\/uploads\/2023\/04\/Resim6-565x189.png 565w, https:\/\/blog.extremeoutdoor.com.tr\/wp-content\/uploads\/2023\/04\/Resim6-600x201.png 600w, https:\/\/blog.extremeoutdoor.com.tr\/wp-content\/uploads\/2023\/04\/Resim6.png 1026w\" sizes=\"auto, (max-width: 1024px) 100vw, 1024px\" \/><\/figure><p>Hem A1 hem de F-Dual, gelecek geziler i\u00e7in sa\u011flam rakipler gibi g\u00f6r\u00fcn\u00fcyor, ancak sar\u0131 lenslerin A1&#8217;de ne &#8211; e\u011fer varsa &#8211; ne fark yaratt\u0131\u011f\u0131n\u0131 g\u00f6rmek beni \u00e7ok heyecanland\u0131r\u0131yor.&nbsp;Gezi sonras\u0131 g\u00fcncelleme i\u00e7in bizi takip etmeye devam edin\u2026<\/p><p><\/p>\n\n<div class=\"kk-star-ratings kksr-auto kksr-align-right kksr-valign-bottom\"\n    data-payload='{&quot;align&quot;:&quot;right&quot;,&quot;id&quot;:&quot;1779&quot;,&quot;slug&quot;:&quot;default&quot;,&quot;valign&quot;:&quot;bottom&quot;,&quot;ignore&quot;:&quot;&quot;,&quot;reference&quot;:&quot;auto&quot;,&quot;class&quot;:&quot;&quot;,&quot;count&quot;:&quot;0&quot;,&quot;legendonly&quot;:&quot;&quot;,&quot;readonly&quot;:&quot;&quot;,&quot;score&quot;:&quot;0&quot;,&quot;starsonly&quot;:&quot;&quot;,&quot;best&quot;:&quot;5&quot;,&quot;gap&quot;:&quot;5&quot;,&quot;greet&quot;:&quot;Oylama Yap&quot;,&quot;legend&quot;:&quot;0\\\/5 - (0 votes)&quot;,&quot;size&quot;:&quot;24&quot;,&quot;title&quot;:&quot;MASKE \u0130NCELEMES\u0130: A1 VE F-DUAL&quot;,&quot;width&quot;:&quot;0&quot;,&quot;_legend&quot;:&quot;{score}\\\/{best} - ({count} {votes})&quot;,&quot;font_factor&quot;:&quot;1.25&quot;}'>\n            \n<div class=\"kksr-stars\">\n    \n<div class=\"kksr-stars-inactive\">\n            <div class=\"kksr-star\" data-star=\"1\" style=\"padding-right: 5px\">\n            \n\n<div class=\"kksr-icon\" style=\"width: 24px; height: 24px;\"><\/div>\n        <\/div>\n            <div class=\"kksr-star\" data-star=\"2\" style=\"padding-right: 5px\">\n            \n\n<div class=\"kksr-icon\" style=\"width: 24px; height: 24px;\"><\/div>\n        <\/div>\n            <div class=\"kksr-star\" data-star=\"3\" style=\"padding-right: 5px\">\n            \n\n<div class=\"kksr-icon\" style=\"width: 24px; height: 24px;\"><\/div>\n        <\/div>\n            <div class=\"kksr-star\" data-star=\"4\" style=\"padding-right: 5px\">\n            \n\n<div class=\"kksr-icon\" style=\"width: 24px; height: 24px;\"><\/div>\n        <\/div>\n            <div class=\"kksr-star\" data-star=\"5\" style=\"padding-right: 5px\">\n            \n\n<div class=\"kksr-icon\" style=\"width: 24px; height: 24px;\"><\/div>\n        <\/div>\n    <\/div>\n    \n<div class=\"kksr-stars-active\" style=\"width: 0px;\">\n            <div class=\"kksr-star\" style=\"padding-right: 5px\">\n            \n\n<div class=\"kksr-icon\" style=\"width: 24px; height: 24px;\"><\/div>\n        <\/div>\n            <div class=\"kksr-star\" style=\"padding-right: 5px\">\n            \n\n<div class=\"kksr-icon\" style=\"width: 24px; height: 24px;\"><\/div>\n        <\/div>\n            <div class=\"kksr-star\" style=\"padding-right: 5px\">\n            \n\n<div class=\"kksr-icon\" style=\"width: 24px; height: 24px;\"><\/div>\n        <\/div>\n            <div class=\"kksr-star\" style=\"padding-right: 5px\">\n            \n\n<div class=\"kksr-icon\" style=\"width: 24px; height: 24px;\"><\/div>\n        <\/div>\n            <div class=\"kksr-star\" style=\"padding-right: 5px\">\n            \n\n<div class=\"kksr-icon\" style=\"width: 24px; height: 24px;\"><\/div>\n        <\/div>\n    <\/div>\n<\/div>\n                \n\n<div class=\"kksr-legend\" style=\"font-size: 19.2px;\">\n            <span class=\"kksr-muted\">Oylama Yap<\/span>\n    <\/div>\n    <\/div>\n","protected":false},"excerpt":{"rendered":"<p>Baz\u0131 kad\u0131nlar\u0131n \u00e7anta toplamas\u0131 gibi dal\u0131\u015f maskeleri topluyorum.&nbsp;Ancak, yeni bir sezon i\u00e7in yeni bir \u00e7anta de\u011fi\u015ftirmenin aksine, \u00fczerime tam oturan&hellip;<\/p>\n","protected":false},"author":990005,"featured_media":1785,"comment_status":"open","ping_status":"open","sticky":false,"template":"","format":"standard","meta":{"footnotes":""},"categories":[72,71,646,68],"tags":[333,336,332,334,335],"class_list":["post-1779","post","type-post","status-publish","format-standard","has-post-thumbnail","hentry","category-deniz-havuz","category-scuba-dalis","category-urun-incelemesi","category-yuzme","tag-cressi-dalis-maskesi","tag-cressi-yuzucu-maske","tag-dalis-maskesi","tag-seac-sub-dalis-maskesi","tag-yuzucu-maske"],"_links":{"self":[{"href":"https:\/\/blog.extremeoutdoor.com.tr\/index.php\/wp-json\/wp\/v2\/posts\/1779","targetHints":{"allow":["GET"]}}],"collection":[{"href":"https:\/\/blog.extremeoutdoor.com.tr\/index.php\/wp-json\/wp\/v2\/posts"}],"about":[{"href":"https:\/\/blog.extremeoutdoor.com.tr\/index.php\/wp-json\/wp\/v2\/types\/post"}],"author":[{"embeddable":true,"href":"https:\/\/blog.extremeoutdoor.com.tr\/index.php\/wp-json\/wp\/v2\/users\/990005"}],"replies":[{"embeddable":true,"href":"https:\/\/blog.extremeoutdoor.com.tr\/index.php\/wp-json\/wp\/v2\/comments?post=1779"}],"version-history":[{"count":2,"href":"https:\/\/blog.extremeoutdoor.com.tr\/index.php\/wp-json\/wp\/v2\/posts\/1779\/revisions"}],"predecessor-version":[{"id":1803,"href":"https:\/\/blog.extremeoutdoor.com.tr\/index.php\/wp-json\/wp\/v2\/posts\/1779\/revisions\/1803"}],"wp:featuredmedia":[{"embeddable":true,"href":"https:\/\/blog.extremeoutdoor.com.tr\/index.php\/wp-json\/wp\/v2\/media\/1785"}],"wp:attachment":[{"href":"https:\/\/blog.extremeoutdoor.com.tr\/index.php\/wp-json\/wp\/v2\/media?parent=1779"}],"wp:term":[{"taxonomy":"category","embeddable":true,"href":"https:\/\/blog.extremeoutdoor.com.tr\/index.php\/wp-json\/wp\/v2\/categories?post=1779"},{"taxonomy":"post_tag","embeddable":true,"href":"https:\/\/blog.extremeoutdoor.com.tr\/index.php\/wp-json\/wp\/v2\/tags?post=1779"}],"curies":[{"name":"wp","href":"https:\/\/api.w.org\/{rel}","templated":true}]}}