{"id":2052,"date":"2023-04-06T17:11:47","date_gmt":"2023-04-06T14:11:47","guid":{"rendered":"https:\/\/www.blog.extremeoutdoor.com.tr\/?p=2052"},"modified":"2023-04-06T17:11:47","modified_gmt":"2023-04-06T14:11:47","slug":"bebeklerde-denge-ve-koordinasyon-vestibuler-sistem","status":"publish","type":"post","link":"https:\/\/blog.extremeoutdoor.com.tr\/index.php\/2023\/04\/06\/bebeklerde-denge-ve-koordinasyon-vestibuler-sistem\/","title":{"rendered":"Bebeklerde Denge Ve Koordinasyon |Vestib\u00fcler Sistem|"},"content":{"rendered":"<p><strong>Bebeklerde Denge ve Koordinasyon (Vestib\u00fcler Sistem)<\/strong><\/p><p>Bebeklerde vestib\u00fcler sistem,&nbsp;anne karn\u0131nda geli\u015fmeye ba\u015flamaktad\u0131r. Vestib\u00fcler duyu olarak adland\u0131rd\u0131\u011f\u0131m\u0131z sistem ki\u015finin denge duyusunu anlatmaktad\u0131r. Bu duyuyu beynin giri\u015f k\u0131sm\u0131 gibi d\u00fc\u015f\u00fcnmek gerekmektedir. Vestib\u00fcler sistemin ilk geli\u015fim d\u00f6nemi, annenin hamilelik s\u00fcrecinin ba\u015flang\u0131c\u0131ndan sonra 3. ayda ba\u015flamaktad\u0131r. Geli\u015fimin tam olarak tamamlanmas\u0131 ise be\u015finci aya denk gelmektedir. Daha sonraki s\u00fcre\u00e7te ad\u0131m ad\u0131m geli\u015fim s\u00fcreci tamamlanmaktad\u0131r.&nbsp;<strong>Bebeklerde denge<\/strong>&nbsp;sistemi, do\u011far do\u011fmaz \u00e7al\u0131\u015fmaya ba\u015flayan ilk sistemdir. Sonraki d\u00f6nemde yap\u0131lan aktivitelerse geli\u015fimi artt\u0131rmaktad\u0131r. Sistemin d\u00fczenli bir \u015fekilde geli\u015fmesi i\u00e7in hareket gerektiren aktiviteler yapman\u0131n \u00f6nemi olduk\u00e7a fazlad\u0131r.<\/p><p>Vestib\u00fcler sistem, ki\u015finin d\u00fcnya ile ili\u015fkisinin temelini sa\u011flad\u0131\u011f\u0131 i\u00e7in di\u011fer duyular\u0131n bir \u00f6nc\u00fcs\u00fc niteli\u011findedir. Bu neden geli\u015fimin devam etmesi ad\u0131na sistemi geli\u015ftiren aktivitelere devam edilmesi olduk\u00e7a \u00f6nemlidir.<\/p><p><strong>Vestib\u00fcler Sistem Ne \u0130\u015fe Yaramaktad\u0131r?<\/strong><\/p><p><strong>Vestib\u00fcler duyu sistemi,&nbsp;<\/strong>ki\u015finin t\u00fcm duyular\u0131n\u0131n dengeli bir \u015fekilde \u00e7al\u0131\u015fmas\u0131na ve alg\u0131lama kabiliyetinin artmas\u0131na yard\u0131mc\u0131 olmaktad\u0131r. Vestib\u00fcler duyu sisteminin temel i\u015flevleri \u015fu \u015fekilde s\u0131ralanabilmektedir:<\/p><p>\u00b7Yer \u00e7ekimine kar\u015f\u0131 g\u00fcven duyulmas\u0131na yard\u0131mc\u0131 olmaktad\u0131r.<\/p><p>\u00b7Hareket etme ve denge kurma konusunda bilgi sa\u011flamaktad\u0131r.<\/p><p>\u00b7Kas g\u00fcc\u00fcn\u00fcn geli\u015fmesini sa\u011flamaktad\u0131r.<\/p><p>\u00b7Bilateral koordinasyon i\u00e7in gerekli bilgiyi sa\u011flamaktad\u0131r.<\/p><p>\u00b7G\u00f6rme ve duyma duyular\u0131n\u0131n do\u011fru \u015fekilde \u00e7al\u0131\u015fmas\u0131n\u0131 sa\u011flamaktad\u0131r.<\/p><p>\u00b7Duyusal i\u015flemler i\u00e7in gerekli bilgiyi sa\u011flamaktad\u0131r.<\/p><p><strong>Bebeklerde Vestib\u00fcler Sistemi Geli\u015ftiren Etkinlikler<\/strong><\/p><p>Bebeklerde vestib\u00fcler duyu sistemini geli\u015ftirici etkinlikler&nbsp;b\u00fcy\u00fck \u00f6nem arz etmektedir. Vestib\u00fcler sistem yukar\u0131da detayl\u0131 olarak bahsetmi\u015f oldu\u011fumuz gibi duyular\u0131m\u0131z\u0131n tutarl\u0131 ve do\u011fru bir \u015fekilde \u00e7al\u0131\u015fmas\u0131na yard\u0131mc\u0131 olmaktad\u0131r. Bu sistem sayesinde ki\u015fi hareket etti\u011fini, durdu\u011funu, \u00e7evresindeki objelerin hareket edip etmedi\u011fini ve hatta hangi y\u00f6ne hangi h\u0131zla hareket etti\u011fini anlamaktad\u0131r. Sistemde problem olmas\u0131 halinde ise ki\u015finin duyular\u0131 yanl\u0131\u015f yorumlamas\u0131 gibi problemler s\u00f6z konusu olacakt\u0131r.&nbsp;<strong>Bebeklerde denge<\/strong>ve koordinasyon sisteminin geli\u015fmesi i\u00e7in yap\u0131labilecek aktiviteler \u015fu \u015fekilde s\u0131ralanabilmektedir:<\/p><p>\u00b7Sal\u0131ncakta sallamak<\/p><p>\u00b7\u00c7ocu\u011fun sandalyede veya atl\u0131 kar\u0131ncada kendi etraf\u0131nda d\u00f6nmesi<\/p><p>\u00b7Kayd\u0131raktan kayd\u0131rmak<\/p><p>\u00b7Bisiklete binmek<\/p><p>\u00b7Kumlu veya \u00e7imenli toprak gibi dengesiz y\u00fczeylerde y\u00fcr\u00fcme<\/p><p>\u00b7Tahterevallide dengede durmak<\/p><p>\u00b7Terapi toplar\u0131n\u0131n \u00fczerinde durmak<\/p><p>\u00b7Dans etme<\/p><p>\u00b7Resim yapma<\/p><p>\u00b7\u015eekil \u00e7izme<\/p><p>\u00b7Kovaya top atma<\/p><p>\u00b7Y\u00fczme<\/p><p>\u00b7Ko\u015fma<\/p><p><strong>Y\u00fczmenin Vestib\u00fcler Sistemine Faydalar\u0131<\/strong><\/p><p><strong>Y\u00fczme sporunun vestib\u00fcler duyu sistemine faydalar\u0131,&nbsp;<\/strong>bilimsel olarak kan\u0131tlanm\u0131\u015ft\u0131r. Y\u00fczme sporunun \u00e7ocuklar\u0131n zihinsel ve fiziksel geli\u015fimine katk\u0131s\u0131 olduk\u00e7a fazlad\u0131r. Bu faydalardan birisi de dengenin ve vestib\u00fcler sistemin geli\u015fmesidir. Y\u00fczmek ki\u015finin denge kurabilme becerisinin ve kendine olan g\u00fcveninin geli\u015fmesini sa\u011flamaktad\u0131r. Kas ve iskelet sistemi i\u00e7in de olduk\u00e7a faydal\u0131 olan y\u00fczme sporu, bebe\u011fin do\u011fumundan sonraki ilk aylardan itibaren yap\u0131labilmektedir. Anne karn\u0131ndan geli\u015fmi\u015f y\u00fczme ve nefes tutma becerisi ile do\u011fan bebekler, 2. aydan itibaren y\u00fczme e\u011fitimlerine ba\u015flayabilmektedir. Do\u011fumdan sonraki ilk 15 ayl\u0131k s\u00fcre\u00e7, vestib\u00fcler sistemin geli\u015fmesi i\u00e7in olduk\u00e7a \u00f6nemlidir. Bu nedenle m\u00fcmk\u00fcn oldu\u011funca bu s\u00fcre\u00e7 i\u00e7erisinde e\u011fitimlere ba\u015flaman\u0131z gerekmektedir.<\/p><p><strong>\u00c7ocuklarda Vestib\u00fcler Sistem Problemleri<\/strong><\/p><p>\u00c7ocuklarda vestib\u00fcler sistem bozukluklar\u0131,&nbsp;i\u00e7 kulaktan gelen duyular\u0131n beyine yetersiz i\u015flenmesi \u015feklinde a\u00e7\u0131klanabilmektedir. Vestib\u00fcler sisteminde bozukluk olan&nbsp;<strong>bebeklerde denge<\/strong>&nbsp;ve hareket problemleri ya\u015fanabilmektedir. Ge\u00e7 emekleme, ge\u00e7 y\u00fcr\u00fcme, dik durmama, devrilme, bacaklar\u0131n\u0131 vurma gibi belirtiler bebekte vestib\u00fcler sistem bozuklu\u011fu oldu\u011funa i\u015faret edebilmektedir. Bunun yan\u0131nda tam tersi s\u00fcrekli hareket etme, z\u0131plama, d\u00fc\u015fme tehlikesi olmayan noktalarda d\u00fc\u015fmekten korkma gibi s\u0131k\u0131nt\u0131lar da ba\u015f g\u00f6steren di\u011fer s\u0131k\u0131nt\u0131lard\u0131r. Bu gibi durumlarda ebeveynlerin ergoterapistlere dan\u0131\u015fmas\u0131 gerekmektedir. Ergoterapistler \u00e7ocuk i\u00e7in \u00f6zel bir plan olu\u015fturarak vestib\u00fcler sistem bozukluklar\u0131n\u0131n \u00e7\u00f6z\u00fclmesine yard\u0131mc\u0131 olacakt\u0131r.<\/p>\n\n<div class=\"kk-star-ratings kksr-auto kksr-align-right kksr-valign-bottom\"\n    data-payload='{&quot;align&quot;:&quot;right&quot;,&quot;id&quot;:&quot;2052&quot;,&quot;slug&quot;:&quot;default&quot;,&quot;valign&quot;:&quot;bottom&quot;,&quot;ignore&quot;:&quot;&quot;,&quot;reference&quot;:&quot;auto&quot;,&quot;class&quot;:&quot;&quot;,&quot;count&quot;:&quot;0&quot;,&quot;legendonly&quot;:&quot;&quot;,&quot;readonly&quot;:&quot;&quot;,&quot;score&quot;:&quot;0&quot;,&quot;starsonly&quot;:&quot;&quot;,&quot;best&quot;:&quot;5&quot;,&quot;gap&quot;:&quot;5&quot;,&quot;greet&quot;:&quot;Oylama Yap&quot;,&quot;legend&quot;:&quot;0\\\/5 - (0 votes)&quot;,&quot;size&quot;:&quot;24&quot;,&quot;title&quot;:&quot;Bebeklerde Denge Ve Koordinasyon |Vestib\u00fcler Sistem|&quot;,&quot;width&quot;:&quot;0&quot;,&quot;_legend&quot;:&quot;{score}\\\/{best} - ({count} {votes})&quot;,&quot;font_factor&quot;:&quot;1.25&quot;}'>\n            \n<div class=\"kksr-stars\">\n    \n<div class=\"kksr-stars-inactive\">\n            <div class=\"kksr-star\" data-star=\"1\" style=\"padding-right: 5px\">\n            \n\n<div class=\"kksr-icon\" style=\"width: 24px; height: 24px;\"><\/div>\n        <\/div>\n            <div class=\"kksr-star\" data-star=\"2\" style=\"padding-right: 5px\">\n            \n\n<div class=\"kksr-icon\" style=\"width: 24px; height: 24px;\"><\/div>\n        <\/div>\n            <div class=\"kksr-star\" data-star=\"3\" style=\"padding-right: 5px\">\n            \n\n<div class=\"kksr-icon\" style=\"width: 24px; height: 24px;\"><\/div>\n        <\/div>\n            <div class=\"kksr-star\" data-star=\"4\" style=\"padding-right: 5px\">\n            \n\n<div class=\"kksr-icon\" style=\"width: 24px; height: 24px;\"><\/div>\n        <\/div>\n            <div class=\"kksr-star\" data-star=\"5\" style=\"padding-right: 5px\">\n            \n\n<div class=\"kksr-icon\" style=\"width: 24px; height: 24px;\"><\/div>\n        <\/div>\n    <\/div>\n    \n<div class=\"kksr-stars-active\" style=\"width: 0px;\">\n            <div class=\"kksr-star\" style=\"padding-right: 5px\">\n            \n\n<div class=\"kksr-icon\" style=\"width: 24px; height: 24px;\"><\/div>\n        <\/div>\n            <div class=\"kksr-star\" style=\"padding-right: 5px\">\n            \n\n<div class=\"kksr-icon\" style=\"width: 24px; height: 24px;\"><\/div>\n        <\/div>\n            <div class=\"kksr-star\" style=\"padding-right: 5px\">\n            \n\n<div class=\"kksr-icon\" style=\"width: 24px; height: 24px;\"><\/div>\n        <\/div>\n            <div class=\"kksr-star\" style=\"padding-right: 5px\">\n            \n\n<div class=\"kksr-icon\" style=\"width: 24px; height: 24px;\"><\/div>\n        <\/div>\n            <div class=\"kksr-star\" style=\"padding-right: 5px\">\n            \n\n<div class=\"kksr-icon\" style=\"width: 24px; height: 24px;\"><\/div>\n        <\/div>\n    <\/div>\n<\/div>\n                \n\n<div class=\"kksr-legend\" style=\"font-size: 19.2px;\">\n            <span class=\"kksr-muted\">Oylama Yap<\/span>\n    <\/div>\n    <\/div>\n","protected":false},"excerpt":{"rendered":"<p>Bebeklerde Denge ve Koordinasyon (Vestib\u00fcler Sistem) Bebeklerde vestib\u00fcler sistem,&nbsp;anne karn\u0131nda geli\u015fmeye ba\u015flamaktad\u0131r. Vestib\u00fcler duyu olarak adland\u0131rd\u0131\u011f\u0131m\u0131z sistem ki\u015finin denge duyusunu&hellip;<\/p>\n","protected":false},"author":990005,"featured_media":2053,"comment_status":"open","ping_status":"open","sticky":false,"template":"","format":"standard","meta":{"footnotes":""},"categories":[21],"tags":[],"class_list":["post-2052","post","type-post","status-publish","format-standard","has-post-thumbnail","hentry","category-saglik"],"_links":{"self":[{"href":"https:\/\/blog.extremeoutdoor.com.tr\/index.php\/wp-json\/wp\/v2\/posts\/2052","targetHints":{"allow":["GET"]}}],"collection":[{"href":"https:\/\/blog.extremeoutdoor.com.tr\/index.php\/wp-json\/wp\/v2\/posts"}],"about":[{"href":"https:\/\/blog.extremeoutdoor.com.tr\/index.php\/wp-json\/wp\/v2\/types\/post"}],"author":[{"embeddable":true,"href":"https:\/\/blog.extremeoutdoor.com.tr\/index.php\/wp-json\/wp\/v2\/users\/990005"}],"replies":[{"embeddable":true,"href":"https:\/\/blog.extremeoutdoor.com.tr\/index.php\/wp-json\/wp\/v2\/comments?post=2052"}],"version-history":[{"count":1,"href":"https:\/\/blog.extremeoutdoor.com.tr\/index.php\/wp-json\/wp\/v2\/posts\/2052\/revisions"}],"predecessor-version":[{"id":2054,"href":"https:\/\/blog.extremeoutdoor.com.tr\/index.php\/wp-json\/wp\/v2\/posts\/2052\/revisions\/2054"}],"wp:featuredmedia":[{"embeddable":true,"href":"https:\/\/blog.extremeoutdoor.com.tr\/index.php\/wp-json\/wp\/v2\/media\/2053"}],"wp:attachment":[{"href":"https:\/\/blog.extremeoutdoor.com.tr\/index.php\/wp-json\/wp\/v2\/media?parent=2052"}],"wp:term":[{"taxonomy":"category","embeddable":true,"href":"https:\/\/blog.extremeoutdoor.com.tr\/index.php\/wp-json\/wp\/v2\/categories?post=2052"},{"taxonomy":"post_tag","embeddable":true,"href":"https:\/\/blog.extremeoutdoor.com.tr\/index.php\/wp-json\/wp\/v2\/tags?post=2052"}],"curies":[{"name":"wp","href":"https:\/\/api.w.org\/{rel}","templated":true}]}}