{"id":2750,"date":"2023-04-08T01:24:04","date_gmt":"2023-04-07T22:24:04","guid":{"rendered":"https:\/\/www.blog.extremeoutdoor.com.tr\/?p=2750"},"modified":"2023-04-08T01:24:05","modified_gmt":"2023-04-07T22:24:05","slug":"surdurulebilirlik-nedir","status":"publish","type":"post","link":"https:\/\/blog.extremeoutdoor.com.tr\/index.php\/2023\/04\/08\/surdurulebilirlik-nedir\/","title":{"rendered":"S\u00fcrd\u00fcr\u00fclebilirlik Nedir?"},"content":{"rendered":"<p>\u0130nsan ya\u015fam\u0131 hem tar\u0131m hem de \u00fcretim d\u00f6ng\u00fcs\u00fc i\u00e7inde devam etmektedir. \u00c7al\u0131\u015fma ve hayatta kalma m\u00fccadelesi, insanlar\u0131n daha \u00fcretken olmas\u0131n\u0131 sa\u011flarken \u00e7evrenin de korunmas\u0131n\u0131 ve bu ya\u015fam d\u00f6ng\u00fcs\u00fcn\u00fcn devam etmesini hat\u0131rlatmaktad\u0131r.\u00a0<\/p><figure class=\"wp-block-image size-full\"><img loading=\"lazy\" decoding=\"async\" width=\"800\" height=\"533\" src=\"https:\/\/www.blog.extremeoutdoor.com.tr\/wp-content\/uploads\/2023\/04\/Extreme-Outdoor20220925102454_16640906945222.jpg\" alt=\"\" class=\"wp-image-2751\" srcset=\"https:\/\/blog.extremeoutdoor.com.tr\/wp-content\/uploads\/2023\/04\/Extreme-Outdoor20220925102454_16640906945222.jpg 800w, https:\/\/blog.extremeoutdoor.com.tr\/wp-content\/uploads\/2023\/04\/Extreme-Outdoor20220925102454_16640906945222-300x200.jpg 300w, https:\/\/blog.extremeoutdoor.com.tr\/wp-content\/uploads\/2023\/04\/Extreme-Outdoor20220925102454_16640906945222-768x512.jpg 768w, https:\/\/blog.extremeoutdoor.com.tr\/wp-content\/uploads\/2023\/04\/Extreme-Outdoor20220925102454_16640906945222-370x247.jpg 370w, https:\/\/blog.extremeoutdoor.com.tr\/wp-content\/uploads\/2023\/04\/Extreme-Outdoor20220925102454_16640906945222-760x506.jpg 760w, https:\/\/blog.extremeoutdoor.com.tr\/wp-content\/uploads\/2023\/04\/Extreme-Outdoor20220925102454_16640906945222-565x376.jpg 565w, https:\/\/blog.extremeoutdoor.com.tr\/wp-content\/uploads\/2023\/04\/Extreme-Outdoor20220925102454_16640906945222-600x400.jpg 600w\" sizes=\"auto, (max-width: 800px) 100vw, 800px\" \/><\/figure><p>Birle\u015fmi\u015f Milletler b\u00fcnyesinde yer alan bir proje sayesinde hayat\u0131m\u0131za giren \u201cs\u00fcrd\u00fcr\u00fclebilirlik\u201d kelimesi art\u0131k pek \u00e7ok alanda kullan\u0131l\u0131yor. Daha temiz ve daha sa\u011fl\u0131kl\u0131 bir do\u011fada ya\u015famak ad\u0131na bu kelimenin anlam\u0131n\u0131 ve \u00fczerimize d\u00fc\u015fen g\u00f6revleri bilmemiz gerekiyor.<\/p><p><strong>S\u00fcrd\u00fcr\u00fclebilirlik Nedir?<\/strong><\/p><p><strong>S\u00fcrd\u00fcr\u00fclebilirlik nedir <\/strong>sorusuna en \u00f6zet haliyle \u015f\u00f6yle bir yan\u0131t vermek m\u00fcmk\u00fcn: \u0130nsan ya\u015fam\u0131n\u0131n daimi olmas\u0131 i\u00e7in tar\u0131m\u0131n ve \u00fcretimin daha iyi ko\u015fullarda, \u00e7evreye zarar vermeyecek \u015fekilde ger\u00e7ekle\u015fmesi ve gelecek nesillerin de ya\u015fam\u0131n\u0131n korunmas\u0131 i\u00e7in yap\u0131lan faaliyetlerdir. Sadece bu y\u0131l\u0131 de\u011fil g\u00fcn\u00fcm\u00fczden 50 sene sonras\u0131n\u0131 da d\u00fc\u015f\u00fcnerek yap\u0131lan tar\u0131m ve \u00fcretim etkinlikleri sayesinde gelecek nesillerin ya\u015fam\u0131 da kontrol alt\u0131na al\u0131nabiliyor.&nbsp;<\/p><p>\u0130\u015fte bu do\u011fal ve kontroll\u00fc d\u00f6ng\u00fcye \u201cs\u00fcrd\u00fcr\u00fclebilirlik\u201d ad\u0131 veriliyor. E\u011fer ak\u0131llardaki <strong>s\u00fcrd\u00fcr\u00fclebilirlik ne demek <\/strong>sorusuna yan\u0131t verdiysek; bilinmeyenleri \u00f6\u011frenmeye ge\u00e7ebiliriz.<\/p><figure class=\"wp-block-image size-full\"><img loading=\"lazy\" decoding=\"async\" width=\"800\" height=\"533\" src=\"https:\/\/www.blog.extremeoutdoor.com.tr\/wp-content\/uploads\/2023\/04\/Extreme-Outdoor20220925102529_16640907295775.jpg\" alt=\"\" class=\"wp-image-2752\" srcset=\"https:\/\/blog.extremeoutdoor.com.tr\/wp-content\/uploads\/2023\/04\/Extreme-Outdoor20220925102529_16640907295775.jpg 800w, https:\/\/blog.extremeoutdoor.com.tr\/wp-content\/uploads\/2023\/04\/Extreme-Outdoor20220925102529_16640907295775-300x200.jpg 300w, https:\/\/blog.extremeoutdoor.com.tr\/wp-content\/uploads\/2023\/04\/Extreme-Outdoor20220925102529_16640907295775-768x512.jpg 768w, https:\/\/blog.extremeoutdoor.com.tr\/wp-content\/uploads\/2023\/04\/Extreme-Outdoor20220925102529_16640907295775-370x247.jpg 370w, https:\/\/blog.extremeoutdoor.com.tr\/wp-content\/uploads\/2023\/04\/Extreme-Outdoor20220925102529_16640907295775-760x506.jpg 760w, https:\/\/blog.extremeoutdoor.com.tr\/wp-content\/uploads\/2023\/04\/Extreme-Outdoor20220925102529_16640907295775-565x376.jpg 565w, https:\/\/blog.extremeoutdoor.com.tr\/wp-content\/uploads\/2023\/04\/Extreme-Outdoor20220925102529_16640907295775-600x400.jpg 600w\" sizes=\"auto, (max-width: 800px) 100vw, 800px\" \/><\/figure><h2 class=\"wp-block-heading\"><strong>S\u00fcrd\u00fcrebilirlik Ne Zaman Ortaya \u00c7\u0131kt\u0131?<\/strong><\/h2><p>Birle\u015fmi\u015f Milletler b\u00fcnyesi alt\u0131nda \u00e7al\u0131\u015fmakta olan D\u00fcnya \u00c7evre ve Kalk\u0131nma Komisyonu bu terimi bizlere duyurdu. Takvimler 1987 senesini g\u00f6sterdi\u011finde yay\u0131mlanan bir raporda \u201cOrtak Gelece\u011fimiz\u201d isimli bir proje sayesinde art\u0131k d\u00fcnyan\u0131n pek \u00e7ok noktas\u0131nda bu terim duyulmaya ba\u015fland\u0131. <strong>S\u00fcrd\u00fcr\u00fclebilirlik projesi<\/strong> sayesinde bizden sonraki nesillerin huzurlu ve sa\u011fl\u0131kl\u0131 ya\u015famas\u0131 hedefleniyor.&nbsp;<\/p><p>Komisyonun raporunda yer alan tan\u0131ma g\u00f6re s\u00fcrd\u00fcr\u00fclebilirlik \u015fu \u015fekilde a\u00e7\u0131klanmakta: \u201c\u0130nsanl\u0131k; do\u011fan\u0131n gelecek nesillerin gereksinimlerine yan\u0131t verme yetene\u011fini tehlikeye atmadan, g\u00fcnl\u00fck ihtiya\u00e7lar\u0131 temin ederek, kalk\u0131nmay\u0131 s\u00fcrd\u00fcr\u00fclebilir k\u0131lma yetene\u011fine sahiptir.\u201d\u00a0<\/p><figure class=\"wp-block-image size-full\"><img loading=\"lazy\" decoding=\"async\" width=\"800\" height=\"533\" src=\"https:\/\/www.blog.extremeoutdoor.com.tr\/wp-content\/uploads\/2023\/04\/Extreme-Outdoor20220925102559_16640907592732.jpg\" alt=\"\" class=\"wp-image-2753\" srcset=\"https:\/\/blog.extremeoutdoor.com.tr\/wp-content\/uploads\/2023\/04\/Extreme-Outdoor20220925102559_16640907592732.jpg 800w, https:\/\/blog.extremeoutdoor.com.tr\/wp-content\/uploads\/2023\/04\/Extreme-Outdoor20220925102559_16640907592732-300x200.jpg 300w, https:\/\/blog.extremeoutdoor.com.tr\/wp-content\/uploads\/2023\/04\/Extreme-Outdoor20220925102559_16640907592732-768x512.jpg 768w, https:\/\/blog.extremeoutdoor.com.tr\/wp-content\/uploads\/2023\/04\/Extreme-Outdoor20220925102559_16640907592732-370x247.jpg 370w, https:\/\/blog.extremeoutdoor.com.tr\/wp-content\/uploads\/2023\/04\/Extreme-Outdoor20220925102559_16640907592732-760x506.jpg 760w, https:\/\/blog.extremeoutdoor.com.tr\/wp-content\/uploads\/2023\/04\/Extreme-Outdoor20220925102559_16640907592732-565x376.jpg 565w, https:\/\/blog.extremeoutdoor.com.tr\/wp-content\/uploads\/2023\/04\/Extreme-Outdoor20220925102559_16640907592732-600x400.jpg 600w\" sizes=\"auto, (max-width: 800px) 100vw, 800px\" \/><\/figure><p><strong>S\u00fcrd\u00fcr\u00fclebilirlik Neden \u00d6nemli?<\/strong><\/p><p><strong>\u00c7evresel s\u00fcrd\u00fcr\u00fclebilirlik, <\/strong>hayat\u0131m\u0131zda \u00f6nemli bir yere sahip. Gelecek nesillerin de ya\u015fam alanlar\u0131n\u0131 koruma alt\u0131na almak, besinlerin ve hayati \u00f6nem ta\u015f\u0131yan maddelerin devam\u0131n\u0131 sa\u011flamak i\u00e7in bu terim s\u0131k s\u0131k hat\u0131rlanmal\u0131. Sanayinin olumsuz etkilerini azaltmak ad\u0131na s\u00fcrd\u00fcr\u00fclebilir kavram\u0131n\u0131 hayat\u0131m\u0131z\u0131n her alan\u0131nda g\u00f6rmek gerek. Do\u011fal kaynaklar\u0131n t\u00fckenmemesi i\u00e7in do\u011fal dengenin devam etmesine destek olmak i\u00e7in bu kavram\u0131n \u00f6nemi g\u00fcnden g\u00fcne duyulmaktad\u0131r.<\/p><p>Su kaynaklar\u0131n\u0131n t\u00fckenmemesi, a\u011fa\u00e7 ve ormanl\u0131k alanlar\u0131n yok olmamas\u0131, topraklar\u0131n kirlenmemesi i\u00e7in tar\u0131m ve \u00fcretim alan\u0131nda s\u00fcrd\u00fcr\u00fclebilir faaliyetler yap\u0131ld\u0131k\u00e7a g\u00fcn\u00fcm\u00fczden 50-100 sene sonras\u0131n\u0131 d\u00fc\u015f\u00fcnmek \u00e7ok da zor olmayacak. Her nesil kendinden sonraki nesili d\u00fc\u015f\u00fcnerek hareket ettik\u00e7e bu kavram art\u0131k ya\u015fam amac\u0131 olabilir.<\/p><figure class=\"wp-block-image size-full\"><img loading=\"lazy\" decoding=\"async\" width=\"800\" height=\"533\" src=\"https:\/\/www.blog.extremeoutdoor.com.tr\/wp-content\/uploads\/2023\/04\/Extreme-Outdoor20220925102644_16640908042206.jpg\" alt=\"\" class=\"wp-image-2754\" srcset=\"https:\/\/blog.extremeoutdoor.com.tr\/wp-content\/uploads\/2023\/04\/Extreme-Outdoor20220925102644_16640908042206.jpg 800w, https:\/\/blog.extremeoutdoor.com.tr\/wp-content\/uploads\/2023\/04\/Extreme-Outdoor20220925102644_16640908042206-300x200.jpg 300w, https:\/\/blog.extremeoutdoor.com.tr\/wp-content\/uploads\/2023\/04\/Extreme-Outdoor20220925102644_16640908042206-768x512.jpg 768w, https:\/\/blog.extremeoutdoor.com.tr\/wp-content\/uploads\/2023\/04\/Extreme-Outdoor20220925102644_16640908042206-370x247.jpg 370w, https:\/\/blog.extremeoutdoor.com.tr\/wp-content\/uploads\/2023\/04\/Extreme-Outdoor20220925102644_16640908042206-760x506.jpg 760w, https:\/\/blog.extremeoutdoor.com.tr\/wp-content\/uploads\/2023\/04\/Extreme-Outdoor20220925102644_16640908042206-565x376.jpg 565w, https:\/\/blog.extremeoutdoor.com.tr\/wp-content\/uploads\/2023\/04\/Extreme-Outdoor20220925102644_16640908042206-600x400.jpg 600w\" sizes=\"auto, (max-width: 800px) 100vw, 800px\" \/><\/figure><p><strong>Hangi Alanlarda S\u00fcrd\u00fcr\u00fclebilirlik Uygulanabilir?<\/strong><\/p><p><strong>S\u00fcrd\u00fcr\u00fclebilirlik \u00f6rnekleri <\/strong>akl\u0131m\u0131za gelen pek \u00e7ok alanda kar\u015f\u0131m\u0131za \u00e7\u0131k\u0131yor. Moda, teknoloji, g\u0131da ve tar\u0131m, ula\u015f\u0131m gibi bir\u00e7ok sekt\u00f6r art\u0131k gelecek nesilleri d\u00fc\u015f\u00fcnerek hareket etmeye ba\u015flad\u0131. Bu konuya daha detayl\u0131 bir a\u00e7\u0131klama yapmam\u0131z uygun olacak.&nbsp;<\/p><p>Teknolojide s\u00fcrd\u00fcr\u00fclebilir hedefler uygulanmaktad\u0131r son y\u0131llarda. Teknolojik cihazlar, d\u00fcnya minerallerinden yap\u0131ld\u0131\u011f\u0131 i\u00e7in \u00f6zellikle de madencilik end\u00fcstrisini etkiliyor. Bu cihazlar\u0131n kullan\u0131m\u0131 ve evlerdeki miktar\u0131 dikkate al\u0131nd\u0131\u011f\u0131nda, kontrol edilemeyen bir t\u00fcketim s\u00f6z konusu.&nbsp;<\/p><p>E\u011fer teknoloji konusunda s\u00fcrd\u00fcr\u00fclebilir bir d\u00fc\u015f\u00fcnceye sahip olmak istersen; her yeni \u00e7\u0131kan telefonu almaktan vazge\u00e7ebilirsin mesela. Elindeki cihaz\u0131n \u00f6mr\u00fc bitene kadar kullanarak sen de yeni bir cihaz\u0131n \u00fcretimi i\u00e7in onlarca madenin ve malzemenin kullan\u0131lmas\u0131na engel olabilirsin. T\u00fcketim \u00e7\u0131lg\u0131nl\u0131\u011f\u0131 son buldu\u011funda, s\u00fcrd\u00fcr\u00fclebilir hayat daha da aktif olacak gibi g\u00f6r\u00fcn\u00fcyor.<\/p><p>Moda ve giyim d\u00fcnyas\u0131nda da s\u00fcrd\u00fcr\u00fclebilir faaliyetler s\u00f6z konusu. K\u0131yafetlerin \u00fcretiminde \u00f6nemli bir rol oynayan pamuk h\u0131zla b\u00fcy\u00fcr. B\u00fcy\u00fcme evresinde ise toprak kirlili\u011fine neden olur. Toksik kimyasallarla b\u00fcy\u00fcyen pamuk, modadan gelen taleplere g\u00f6re daha fazla \u00fcretilir. \u0130htiya\u00e7tan fazla \u00fcretim ise su ve toprak kirlili\u011fine sebep olacakt\u0131r. Sana verece\u011fimiz tavsiye; sentetik kimyasal kullanan firmalardan ve \u00fcr\u00fcnlerden uzak durman. \u00c7\u00fcnk\u00fc sentetik elyafl\u0131 kuma\u015flar y\u0131kanma esnas\u0131nda okyanuslara kadar zarar verecek kimyasallar\u0131 suya b\u0131rakmaktad\u0131r.<\/p><p>Ula\u015f\u0131m ve aktarmada s\u00fcrd\u00fcr\u00fclebilir d\u00fc\u015f\u00fcnceyi g\u00f6rmek istersen toplu ta\u015f\u0131ma ara\u00e7lar\u0131na destek verebilirsin. \u00d6zellikle de \u00e7evresel s\u00fcrd\u00fcr\u00fclebilire destek olmak i\u00e7in bisiklet kullanarak gidece\u011fin yere ula\u015fabilirsin. Hatta k\u0131sa mesafelerde y\u00fcr\u00fcyerek hem oksijen d\u00f6ng\u00fcs\u00fcn\u00fc korursun hemde bedenini. Ara\u00e7lardan \u00e7\u0131kan gazlar nedeniyle hava kirlili\u011fi olu\u015ftu\u011fu i\u00e7in bu konuda hassas olmas\u0131 gereken bireylerin say\u0131s\u0131 g\u00fcnden g\u00fcne artmal\u0131.<\/p><p>Evde s\u00fcrd\u00fcr\u00fclebilir \u00fcr\u00fcnler de olduk\u00e7a kullan\u0131\u015fl\u0131 ve faydal\u0131 hale gelmeye ba\u015flad\u0131. At\u0131klar\u0131n azalmas\u0131na yard\u0131m etmek, gelecek nesillere daha iyi bir ya\u015fam alan\u0131 b\u0131rakmak ad\u0131na baz\u0131 al\u0131\u015fkanl\u0131klardan vazge\u00e7ilmi\u015f durumda. \u00d6zellikle de t\u00fcrkiye\u2019de plastik po\u015fetlerin \u00fccretli olmas\u0131 milyonlarca ki\u015fiyi tek bir \u00e7anta kullan\u0131m\u0131na y\u00f6neltti.&nbsp;<\/p><p>Bu sayede plastik po\u015fet \u00fcretimi ve kullan\u0131m\u0131 dikkat \u00e7ekici \u015fekilde azald\u0131. Bu po\u015fetlerin yerini geri d\u00f6n\u00fc\u015f\u00fcm \u00e7antalar\u0131 ve uzun \u00f6m\u00fcrl\u00fc bez \u00e7antalar ald\u0131. Hatta eli diki\u015f tutan herkes eski k\u0131yafetlerinden al\u0131\u015fveri\u015f \u00e7antas\u0131 yapmaya ba\u015flad\u0131. \u0130\u015fte s\u00fcrd\u00fcr\u00fclebilir ya\u015fam\u0131n en iyi \u00f6rneklerinden biri!<\/p><p>\u00c7al\u0131\u015fma hayat\u0131nda da s\u00fcrd\u00fcr\u00fclebilir projeler uygulan\u0131yor. \u00d6zellikle de ofis ortam\u0131nda kullan\u0131lan bardak, \u00e7atal, su \u015fi\u015fesi gibi \u00fcr\u00fcnleri herkes kendi evinden getirdi\u011finde plastik ya da ka\u011f\u0131t \u00fcr\u00fcnlerin kullan\u0131m miktar\u0131 epeyce azal\u0131yor. Evimizden i\u015fimize kadar kendini hat\u0131rlatan s\u00fcrd\u00fcr\u00fclebilir \u00f6rnekler bizlerin ve gelecek nesillerin en iyi ortamda ya\u015famas\u0131n\u0131 hedefliyor.<\/p><p>Dijital alanda da s\u00fcrd\u00fcr\u00fclebilirlik m\u00fcmk\u00fcn. \u00d6zellikle de online i\u015flemler sayesinde <strong>dijital s\u00fcrd\u00fcr\u00fclebilirlik<\/strong> h\u0131zla uygulan\u0131yor.&nbsp; Pandemiden \u00f6nce hayat\u0131m\u0131za giren online i\u015flemler pandemiden sonra daha da h\u0131zland\u0131. Pek \u00e7ok ma\u011faza ve i\u015fyeri ofisini kapatarak sanal ortamdan sat\u0131\u015falr\u0131n\u0131 yapmaya ba\u015flad\u0131. Bu sistem sayesinde ofis ve ma\u011fazalarda enerji harcamalar\u0131 azald\u0131\u011f\u0131 gibi su ve \u0131\u015f\u0131k harcamalar\u0131 da kesildi. Homeoffice kavram\u0131, dijital s\u00fcrd\u00fcr\u00fclebilirlik sayesinde pek \u00e7ok alanda kendinden s\u00f6z etmeye ba\u015flad\u0131.<\/p><p>Bu d\u00f6ng\u00fc i\u00e7inde insanlar art\u0131k ma\u011faza ma\u011faza gezmek yerine mobil cihazlar \u00fczerinden istedi\u011fi \u00fcr\u00fcnleri birka\u00e7 i\u015flem sayesinde kolayca kap\u0131s\u0131na kadar sipari\u015f verebiliyor. e\u00e7anta da dijital s\u00fcrd\u00fcr\u00fclebilirlik i\u00e7in elinden geleni yaparak be\u011fendi\u011fin \u00e7anta, ayakkab\u0131, aksesuar ve giyim \u00fcr\u00fcnlerini online hizmet sayesinde sana ula\u015ft\u0131r\u0131yor!<\/p><figure class=\"wp-block-image size-full\"><img loading=\"lazy\" decoding=\"async\" width=\"800\" height=\"533\" src=\"https:\/\/www.blog.extremeoutdoor.com.tr\/wp-content\/uploads\/2023\/04\/Extreme-Outdoor20220925102716_16640908363871.jpg\" alt=\"\" class=\"wp-image-2755\" srcset=\"https:\/\/blog.extremeoutdoor.com.tr\/wp-content\/uploads\/2023\/04\/Extreme-Outdoor20220925102716_16640908363871.jpg 800w, https:\/\/blog.extremeoutdoor.com.tr\/wp-content\/uploads\/2023\/04\/Extreme-Outdoor20220925102716_16640908363871-300x200.jpg 300w, https:\/\/blog.extremeoutdoor.com.tr\/wp-content\/uploads\/2023\/04\/Extreme-Outdoor20220925102716_16640908363871-768x512.jpg 768w, https:\/\/blog.extremeoutdoor.com.tr\/wp-content\/uploads\/2023\/04\/Extreme-Outdoor20220925102716_16640908363871-370x247.jpg 370w, https:\/\/blog.extremeoutdoor.com.tr\/wp-content\/uploads\/2023\/04\/Extreme-Outdoor20220925102716_16640908363871-760x506.jpg 760w, https:\/\/blog.extremeoutdoor.com.tr\/wp-content\/uploads\/2023\/04\/Extreme-Outdoor20220925102716_16640908363871-565x376.jpg 565w, https:\/\/blog.extremeoutdoor.com.tr\/wp-content\/uploads\/2023\/04\/Extreme-Outdoor20220925102716_16640908363871-600x400.jpg 600w\" sizes=\"auto, (max-width: 800px) 100vw, 800px\" \/><\/figure><p><strong>S\u00fcrd\u00fcr\u00fclebilirli\u011fin \u0130lkeleri Nelerdir?<\/strong><\/p><p>Sen de \u00e7evrendeki duyarl\u0131 ki\u015filer gibi s\u00fcrd\u00fcr\u00fclebilir d\u00fcnya i\u00e7in bir ad\u0131m atmak istersen \u015fu kurallar\u0131 her sabah hat\u0131rlayabilirsin. Bu kurallar ayn\u0131 zamanda <strong>s\u00fcrd\u00fcr\u00fclebilirlik i\u00e7in neler yap\u0131labilir<\/strong> sorusuna da yan\u0131t veriyor:<\/p><ul class=\"wp-block-list\"><li>Geri d\u00f6n\u00fc\u015f\u00fcm \u00fcr\u00fcn\u00fc olan e\u015fyalar\u0131 kullanabilirsin.<\/li>\n\n<li>At\u0131klar\u0131 azaltarak evde farkl\u0131 ama\u00e7larla kullanabilirsin. Mesela sal\u00e7a i\u00e7in ald\u0131\u011f\u0131n cam kavanozu sonras\u0131nda vazo, tak\u0131 kutusu, bakliyat kutusu olarak kullanabilirsin.<\/li>\n\n<li>\u0130htiyac\u0131n kadar\u0131n\u0131 sat\u0131n ald\u0131\u011f\u0131nda 1 tane daha gereksiz bir \u00fcretime sebep olmayabilirsin. 10 paket makarna almak yerine o ay ne kadar kullanacaksan ihtiyac\u0131n olan\u0131 alabilirsin.<\/li>\n\n<li>T\u00fcketirken di\u011fer canl\u0131lar\u0131 da d\u00fc\u015f\u00fcnerek hareket edebilirsin. Mesela; reyonda 5 ekmek varsa ve s\u0131rada senden sonra alacak ki\u015filer varsa o g\u00fcn ihtiyac\u0131n olan ekmek say\u0131s\u0131n\u0131 alabilirsin. B\u00f6ylece yeni bir ekmek yap\u0131m\u0131 i\u00e7in su, elektrik, \u00fcretim harcamalar\u0131n\u0131n azalmas\u0131na yard\u0131m edebilirsin.<\/li>\n\n<li>Evinde enerjileri tasarruflu \u015fekilde kullanabilirsin. Kullanmad\u0131\u011f\u0131n \u0131\u015f\u0131klar\u0131 kapatarak, bula\u015f\u0131klar\u0131 makinede y\u0131kayarak, haftan\u0131n belirli g\u00fcnlerinde \u00e7ama\u015f\u0131r g\u00fcnleri yaparak enerji harcamalar\u0131n\u0131 kontrol edebilirsin. Unutma, bug\u00fcn olan su yar\u0131n olmayabilir!<\/li><\/ul><figure class=\"wp-block-image size-full\"><img loading=\"lazy\" decoding=\"async\" width=\"800\" height=\"533\" src=\"https:\/\/www.blog.extremeoutdoor.com.tr\/wp-content\/uploads\/2023\/04\/Extreme-Outdoor20220925102738_16640908584219.jpg\" alt=\"\" class=\"wp-image-2756\" srcset=\"https:\/\/blog.extremeoutdoor.com.tr\/wp-content\/uploads\/2023\/04\/Extreme-Outdoor20220925102738_16640908584219.jpg 800w, https:\/\/blog.extremeoutdoor.com.tr\/wp-content\/uploads\/2023\/04\/Extreme-Outdoor20220925102738_16640908584219-300x200.jpg 300w, https:\/\/blog.extremeoutdoor.com.tr\/wp-content\/uploads\/2023\/04\/Extreme-Outdoor20220925102738_16640908584219-768x512.jpg 768w, https:\/\/blog.extremeoutdoor.com.tr\/wp-content\/uploads\/2023\/04\/Extreme-Outdoor20220925102738_16640908584219-370x247.jpg 370w, https:\/\/blog.extremeoutdoor.com.tr\/wp-content\/uploads\/2023\/04\/Extreme-Outdoor20220925102738_16640908584219-760x506.jpg 760w, https:\/\/blog.extremeoutdoor.com.tr\/wp-content\/uploads\/2023\/04\/Extreme-Outdoor20220925102738_16640908584219-565x376.jpg 565w, https:\/\/blog.extremeoutdoor.com.tr\/wp-content\/uploads\/2023\/04\/Extreme-Outdoor20220925102738_16640908584219-600x400.jpg 600w\" sizes=\"auto, (max-width: 800px) 100vw, 800px\" \/><\/figure><p><strong>Markalar ve S\u00fcrd\u00fcr\u00fclebilirlik Alg\u0131s\u0131<\/strong><\/p><p>Pek \u00e7ok marka do\u011fal d\u00f6ng\u00fcy\u00fc bozmamak ad\u0131na geri d\u00f6n\u00fc\u015f\u00fcm \u00fcr\u00fcnlerini kullanmaya ba\u015flad\u0131. \u00d6zellikle de vegan ve s\u0131f\u0131r at\u0131k alg\u0131s\u0131yla \u00fcretimlerini yapan firmalar\u0131n say\u0131s\u0131 da artmaya devam ediyor. Tommy Hilfiger son zamanlarda \u00e7\u0131kard\u0131\u011f\u0131 denim \u00fcr\u00fcnlerinde haz\u0131r giyim tesislerinden toplanan pamuklu kuma\u015f art\u0131klar\u0131n\u0131 kulland\u0131\u011f\u0131n\u0131 a\u00e7\u0131klad\u0131. Bu y\u00f6ntem sayesinde s\u0131f\u0131r at\u0131k uygulan\u0131yor ve yepyeni \u00fcr\u00fcnler al\u0131c\u0131s\u0131na kavu\u015fuyor.<\/p><p>D\u00fcnya genelinde <strong>markalar\u0131n s\u00fcrd\u00fcr\u00fclebilirlik projeleri<\/strong> dikkat \u00e7ekmeye devam ediyor. \u00c7anta ve ayakkab\u0131 alan\u0131nda do\u011faya zarar vermeyen malzemelerin kullan\u0131lmas\u0131 bu projenin birer par\u00e7as\u0131. E\u011fer sen de bu projede yer almak istersen kullanaca\u011f\u0131n \u00fcr\u00fcn\u00fcn \u00fcretim hikayesini ve i\u00e7eri\u011fini iyi \u015fekilde analiz edebilirsin.<\/p><figure class=\"wp-block-image size-full\"><img loading=\"lazy\" decoding=\"async\" width=\"800\" height=\"533\" src=\"https:\/\/www.blog.extremeoutdoor.com.tr\/wp-content\/uploads\/2023\/04\/Extreme-Outdoor20220925102804_16640908847991.jpg\" alt=\"\" class=\"wp-image-2757\" srcset=\"https:\/\/blog.extremeoutdoor.com.tr\/wp-content\/uploads\/2023\/04\/Extreme-Outdoor20220925102804_16640908847991.jpg 800w, https:\/\/blog.extremeoutdoor.com.tr\/wp-content\/uploads\/2023\/04\/Extreme-Outdoor20220925102804_16640908847991-300x200.jpg 300w, https:\/\/blog.extremeoutdoor.com.tr\/wp-content\/uploads\/2023\/04\/Extreme-Outdoor20220925102804_16640908847991-768x512.jpg 768w, https:\/\/blog.extremeoutdoor.com.tr\/wp-content\/uploads\/2023\/04\/Extreme-Outdoor20220925102804_16640908847991-370x247.jpg 370w, https:\/\/blog.extremeoutdoor.com.tr\/wp-content\/uploads\/2023\/04\/Extreme-Outdoor20220925102804_16640908847991-760x506.jpg 760w, https:\/\/blog.extremeoutdoor.com.tr\/wp-content\/uploads\/2023\/04\/Extreme-Outdoor20220925102804_16640908847991-565x376.jpg 565w, https:\/\/blog.extremeoutdoor.com.tr\/wp-content\/uploads\/2023\/04\/Extreme-Outdoor20220925102804_16640908847991-600x400.jpg 600w\" sizes=\"auto, (max-width: 800px) 100vw, 800px\" \/><\/figure><p><strong>S\u00fcrd\u00fcr\u00fclebilir D\u00fcnya \u0130\u00e7in Tavsiyeler<\/strong><\/p><p>Bug\u00fcn\u00fc kurtarmak ve yar\u0131na daha emin ad\u0131mlarla ilerlemek i\u00e7in herkesin <strong>s\u00fcrd\u00fcr\u00fclebilir d\u00fcnya nedir<\/strong> sorusunun yan\u0131t\u0131yla tan\u0131\u015fmas\u0131 gerekiyor. Bu konuda gerekli bilgileri verelim. S\u00fcrd\u00fcr\u00fclebilir d\u00fcnya demek; ekolojik d\u00f6ng\u00fcn\u00fcn olmas\u0131 gerekti\u011fi gibi i\u015flemesidir. Canl\u0131lar\u0131n ya\u015fam alan\u0131na sayg\u0131 duymak, insan sa\u011fl\u0131\u011f\u0131 ve g\u00fcvenli\u011fini korumak, do\u011fal kaynaklara sahip \u00e7\u0131kmak bu sorunun yan\u0131tlar\u0131 i\u00e7indedir. \u0130nsanlarla canl\u0131lar aras\u0131nda kurulan ba\u011f ve ileti\u015fim, ekolojik d\u00f6ng\u00fcn\u00fcn devam etmesi i\u00e7in asla kesilmemelidir. Do\u011faya zarar vermeden ya\u015fayan insanlar sayesinde canl\u0131larda bulundu\u011fu alanlara sahip \u00e7\u0131karak daha iyi ya\u015fanabilir bir d\u00fcnya sunar.\u00a0<\/p><figure class=\"wp-block-image size-full\"><img loading=\"lazy\" decoding=\"async\" width=\"800\" height=\"533\" src=\"https:\/\/www.blog.extremeoutdoor.com.tr\/wp-content\/uploads\/2023\/04\/Extreme-Outdoor20220925102832_16640909125042.jpg\" alt=\"\" class=\"wp-image-2758\" srcset=\"https:\/\/blog.extremeoutdoor.com.tr\/wp-content\/uploads\/2023\/04\/Extreme-Outdoor20220925102832_16640909125042.jpg 800w, https:\/\/blog.extremeoutdoor.com.tr\/wp-content\/uploads\/2023\/04\/Extreme-Outdoor20220925102832_16640909125042-300x200.jpg 300w, https:\/\/blog.extremeoutdoor.com.tr\/wp-content\/uploads\/2023\/04\/Extreme-Outdoor20220925102832_16640909125042-768x512.jpg 768w, https:\/\/blog.extremeoutdoor.com.tr\/wp-content\/uploads\/2023\/04\/Extreme-Outdoor20220925102832_16640909125042-370x247.jpg 370w, https:\/\/blog.extremeoutdoor.com.tr\/wp-content\/uploads\/2023\/04\/Extreme-Outdoor20220925102832_16640909125042-760x506.jpg 760w, https:\/\/blog.extremeoutdoor.com.tr\/wp-content\/uploads\/2023\/04\/Extreme-Outdoor20220925102832_16640909125042-565x376.jpg 565w, https:\/\/blog.extremeoutdoor.com.tr\/wp-content\/uploads\/2023\/04\/Extreme-Outdoor20220925102832_16640909125042-600x400.jpg 600w\" sizes=\"auto, (max-width: 800px) 100vw, 800px\" \/><\/figure><p><strong>S\u00fcrd\u00fcr\u00fclebilir B\u00fcy\u00fcme Hakk\u0131nda&nbsp;<\/strong><\/p><p>Asl\u0131nda bu kavram, her alan i\u00e7in farkl\u0131 anlamlar ta\u015f\u0131r. Ekonomide, sanayide, sa\u011fl\u0131k ve i\u015f ortam\u0131 i\u00e7in birbirinden farkl\u0131 yan\u0131tlar verilmektedir. Ancak genel olarak bir yan\u0131t vermek gerekirse s\u00fcrd\u00fcr\u00fclebilir b\u00fcy\u00fcme nedir sorusuna \u015f\u00f6yle bir yan\u0131t vermek daha do\u011fru olur:<\/p><ul class=\"wp-block-list\"><li>Elde var olan kaynaklar\u0131n verimli \u015fekilde kullan\u0131lmas\u0131 sayesinde, yap\u0131lan i\u015ften en iyi sonu\u00e7 al\u0131n\u0131r. Az masrafla,kaliteli malzemeyle y\u00fcksek verim almak s\u00fcrd\u00fcr\u00fclebilir b\u00fcy\u00fcmeyi a\u00e7\u0131klayabilir.<\/li>\n\n<li>Ekonomik alanda da bu terim \u00e7ok s\u0131k kullan\u0131l\u0131r. Makroekonomik y\u00f6nden incelendi\u011finde; bir \u00fclkenin uzun s\u00fcreler boyunca kaynaklar\u0131n\u0131 verimli \u015fekilde kullanarak ekonomik a\u00e7\u0131dan b\u00fcy\u00fcmesi anlam\u0131na gelmektedir.&nbsp;<\/li>\n\n<li>Potansiyel gayri safi yurti\u00e7i has\u0131la (GSYH) art\u0131\u015f\u0131n\u0131 yakalamas\u0131 i\u00e7in kaynaklar\u0131n etkin kullan\u0131lmas\u0131n\u0131 ifade eden bir terim olarak s\u0131k s\u0131k kullan\u0131l\u0131r.<\/li><\/ul><figure class=\"wp-block-image size-full\"><img loading=\"lazy\" decoding=\"async\" width=\"800\" height=\"533\" src=\"https:\/\/www.blog.extremeoutdoor.com.tr\/wp-content\/uploads\/2023\/04\/Extreme-Outdoor20220925102851_16640909316959.jpg\" alt=\"\" class=\"wp-image-2759\" srcset=\"https:\/\/blog.extremeoutdoor.com.tr\/wp-content\/uploads\/2023\/04\/Extreme-Outdoor20220925102851_16640909316959.jpg 800w, https:\/\/blog.extremeoutdoor.com.tr\/wp-content\/uploads\/2023\/04\/Extreme-Outdoor20220925102851_16640909316959-300x200.jpg 300w, https:\/\/blog.extremeoutdoor.com.tr\/wp-content\/uploads\/2023\/04\/Extreme-Outdoor20220925102851_16640909316959-768x512.jpg 768w, https:\/\/blog.extremeoutdoor.com.tr\/wp-content\/uploads\/2023\/04\/Extreme-Outdoor20220925102851_16640909316959-370x247.jpg 370w, https:\/\/blog.extremeoutdoor.com.tr\/wp-content\/uploads\/2023\/04\/Extreme-Outdoor20220925102851_16640909316959-760x506.jpg 760w, https:\/\/blog.extremeoutdoor.com.tr\/wp-content\/uploads\/2023\/04\/Extreme-Outdoor20220925102851_16640909316959-565x376.jpg 565w, https:\/\/blog.extremeoutdoor.com.tr\/wp-content\/uploads\/2023\/04\/Extreme-Outdoor20220925102851_16640909316959-600x400.jpg 600w\" sizes=\"auto, (max-width: 800px) 100vw, 800px\" \/><\/figure><p><strong>S\u00fcrd\u00fcr\u00fclebilirlik Kavramlar\u0131 Nelerdir?<\/strong><\/p><p>S\u00fcrd\u00fcr\u00fclebilirli\u011fin 3 temel kavram \u00e7evresinde geli\u015fti\u011fini ifade etmek gerekir. \u00c7evre koruma &#8211; ekonomik b\u00fcy\u00fcme &#8211; sosyal geli\u015fim kavramlar\u0131 ile \u015fekillenen s\u00fcrd\u00fcr\u00fclebilirlik bu 3 kavramla bir b\u00fct\u00fcn halindedir. Hepsi dengeli halde birbirini tamamlad\u0131\u011f\u0131nda, d\u00fcnya daha iyi ya\u015fanabilir hale gelir.<\/p>\n\n<div class=\"kk-star-ratings kksr-auto kksr-align-right kksr-valign-bottom\"\n    data-payload='{&quot;align&quot;:&quot;right&quot;,&quot;id&quot;:&quot;2750&quot;,&quot;slug&quot;:&quot;default&quot;,&quot;valign&quot;:&quot;bottom&quot;,&quot;ignore&quot;:&quot;&quot;,&quot;reference&quot;:&quot;auto&quot;,&quot;class&quot;:&quot;&quot;,&quot;count&quot;:&quot;0&quot;,&quot;legendonly&quot;:&quot;&quot;,&quot;readonly&quot;:&quot;&quot;,&quot;score&quot;:&quot;0&quot;,&quot;starsonly&quot;:&quot;&quot;,&quot;best&quot;:&quot;5&quot;,&quot;gap&quot;:&quot;5&quot;,&quot;greet&quot;:&quot;Oylama Yap&quot;,&quot;legend&quot;:&quot;0\\\/5 - (0 votes)&quot;,&quot;size&quot;:&quot;24&quot;,&quot;title&quot;:&quot;S\u00fcrd\u00fcr\u00fclebilirlik Nedir?&quot;,&quot;width&quot;:&quot;0&quot;,&quot;_legend&quot;:&quot;{score}\\\/{best} - ({count} {votes})&quot;,&quot;font_factor&quot;:&quot;1.25&quot;}'>\n            \n<div class=\"kksr-stars\">\n    \n<div class=\"kksr-stars-inactive\">\n            <div class=\"kksr-star\" data-star=\"1\" style=\"padding-right: 5px\">\n            \n\n<div class=\"kksr-icon\" style=\"width: 24px; height: 24px;\"><\/div>\n        <\/div>\n            <div class=\"kksr-star\" data-star=\"2\" style=\"padding-right: 5px\">\n            \n\n<div class=\"kksr-icon\" style=\"width: 24px; height: 24px;\"><\/div>\n        <\/div>\n            <div class=\"kksr-star\" data-star=\"3\" style=\"padding-right: 5px\">\n            \n\n<div class=\"kksr-icon\" style=\"width: 24px; height: 24px;\"><\/div>\n        <\/div>\n            <div class=\"kksr-star\" data-star=\"4\" style=\"padding-right: 5px\">\n            \n\n<div class=\"kksr-icon\" style=\"width: 24px; height: 24px;\"><\/div>\n        <\/div>\n            <div class=\"kksr-star\" data-star=\"5\" style=\"padding-right: 5px\">\n            \n\n<div class=\"kksr-icon\" style=\"width: 24px; height: 24px;\"><\/div>\n        <\/div>\n    <\/div>\n    \n<div class=\"kksr-stars-active\" style=\"width: 0px;\">\n            <div class=\"kksr-star\" style=\"padding-right: 5px\">\n            \n\n<div class=\"kksr-icon\" style=\"width: 24px; height: 24px;\"><\/div>\n        <\/div>\n            <div class=\"kksr-star\" style=\"padding-right: 5px\">\n            \n\n<div class=\"kksr-icon\" style=\"width: 24px; height: 24px;\"><\/div>\n        <\/div>\n            <div class=\"kksr-star\" style=\"padding-right: 5px\">\n            \n\n<div class=\"kksr-icon\" style=\"width: 24px; height: 24px;\"><\/div>\n        <\/div>\n            <div class=\"kksr-star\" style=\"padding-right: 5px\">\n            \n\n<div class=\"kksr-icon\" style=\"width: 24px; height: 24px;\"><\/div>\n        <\/div>\n            <div class=\"kksr-star\" style=\"padding-right: 5px\">\n            \n\n<div class=\"kksr-icon\" style=\"width: 24px; height: 24px;\"><\/div>\n        <\/div>\n    <\/div>\n<\/div>\n                \n\n<div class=\"kksr-legend\" style=\"font-size: 19.2px;\">\n            <span class=\"kksr-muted\">Oylama Yap<\/span>\n    <\/div>\n    <\/div>\n","protected":false},"excerpt":{"rendered":"<p>\u0130nsan ya\u015fam\u0131 hem tar\u0131m hem de \u00fcretim d\u00f6ng\u00fcs\u00fc i\u00e7inde devam etmektedir. \u00c7al\u0131\u015fma ve hayatta kalma m\u00fccadelesi, insanlar\u0131n daha \u00fcretken olmas\u0131n\u0131&hellip;<\/p>\n","protected":false},"author":990005,"featured_media":2760,"comment_status":"open","ping_status":"open","sticky":false,"template":"","format":"standard","meta":{"footnotes":""},"categories":[398,16],"tags":[],"class_list":["post-2750","post","type-post","status-publish","format-standard","has-post-thumbnail","hentry","category-haber","category-teknoloji"],"_links":{"self":[{"href":"https:\/\/blog.extremeoutdoor.com.tr\/index.php\/wp-json\/wp\/v2\/posts\/2750","targetHints":{"allow":["GET"]}}],"collection":[{"href":"https:\/\/blog.extremeoutdoor.com.tr\/index.php\/wp-json\/wp\/v2\/posts"}],"about":[{"href":"https:\/\/blog.extremeoutdoor.com.tr\/index.php\/wp-json\/wp\/v2\/types\/post"}],"author":[{"embeddable":true,"href":"https:\/\/blog.extremeoutdoor.com.tr\/index.php\/wp-json\/wp\/v2\/users\/990005"}],"replies":[{"embeddable":true,"href":"https:\/\/blog.extremeoutdoor.com.tr\/index.php\/wp-json\/wp\/v2\/comments?post=2750"}],"version-history":[{"count":1,"href":"https:\/\/blog.extremeoutdoor.com.tr\/index.php\/wp-json\/wp\/v2\/posts\/2750\/revisions"}],"predecessor-version":[{"id":2761,"href":"https:\/\/blog.extremeoutdoor.com.tr\/index.php\/wp-json\/wp\/v2\/posts\/2750\/revisions\/2761"}],"wp:featuredmedia":[{"embeddable":true,"href":"https:\/\/blog.extremeoutdoor.com.tr\/index.php\/wp-json\/wp\/v2\/media\/2760"}],"wp:attachment":[{"href":"https:\/\/blog.extremeoutdoor.com.tr\/index.php\/wp-json\/wp\/v2\/media?parent=2750"}],"wp:term":[{"taxonomy":"category","embeddable":true,"href":"https:\/\/blog.extremeoutdoor.com.tr\/index.php\/wp-json\/wp\/v2\/categories?post=2750"},{"taxonomy":"post_tag","embeddable":true,"href":"https:\/\/blog.extremeoutdoor.com.tr\/index.php\/wp-json\/wp\/v2\/tags?post=2750"}],"curies":[{"name":"wp","href":"https:\/\/api.w.org\/{rel}","templated":true}]}}