{"id":2814,"date":"2023-04-08T09:36:50","date_gmt":"2023-04-08T06:36:50","guid":{"rendered":"https:\/\/www.blog.extremeoutdoor.com.tr\/?p=2814"},"modified":"2023-04-08T09:36:51","modified_gmt":"2023-04-08T06:36:51","slug":"birkenstock-manolo-blahnik","status":"publish","type":"post","link":"https:\/\/blog.extremeoutdoor.com.tr\/index.php\/2023\/04\/08\/birkenstock-manolo-blahnik\/","title":{"rendered":"Birkenstock &#038; Manolo Blahnik"},"content":{"rendered":"<p>L\u00fcks ayakkab\u0131 markas\u0131 Manolo Blahnik, konformist ve ikonik Alman markas\u0131\u00a0Birkenstock\u00a0ile bir kaps\u00fcl koleksiyon alt\u0131nda i\u015fbirli\u011fi yap\u0131yor. \u0130lk koleksiyonda kadife fu\u015fya ve mavi ile haz\u0131rlanm\u0131\u015f Birkenstock Arizona ve Boston sandaletlerin tokalar\u0131nda Manolo klasi\u011fi kristal ta\u015fl\u0131 s\u00fcslemeler yer al\u0131yor. Manolo Blahnik i\u015fbirli\u011fi hakk\u0131nda \u015fu s\u00f6zleri s\u00f6yledi: \u201cBirkenstock kuruldu\u011fu ilk g\u00fcnlerden bu yana hep gardrobumun bir par\u00e7as\u0131yd\u0131 ve y\u0131llarca severek giydim. Manolo Blahnik esteti\u011fini Birkenstock&#8217;un g\u00fcnl\u00fck konforuyla birle\u015ftirmek tek kelimeyle harika!<\/p><p>24 Mart\u2019ta sat\u0131\u015fa \u00e7\u0131kacak koleksiyon moda severler taraf\u0131ndan b\u00fcy\u00fck bir heyecanla bekleniyor. Birkenstock CEO&#8217;su Oliver Reicher i\u015fbirli\u011fi hakk\u0131nda \u015funlar\u0131 ekledi: \u201cRakipsiz i\u015f\u00e7ili\u011fi uzun s\u00fcredir ayakkab\u0131 yap\u0131m\u0131nda \u00e7\u0131tay\u0131 belirleyen Manolo Blahnik ile i\u015fbirli\u011fi yapmaktan mutluluk duyuyoruz. Bu koleksiyon, her iki marka i\u00e7inde i\u015fbirli\u011fi anlay\u0131\u015f\u0131n\u0131 yeni bir d\u00fczeye ta\u015f\u0131yan, cesur ve \u00e7ok y\u00f6nl\u00fc bir esteti\u011fi kucaklayan ve tasar\u0131mlar\u0131m\u0131z\u0131 Manolo Blahnik&#8217;in zarafetiyle birle\u015ftiren bir y\u00f6nde\u201d Bu i\u015fbirli\u011fi t\u00fcm d\u00fcnyada \u00e7ok ses getirecek gibi duruyor.\u00a0<\/p>\n\n<div class=\"kk-star-ratings kksr-auto kksr-align-right kksr-valign-bottom\"\n    data-payload='{&quot;align&quot;:&quot;right&quot;,&quot;id&quot;:&quot;2814&quot;,&quot;slug&quot;:&quot;default&quot;,&quot;valign&quot;:&quot;bottom&quot;,&quot;ignore&quot;:&quot;&quot;,&quot;reference&quot;:&quot;auto&quot;,&quot;class&quot;:&quot;&quot;,&quot;count&quot;:&quot;0&quot;,&quot;legendonly&quot;:&quot;&quot;,&quot;readonly&quot;:&quot;&quot;,&quot;score&quot;:&quot;0&quot;,&quot;starsonly&quot;:&quot;&quot;,&quot;best&quot;:&quot;5&quot;,&quot;gap&quot;:&quot;5&quot;,&quot;greet&quot;:&quot;Oylama Yap&quot;,&quot;legend&quot;:&quot;0\\\/5 - (0 votes)&quot;,&quot;size&quot;:&quot;24&quot;,&quot;title&quot;:&quot;Birkenstock \\u0026amp; Manolo Blahnik&quot;,&quot;width&quot;:&quot;0&quot;,&quot;_legend&quot;:&quot;{score}\\\/{best} - ({count} {votes})&quot;,&quot;font_factor&quot;:&quot;1.25&quot;}'>\n            \n<div class=\"kksr-stars\">\n    \n<div class=\"kksr-stars-inactive\">\n            <div class=\"kksr-star\" data-star=\"1\" style=\"padding-right: 5px\">\n            \n\n<div class=\"kksr-icon\" style=\"width: 24px; height: 24px;\"><\/div>\n        <\/div>\n            <div class=\"kksr-star\" data-star=\"2\" style=\"padding-right: 5px\">\n            \n\n<div class=\"kksr-icon\" style=\"width: 24px; height: 24px;\"><\/div>\n        <\/div>\n            <div class=\"kksr-star\" data-star=\"3\" style=\"padding-right: 5px\">\n            \n\n<div class=\"kksr-icon\" style=\"width: 24px; height: 24px;\"><\/div>\n        <\/div>\n            <div class=\"kksr-star\" data-star=\"4\" style=\"padding-right: 5px\">\n            \n\n<div class=\"kksr-icon\" style=\"width: 24px; height: 24px;\"><\/div>\n        <\/div>\n            <div class=\"kksr-star\" data-star=\"5\" style=\"padding-right: 5px\">\n            \n\n<div class=\"kksr-icon\" style=\"width: 24px; height: 24px;\"><\/div>\n        <\/div>\n    <\/div>\n    \n<div class=\"kksr-stars-active\" style=\"width: 0px;\">\n            <div class=\"kksr-star\" style=\"padding-right: 5px\">\n            \n\n<div class=\"kksr-icon\" style=\"width: 24px; height: 24px;\"><\/div>\n        <\/div>\n            <div class=\"kksr-star\" style=\"padding-right: 5px\">\n            \n\n<div class=\"kksr-icon\" style=\"width: 24px; height: 24px;\"><\/div>\n        <\/div>\n            <div class=\"kksr-star\" style=\"padding-right: 5px\">\n            \n\n<div class=\"kksr-icon\" style=\"width: 24px; height: 24px;\"><\/div>\n        <\/div>\n            <div class=\"kksr-star\" style=\"padding-right: 5px\">\n            \n\n<div class=\"kksr-icon\" style=\"width: 24px; height: 24px;\"><\/div>\n        <\/div>\n            <div class=\"kksr-star\" style=\"padding-right: 5px\">\n            \n\n<div class=\"kksr-icon\" style=\"width: 24px; height: 24px;\"><\/div>\n        <\/div>\n    <\/div>\n<\/div>\n                \n\n<div class=\"kksr-legend\" style=\"font-size: 19.2px;\">\n            <span class=\"kksr-muted\">Oylama Yap<\/span>\n    <\/div>\n    <\/div>\n","protected":false},"excerpt":{"rendered":"<p>L\u00fcks ayakkab\u0131 markas\u0131 Manolo Blahnik, konformist ve ikonik Alman markas\u0131\u00a0Birkenstock\u00a0ile bir kaps\u00fcl koleksiyon alt\u0131nda i\u015fbirli\u011fi yap\u0131yor. \u0130lk koleksiyonda kadife fu\u015fya&hellip;<\/p>\n","protected":false},"author":990005,"featured_media":2815,"comment_status":"open","ping_status":"open","sticky":false,"template":"","format":"standard","meta":{"footnotes":""},"categories":[639],"tags":[],"class_list":["post-2814","post","type-post","status-publish","format-standard","has-post-thumbnail","hentry","category-moda"],"_links":{"self":[{"href":"https:\/\/blog.extremeoutdoor.com.tr\/index.php\/wp-json\/wp\/v2\/posts\/2814","targetHints":{"allow":["GET"]}}],"collection":[{"href":"https:\/\/blog.extremeoutdoor.com.tr\/index.php\/wp-json\/wp\/v2\/posts"}],"about":[{"href":"https:\/\/blog.extremeoutdoor.com.tr\/index.php\/wp-json\/wp\/v2\/types\/post"}],"author":[{"embeddable":true,"href":"https:\/\/blog.extremeoutdoor.com.tr\/index.php\/wp-json\/wp\/v2\/users\/990005"}],"replies":[{"embeddable":true,"href":"https:\/\/blog.extremeoutdoor.com.tr\/index.php\/wp-json\/wp\/v2\/comments?post=2814"}],"version-history":[{"count":1,"href":"https:\/\/blog.extremeoutdoor.com.tr\/index.php\/wp-json\/wp\/v2\/posts\/2814\/revisions"}],"predecessor-version":[{"id":2817,"href":"https:\/\/blog.extremeoutdoor.com.tr\/index.php\/wp-json\/wp\/v2\/posts\/2814\/revisions\/2817"}],"wp:featuredmedia":[{"embeddable":true,"href":"https:\/\/blog.extremeoutdoor.com.tr\/index.php\/wp-json\/wp\/v2\/media\/2815"}],"wp:attachment":[{"href":"https:\/\/blog.extremeoutdoor.com.tr\/index.php\/wp-json\/wp\/v2\/media?parent=2814"}],"wp:term":[{"taxonomy":"category","embeddable":true,"href":"https:\/\/blog.extremeoutdoor.com.tr\/index.php\/wp-json\/wp\/v2\/categories?post=2814"},{"taxonomy":"post_tag","embeddable":true,"href":"https:\/\/blog.extremeoutdoor.com.tr\/index.php\/wp-json\/wp\/v2\/tags?post=2814"}],"curies":[{"name":"wp","href":"https:\/\/api.w.org\/{rel}","templated":true}]}}