{"id":2830,"date":"2023-04-08T10:24:31","date_gmt":"2023-04-08T07:24:31","guid":{"rendered":"https:\/\/www.blog.extremeoutdoor.com.tr\/?p=2830"},"modified":"2023-04-08T10:24:32","modified_gmt":"2023-04-08T07:24:32","slug":"termos-seciminde-en-iyi-ipuclari","status":"publish","type":"post","link":"https:\/\/blog.extremeoutdoor.com.tr\/index.php\/2023\/04\/08\/termos-seciminde-en-iyi-ipuclari\/","title":{"rendered":"Termos Se\u00e7iminde En \u0130yi \u0130pu\u00e7lar\u0131!!"},"content":{"rendered":"<p>Evde, i\u015fte, okulda, gezerken yahut sahilde. Bir tane termosum olsun bana hi\u00e7bir \u015fey olmaz diyenlerden misin sen de? E\u011fer \u00f6yleysen tam yerindesin \u015fu an. S\u0131cak ve so\u011fuk i\u00e7eceklerin m\u00fcptelas\u0131 olanlar\u0131n elinden d\u00fc\u015f\u00fcrmedi\u011fi termoslar, g\u00fcn\u00fcm\u00fczde temel ihtiya\u00e7 haline geldi. Uzun yolculuklarda, y\u00fcr\u00fcy\u00fc\u015f saatlerinde, ders \u00e7al\u0131\u015f\u0131rken ya da bah\u00e7ede keyif yaparken i\u00e7eceklerden mahrum kalmamak i\u00e7in kaliteli bir termos edinmenin zaman\u0131 geldi. Her mevsim seninle olacak termoslardan kendine g\u00f6re se\u00e7im yaparken nelere dikkat edece\u011fin biliyor musun?<\/p><p>Termos al\u0131\u015fveri\u015fi yaparken unutmaman gereken baz\u0131 \u00f6zellikler var. Sana bunlar\u0131 hat\u0131rlatmak istiyoruz. \u00c7\u00fcnk\u00fc \u00e7ay\u0131n\u0131 ya da kahveni istedi\u011fin s\u0131cakl\u0131kta i\u00e7mek senin de hakk\u0131n. Kaliteli, uzun \u00f6m\u00fcrl\u00fc, \u0131s\u0131y\u0131 koruma s\u00fcresi uzun olan termoslar nas\u0131l anla\u015f\u0131l\u0131r dedi\u011fin anda bu yaz\u0131m\u0131z akl\u0131nda yer edinecek.<\/p><p>T\u00fcrkiye\u2019nin en pop\u00fcler al\u0131\u015fveri\u015f sitelerinden biri olan Extreme Outdoor, termos al\u0131\u015fveri\u015finde de seninle. D\u00fcnyaca \u00fcnl\u00fc markalar\u0131n pop\u00fcler modellerini sana sunarken h\u0131zl\u0131 teslimat, orijinal \u00fcr\u00fcn garantisi ve \u00f6deme kolayl\u0131\u011f\u0131 sunuyor. \u015eimdi hangi termosu alaca\u011f\u0131na, bu termosu nas\u0131l se\u00e7ece\u011fine ve termosta olmas\u0131 gereken \u00f6zelliklere de\u011finelim. Bilin\u00e7li bir termos al\u0131\u015fveri\u015fi yapmana yard\u0131m edecek bilgiler bu sat\u0131rlarda!<\/p><figure class=\"wp-block-image size-full\"><img loading=\"lazy\" decoding=\"async\" width=\"800\" height=\"516\" src=\"https:\/\/www.blog.extremeoutdoor.com.tr\/wp-content\/uploads\/2023\/04\/Extreme-Outdoortermos-secimi-.jpg\" alt=\"\" class=\"wp-image-2831\" srcset=\"https:\/\/blog.extremeoutdoor.com.tr\/wp-content\/uploads\/2023\/04\/Extreme-Outdoortermos-secimi-.jpg 800w, https:\/\/blog.extremeoutdoor.com.tr\/wp-content\/uploads\/2023\/04\/Extreme-Outdoortermos-secimi--300x194.jpg 300w, https:\/\/blog.extremeoutdoor.com.tr\/wp-content\/uploads\/2023\/04\/Extreme-Outdoortermos-secimi--768x495.jpg 768w, https:\/\/blog.extremeoutdoor.com.tr\/wp-content\/uploads\/2023\/04\/Extreme-Outdoortermos-secimi--370x239.jpg 370w, https:\/\/blog.extremeoutdoor.com.tr\/wp-content\/uploads\/2023\/04\/Extreme-Outdoortermos-secimi--760x490.jpg 760w, https:\/\/blog.extremeoutdoor.com.tr\/wp-content\/uploads\/2023\/04\/Extreme-Outdoortermos-secimi--565x364.jpg 565w, https:\/\/blog.extremeoutdoor.com.tr\/wp-content\/uploads\/2023\/04\/Extreme-Outdoortermos-secimi--600x387.jpg 600w\" sizes=\"auto, (max-width: 800px) 100vw, 800px\" \/><\/figure><p><strong>Hangi Termos Ne Zaman Kullan\u0131l\u0131r?<\/strong><\/p><p>Piyasada bir\u00e7ok termos modeli var. En iyileri de e\u00e7antan\u0131n stoklar\u0131nda seni bekliyor. Herkese&nbsp; ve her zevkle hitap eden modeller aras\u0131ndan kendin i\u00e7in bir termos se\u00e7erek sen de s\u0131cak ve so\u011fuk i\u00e7eceklerin keyfini alabilirsin. Peki, onca model termos her ortamda kullan\u0131l\u0131r m\u0131? \u015e\u00f6yle bir analiz yapal\u0131m:<\/p><ul class=\"wp-block-list\"><li>Odanda ders \u00e7al\u0131\u015f\u0131rken bardak termoslar\u0131 kullanabilirsin. Hafif ve minimal olduklar\u0131 i\u00e7in ders esnas\u0131nda g\u00f6zlerini yormaz.<\/li>\n\n<li>Uzun yolculuklarda ara\u00e7 i\u00e7inde i\u00e7ecek haz\u0131rlamak istedi\u011finde hacmi fazla olan b\u00fcy\u00fck termoslar\u0131 alabilirsin.&nbsp;<\/li>\n\n<li>Yemeklerini, bebek yemeklerini yan\u0131nda ta\u015f\u0131mak i\u00e7in kapakl\u0131 yemek termoslar\u0131n\u0131 kullanabilirsin.<\/li>\n\n<li>Baz\u0131 modeller sadece so\u011fuk suyu ya da sadece s\u0131cak suyu koruma \u00f6zelli\u011fine sahiptir. Bu modellere g\u00f6re i\u00e7eceklerini belirleyebilirsin.<\/li>\n\n<li>Piknik bulu\u015fmalar\u0131 i\u00e7in \u00e7ay yahut s\u0131cak su almak istersen ortalama 2 litre kapasitesi olan kapakl\u0131 termoslar akl\u0131nda bulunabilir.<\/li><\/ul><p><strong>Termosta Olmas\u0131 Gereken \u00d6zellikler Nelerdir?<\/strong><\/p><p>Kaliteli bir termosta mutlaka bulunmas\u0131 gereken \u00f6zellikler vard\u0131r. Bu \u00f6zellikleri sana liste halinde hat\u0131rlatal\u0131m:<\/p><ul class=\"wp-block-list\"><li>Darbelere kar\u015f\u0131 dayan\u0131kl\u0131 olmas\u0131 i\u00e7in \u00e7ift duvar yal\u0131t\u0131ml\u0131 bir termos al\u0131nmal\u0131d\u0131r.<\/li>\n\n<li>\u0130\u00e7 haznenin paslanmaz \u00e7elikten \u00fcretilmesi \u00f6nemli bir kriterdir. Paslanmaz \u00e7elik senelerce kullan\u0131m imkan\u0131 tan\u0131r.<\/li>\n\n<li>BPA i\u00e7ermez ifadesi yer alan termoslar\u0131 g\u00f6z\u00fcn kapal\u0131 alabilirsin. S\u0131cak suyun temas etti\u011fi termoslarda sa\u011fl\u0131\u011fa zararl\u0131 herhangi bir durum s\u00f6z konusu olmaz.<\/li>\n\n<li>Kapaklar\u0131n\u0131 s\u0131zd\u0131rmaz olmas\u0131 gerekiyor. \u00c7antanda ya da ara\u00e7ta termos kullan\u0131rken kaynar suyun s\u0131zmas\u0131 riskli durumlara neden olabilir.<\/li>\n\n<li>Kolay ta\u015f\u0131ma imkan\u0131 olan, m\u00fcmk\u00fcnse ta\u015f\u0131ma ask\u0131s\u0131 ya da saplar\u0131 olan modeller bir ad\u0131m daha \u00f6ndedir.&nbsp;<\/li>\n\n<li>T\u00fcm bu kriterleri termos al\u0131\u015fveri\u015fi yaparken hat\u0131rlarsan, bilin\u00e7li bir se\u00e7im yapabilirsin.<\/li><\/ul><figure class=\"wp-block-image size-full\"><img loading=\"lazy\" decoding=\"async\" width=\"800\" height=\"534\" src=\"https:\/\/www.blog.extremeoutdoor.com.tr\/wp-content\/uploads\/2023\/04\/Extreme-Outdoorarunas-naujokas-2Pb0u1iVxGk-unsplash.jpg\" alt=\"\" class=\"wp-image-2832\" srcset=\"https:\/\/blog.extremeoutdoor.com.tr\/wp-content\/uploads\/2023\/04\/Extreme-Outdoorarunas-naujokas-2Pb0u1iVxGk-unsplash.jpg 800w, https:\/\/blog.extremeoutdoor.com.tr\/wp-content\/uploads\/2023\/04\/Extreme-Outdoorarunas-naujokas-2Pb0u1iVxGk-unsplash-300x200.jpg 300w, https:\/\/blog.extremeoutdoor.com.tr\/wp-content\/uploads\/2023\/04\/Extreme-Outdoorarunas-naujokas-2Pb0u1iVxGk-unsplash-768x513.jpg 768w, https:\/\/blog.extremeoutdoor.com.tr\/wp-content\/uploads\/2023\/04\/Extreme-Outdoorarunas-naujokas-2Pb0u1iVxGk-unsplash-370x247.jpg 370w, https:\/\/blog.extremeoutdoor.com.tr\/wp-content\/uploads\/2023\/04\/Extreme-Outdoorarunas-naujokas-2Pb0u1iVxGk-unsplash-760x507.jpg 760w, https:\/\/blog.extremeoutdoor.com.tr\/wp-content\/uploads\/2023\/04\/Extreme-Outdoorarunas-naujokas-2Pb0u1iVxGk-unsplash-565x377.jpg 565w, https:\/\/blog.extremeoutdoor.com.tr\/wp-content\/uploads\/2023\/04\/Extreme-Outdoorarunas-naujokas-2Pb0u1iVxGk-unsplash-600x401.jpg 600w\" sizes=\"auto, (max-width: 800px) 100vw, 800px\" \/><\/figure><p><strong>Termos Ne \u0130\u00e7in Kullan\u0131l\u0131r?<\/strong><\/p><p>Termos \u00e7al\u0131\u015fanlar\u0131n, \u00f6\u011frencilerin, spora gidenlerin, yolcular\u0131n, \u015fof\u00f6rlerin en yak\u0131n arkada\u015flar\u0131ndan biridir g\u00fcn\u00fcm\u00fczde. Bir nefes alay\u0131m bir \u015feyler i\u00e7eyim diyen herkesin kendine ait termosu olmal\u0131d\u0131r. Bu \u00fcr\u00fcnler sadece s\u0131cak su i\u00e7in de\u011fil bir\u00e7ok i\u00e7ecek ve yemek i\u00e7in kullan\u0131l\u0131r. Peki genel olarak termosun kullan\u0131m amac\u0131 nedir? \u015e\u00f6yle a\u00e7\u0131klayal\u0131m:<\/p><ul class=\"wp-block-list\"><li>Demlenen \u00e7ay\u0131 ta\u015f\u0131mak art\u0131k termos sayesinde daha kolay. Evde \u00e7ay\u0131 demleyip termosa aktar\u0131p diledi\u011fin yere g\u00f6t\u00fcrebilirsin.<\/li>\n\n<li>Kahve olmadan asla diyorsan kahve tozunu termosa ekle \u00fczerine de suyu d\u00f6k ve i\u015fte kahven haz\u0131r, \u00fcstelik gidece\u011fin her yerde seninle!<\/li>\n\n<li>S\u0131cak su laz\u0131m olur yan\u0131m\u0131za alal\u0131m dedi\u011fin anlarda termosuna kaynar suyu d\u00f6k ve a\u011fz\u0131n\u0131 s\u0131k\u0131ca kapat.<\/li>\n\n<li>Anne ve babalar, bebeklerine d\u0131\u015far\u0131da mama haz\u0131rlayaca\u011f\u0131 zaman \u0131l\u0131k suya ihtiya\u00e7 duyar. Bu durumda s\u0131cak suyu ta\u015f\u0131mak i\u00e7in termos kullan\u0131l\u0131r.<\/li>\n\n<li>Spor aras\u0131nda bir \u015feyler i\u00e7eyim diyenler de sevdi\u011fi sa\u011fl\u0131kl\u0131 i\u00e7ecekleri termosta ta\u015f\u0131yabilir.<\/li>\n\n<li>Yemek termoslar\u0131 ise hem \u00e7al\u0131\u015fanlara hem de evin d\u0131\u015f\u0131nda zaman ge\u00e7irenlere kolayl\u0131k sa\u011fl\u0131yor. Yemekler daha taze ve g\u00fcvenli \u015fekilde ta\u015f\u0131n\u0131yor.<\/li><\/ul><figure class=\"wp-block-image size-full\"><img loading=\"lazy\" decoding=\"async\" width=\"800\" height=\"534\" src=\"https:\/\/www.blog.extremeoutdoor.com.tr\/wp-content\/uploads\/2023\/04\/stanley-3-1024x683-1.jpg\" alt=\"\" class=\"wp-image-2833\" srcset=\"https:\/\/blog.extremeoutdoor.com.tr\/wp-content\/uploads\/2023\/04\/stanley-3-1024x683-1.jpg 800w, https:\/\/blog.extremeoutdoor.com.tr\/wp-content\/uploads\/2023\/04\/stanley-3-1024x683-1-300x200.jpg 300w, https:\/\/blog.extremeoutdoor.com.tr\/wp-content\/uploads\/2023\/04\/stanley-3-1024x683-1-768x513.jpg 768w, https:\/\/blog.extremeoutdoor.com.tr\/wp-content\/uploads\/2023\/04\/stanley-3-1024x683-1-370x247.jpg 370w, https:\/\/blog.extremeoutdoor.com.tr\/wp-content\/uploads\/2023\/04\/stanley-3-1024x683-1-760x507.jpg 760w, https:\/\/blog.extremeoutdoor.com.tr\/wp-content\/uploads\/2023\/04\/stanley-3-1024x683-1-565x377.jpg 565w, https:\/\/blog.extremeoutdoor.com.tr\/wp-content\/uploads\/2023\/04\/stanley-3-1024x683-1-600x401.jpg 600w\" sizes=\"auto, (max-width: 800px) 100vw, 800px\" \/><\/figure><p><strong>Dayan\u0131kl\u0131, Kullan\u0131\u015fl\u0131 Termos Modelleri extremeoutdoor.com.tr\u2019da Seninle!<\/strong><\/p><p>Hangi termosu almal\u0131y\u0131m diye kafas\u0131nda soru i\u015faretleri olu\u015fanlara \u00e7ok \u00f6zel bir liste haz\u0131rlad\u0131k. Bu listedeki termos modelleri, g\u00fcn\u00fcm\u00fcz\u00fcn en pop\u00fcler ve kaliteli \u00fcr\u00fcnlerinden olu\u015fuyor. Sen de bir tane termos almak istersen i\u015fte sana sunulan kullan\u0131\u015fl\u0131, dayan\u0131kl\u0131 modeller!<\/p><p>Model : <a href=\"https:\/\/www.extremeoutdoor.com.tr\/naturehike-q-9h-paslanmaz-celik-vakumlu-termos-1250-ml-33865\" data-type=\"URL\" data-id=\"https:\/\/www.extremeoutdoor.com.tr\/naturehike-q-9h-paslanmaz-celik-vakumlu-termos-1250-ml-33865\"><strong><mark style=\"background-color:rgba(0, 0, 0, 0)\" class=\"has-inline-color has-vivid-red-color\">Naturehike Q-9H Paslanmaz \u00c7elik Vakumlu Termos 1250 ML<\/mark><\/strong><\/a><\/p><figure class=\"wp-block-image size-full is-resized\"><img decoding=\"async\" src=\"https:\/\/www.blog.extremeoutdoor.com.tr\/wp-content\/uploads\/2023\/04\/naturehike-q-9h-paslanmaz-celik-vakuml-53b3-5.jpg\" alt=\"\" class=\"wp-image-2839\" width=\"250\" srcset=\"https:\/\/blog.extremeoutdoor.com.tr\/wp-content\/uploads\/2023\/04\/naturehike-q-9h-paslanmaz-celik-vakuml-53b3-5.jpg 450w, https:\/\/blog.extremeoutdoor.com.tr\/wp-content\/uploads\/2023\/04\/naturehike-q-9h-paslanmaz-celik-vakuml-53b3-5-148x300.jpg 148w, https:\/\/blog.extremeoutdoor.com.tr\/wp-content\/uploads\/2023\/04\/naturehike-q-9h-paslanmaz-celik-vakuml-53b3-5-370x750.jpg 370w\" sizes=\"(max-width: 450px) 100vw, 450px\" \/><\/figure><p>Model : <a href=\"https:\/\/www.extremeoutdoor.com.tr\/stanley-klasik-vakumlu-paslanmaz-celik-termos-2.3-lt-37867\" data-type=\"URL\" data-id=\"https:\/\/www.extremeoutdoor.com.tr\/stanley-klasik-vakumlu-paslanmaz-celik-termos-2.3-lt-37867\"><strong><mark style=\"background-color:rgba(0, 0, 0, 0)\" class=\"has-inline-color has-vivid-red-color\">Stanley Klasik Vakumlu Paslanmaz \u00c7elik Termos 2.3 Lt<\/mark><\/strong><\/a><\/p><figure class=\"wp-block-image size-large is-resized\"><img decoding=\"async\" src=\"https:\/\/www.blog.extremeoutdoor.com.tr\/wp-content\/uploads\/2023\/04\/stanley-klasik-vakumlu-paslanmaz-celik-31fa-7-1024x398.jpg\" alt=\"\" class=\"wp-image-2840\" width=\"800\" srcset=\"https:\/\/blog.extremeoutdoor.com.tr\/wp-content\/uploads\/2023\/04\/stanley-klasik-vakumlu-paslanmaz-celik-31fa-7-1024x398.jpg 1024w, https:\/\/blog.extremeoutdoor.com.tr\/wp-content\/uploads\/2023\/04\/stanley-klasik-vakumlu-paslanmaz-celik-31fa-7-300x117.jpg 300w, https:\/\/blog.extremeoutdoor.com.tr\/wp-content\/uploads\/2023\/04\/stanley-klasik-vakumlu-paslanmaz-celik-31fa-7-768x298.jpg 768w, https:\/\/blog.extremeoutdoor.com.tr\/wp-content\/uploads\/2023\/04\/stanley-klasik-vakumlu-paslanmaz-celik-31fa-7-370x144.jpg 370w, https:\/\/blog.extremeoutdoor.com.tr\/wp-content\/uploads\/2023\/04\/stanley-klasik-vakumlu-paslanmaz-celik-31fa-7-760x295.jpg 760w, https:\/\/blog.extremeoutdoor.com.tr\/wp-content\/uploads\/2023\/04\/stanley-klasik-vakumlu-paslanmaz-celik-31fa-7-565x220.jpg 565w, https:\/\/blog.extremeoutdoor.com.tr\/wp-content\/uploads\/2023\/04\/stanley-klasik-vakumlu-paslanmaz-celik-31fa-7-600x233.jpg 600w, https:\/\/blog.extremeoutdoor.com.tr\/wp-content\/uploads\/2023\/04\/stanley-klasik-vakumlu-paslanmaz-celik-31fa-7.jpg 1320w\" sizes=\"(max-width: 1024px) 100vw, 1024px\" \/><\/figure><p>Model : <a href=\"https:\/\/www.extremeoutdoor.com.tr\/thermos-stainless-king-large-12-lt-termos-27355\" data-type=\"URL\" data-id=\"https:\/\/www.extremeoutdoor.com.tr\/thermos-stainless-king-large-12-lt-termos-27355\"><strong><mark style=\"background-color:rgba(0, 0, 0, 0)\" class=\"has-inline-color has-vivid-red-color\">Thermos Stainless King Large 1,2 Lt Termos<\/mark><\/strong><\/a><\/p><figure class=\"wp-block-image size-full is-resized\"><img decoding=\"async\" src=\"https:\/\/www.blog.extremeoutdoor.com.tr\/wp-content\/uploads\/2023\/04\/ezgif.com-gif-maker-26.jpg\" alt=\"\" class=\"wp-image-2841\" width=\"450\" srcset=\"https:\/\/blog.extremeoutdoor.com.tr\/wp-content\/uploads\/2023\/04\/ezgif.com-gif-maker-26.jpg 320w, https:\/\/blog.extremeoutdoor.com.tr\/wp-content\/uploads\/2023\/04\/ezgif.com-gif-maker-26-300x300.jpg 300w, https:\/\/blog.extremeoutdoor.com.tr\/wp-content\/uploads\/2023\/04\/ezgif.com-gif-maker-26-150x150.jpg 150w, https:\/\/blog.extremeoutdoor.com.tr\/wp-content\/uploads\/2023\/04\/ezgif.com-gif-maker-26-110x110.jpg 110w, https:\/\/blog.extremeoutdoor.com.tr\/wp-content\/uploads\/2023\/04\/ezgif.com-gif-maker-26-100x100.jpg 100w\" sizes=\"(max-width: 320px) 100vw, 320px\" \/><\/figure><p>Model : <a href=\"https:\/\/www.extremeoutdoor.com.tr\/stanley-adventure-vakumlu-termos-1-lt-33669\" data-type=\"URL\" data-id=\"https:\/\/www.extremeoutdoor.com.tr\/stanley-adventure-vakumlu-termos-1-lt-33669\"><strong><mark style=\"background-color:rgba(0, 0, 0, 0)\" class=\"has-inline-color has-vivid-red-color\">Stanley Adventure Vakumlu Termos 1 Lt<\/mark><\/strong><\/a><\/p><figure class=\"wp-block-image size-large is-resized\"><img decoding=\"async\" src=\"https:\/\/www.blog.extremeoutdoor.com.tr\/wp-content\/uploads\/2023\/04\/stanley-adventure-vakumlu-termos-1-lt-9673--1024x1024.jpg\" alt=\"\" class=\"wp-image-2842\" width=\"450\" srcset=\"https:\/\/blog.extremeoutdoor.com.tr\/wp-content\/uploads\/2023\/04\/stanley-adventure-vakumlu-termos-1-lt-9673--1024x1024.jpg 1024w, https:\/\/blog.extremeoutdoor.com.tr\/wp-content\/uploads\/2023\/04\/stanley-adventure-vakumlu-termos-1-lt-9673--300x300.jpg 300w, https:\/\/blog.extremeoutdoor.com.tr\/wp-content\/uploads\/2023\/04\/stanley-adventure-vakumlu-termos-1-lt-9673--150x150.jpg 150w, https:\/\/blog.extremeoutdoor.com.tr\/wp-content\/uploads\/2023\/04\/stanley-adventure-vakumlu-termos-1-lt-9673--768x768.jpg 768w, https:\/\/blog.extremeoutdoor.com.tr\/wp-content\/uploads\/2023\/04\/stanley-adventure-vakumlu-termos-1-lt-9673--370x370.jpg 370w, https:\/\/blog.extremeoutdoor.com.tr\/wp-content\/uploads\/2023\/04\/stanley-adventure-vakumlu-termos-1-lt-9673--110x110.jpg 110w, https:\/\/blog.extremeoutdoor.com.tr\/wp-content\/uploads\/2023\/04\/stanley-adventure-vakumlu-termos-1-lt-9673--760x760.jpg 760w, https:\/\/blog.extremeoutdoor.com.tr\/wp-content\/uploads\/2023\/04\/stanley-adventure-vakumlu-termos-1-lt-9673--565x565.jpg 565w, https:\/\/blog.extremeoutdoor.com.tr\/wp-content\/uploads\/2023\/04\/stanley-adventure-vakumlu-termos-1-lt-9673--600x600.jpg 600w, https:\/\/blog.extremeoutdoor.com.tr\/wp-content\/uploads\/2023\/04\/stanley-adventure-vakumlu-termos-1-lt-9673--100x100.jpg 100w, https:\/\/blog.extremeoutdoor.com.tr\/wp-content\/uploads\/2023\/04\/stanley-adventure-vakumlu-termos-1-lt-9673-.jpg 1320w\" sizes=\"(max-width: 1024px) 100vw, 1024px\" \/><\/figure><p>Model : <a href=\"https:\/\/www.extremeoutdoor.com.tr\/naturehike-q-9h-paslanmaz-celik-vakumlu-termos-1000-ml-33859\" data-type=\"URL\" data-id=\"https:\/\/www.extremeoutdoor.com.tr\/naturehike-q-9h-paslanmaz-celik-vakumlu-termos-1000-ml-33859\"><strong><mark style=\"background-color:rgba(0, 0, 0, 0)\" class=\"has-inline-color has-vivid-red-color\">Naturehike Q-9H Paslanmaz \u00c7elik Vakumlu Termos 1000 ML<\/mark><\/strong><\/a><\/p><figure class=\"wp-block-image size-large is-resized\"><img decoding=\"async\" src=\"https:\/\/www.blog.extremeoutdoor.com.tr\/wp-content\/uploads\/2023\/04\/naturehike-q-9h-paslanmaz-celik-vakuml-72f6-e-1024x1024.jpg\" alt=\"\" class=\"wp-image-2843\" width=\"450\" srcset=\"https:\/\/blog.extremeoutdoor.com.tr\/wp-content\/uploads\/2023\/04\/naturehike-q-9h-paslanmaz-celik-vakuml-72f6-e-1024x1024.jpg 1024w, https:\/\/blog.extremeoutdoor.com.tr\/wp-content\/uploads\/2023\/04\/naturehike-q-9h-paslanmaz-celik-vakuml-72f6-e-300x300.jpg 300w, https:\/\/blog.extremeoutdoor.com.tr\/wp-content\/uploads\/2023\/04\/naturehike-q-9h-paslanmaz-celik-vakuml-72f6-e-150x150.jpg 150w, https:\/\/blog.extremeoutdoor.com.tr\/wp-content\/uploads\/2023\/04\/naturehike-q-9h-paslanmaz-celik-vakuml-72f6-e-768x768.jpg 768w, https:\/\/blog.extremeoutdoor.com.tr\/wp-content\/uploads\/2023\/04\/naturehike-q-9h-paslanmaz-celik-vakuml-72f6-e-370x370.jpg 370w, https:\/\/blog.extremeoutdoor.com.tr\/wp-content\/uploads\/2023\/04\/naturehike-q-9h-paslanmaz-celik-vakuml-72f6-e-110x110.jpg 110w, https:\/\/blog.extremeoutdoor.com.tr\/wp-content\/uploads\/2023\/04\/naturehike-q-9h-paslanmaz-celik-vakuml-72f6-e-760x760.jpg 760w, https:\/\/blog.extremeoutdoor.com.tr\/wp-content\/uploads\/2023\/04\/naturehike-q-9h-paslanmaz-celik-vakuml-72f6-e-565x565.jpg 565w, https:\/\/blog.extremeoutdoor.com.tr\/wp-content\/uploads\/2023\/04\/naturehike-q-9h-paslanmaz-celik-vakuml-72f6-e-600x600.jpg 600w, https:\/\/blog.extremeoutdoor.com.tr\/wp-content\/uploads\/2023\/04\/naturehike-q-9h-paslanmaz-celik-vakuml-72f6-e-100x100.jpg 100w, https:\/\/blog.extremeoutdoor.com.tr\/wp-content\/uploads\/2023\/04\/naturehike-q-9h-paslanmaz-celik-vakuml-72f6-e.jpg 1320w\" sizes=\"(max-width: 1024px) 100vw, 1024px\" \/><\/figure><p>Model : <a href=\"https:\/\/www.extremeoutdoor.com.tr\/primus-vacuum-termos-0.75-lt-27803\" data-type=\"URL\" data-id=\"https:\/\/www.extremeoutdoor.com.tr\/primus-vacuum-termos-0.75-lt-27803\"><strong><mark style=\"background-color:rgba(0, 0, 0, 0)\" class=\"has-inline-color has-vivid-red-color\">Primus Vacuum Termos 0.75 Lt<\/mark><\/strong><\/a><\/p><figure class=\"wp-block-image size-large is-resized\"><img decoding=\"async\" src=\"https:\/\/www.blog.extremeoutdoor.com.tr\/wp-content\/uploads\/2023\/04\/primus-vacuum-termos-0.75-lt-8ec5db-1024x566.jpg\" alt=\"\" class=\"wp-image-2844\" width=\"450\" srcset=\"https:\/\/blog.extremeoutdoor.com.tr\/wp-content\/uploads\/2023\/04\/primus-vacuum-termos-0.75-lt-8ec5db-1024x566.jpg 1024w, https:\/\/blog.extremeoutdoor.com.tr\/wp-content\/uploads\/2023\/04\/primus-vacuum-termos-0.75-lt-8ec5db-300x166.jpg 300w, https:\/\/blog.extremeoutdoor.com.tr\/wp-content\/uploads\/2023\/04\/primus-vacuum-termos-0.75-lt-8ec5db-768x425.jpg 768w, https:\/\/blog.extremeoutdoor.com.tr\/wp-content\/uploads\/2023\/04\/primus-vacuum-termos-0.75-lt-8ec5db-370x205.jpg 370w, https:\/\/blog.extremeoutdoor.com.tr\/wp-content\/uploads\/2023\/04\/primus-vacuum-termos-0.75-lt-8ec5db-1230x680.jpg 1230w, https:\/\/blog.extremeoutdoor.com.tr\/wp-content\/uploads\/2023\/04\/primus-vacuum-termos-0.75-lt-8ec5db-760x420.jpg 760w, https:\/\/blog.extremeoutdoor.com.tr\/wp-content\/uploads\/2023\/04\/primus-vacuum-termos-0.75-lt-8ec5db-565x312.jpg 565w, https:\/\/blog.extremeoutdoor.com.tr\/wp-content\/uploads\/2023\/04\/primus-vacuum-termos-0.75-lt-8ec5db-600x332.jpg 600w, https:\/\/blog.extremeoutdoor.com.tr\/wp-content\/uploads\/2023\/04\/primus-vacuum-termos-0.75-lt-8ec5db.jpg 1320w\" sizes=\"(max-width: 1024px) 100vw, 1024px\" \/><\/figure><p>Model : <a href=\"https:\/\/www.extremeoutdoor.com.tr\/thermos-jnl-750-ultralight-mug-0.75-lt-37890\" data-type=\"URL\" data-id=\"https:\/\/www.extremeoutdoor.com.tr\/thermos-jnl-750-ultralight-mug-0.75-lt-37890\"><strong><mark style=\"background-color:rgba(0, 0, 0, 0)\" class=\"has-inline-color has-vivid-red-color\">Thermos JNL-750 Ultralight Mug 0.75 Lt<\/mark><\/strong><\/a><\/p><figure class=\"wp-block-image size-large is-resized\"><img decoding=\"async\" src=\"https:\/\/www.blog.extremeoutdoor.com.tr\/wp-content\/uploads\/2023\/04\/thermos-jnl-750-ultralight-mug-0.75-lt-d4d36d-1024x1024.jpg\" alt=\"\" class=\"wp-image-2845\" width=\"450\" srcset=\"https:\/\/blog.extremeoutdoor.com.tr\/wp-content\/uploads\/2023\/04\/thermos-jnl-750-ultralight-mug-0.75-lt-d4d36d-1024x1024.jpg 1024w, https:\/\/blog.extremeoutdoor.com.tr\/wp-content\/uploads\/2023\/04\/thermos-jnl-750-ultralight-mug-0.75-lt-d4d36d-300x300.jpg 300w, https:\/\/blog.extremeoutdoor.com.tr\/wp-content\/uploads\/2023\/04\/thermos-jnl-750-ultralight-mug-0.75-lt-d4d36d-150x150.jpg 150w, https:\/\/blog.extremeoutdoor.com.tr\/wp-content\/uploads\/2023\/04\/thermos-jnl-750-ultralight-mug-0.75-lt-d4d36d-768x768.jpg 768w, https:\/\/blog.extremeoutdoor.com.tr\/wp-content\/uploads\/2023\/04\/thermos-jnl-750-ultralight-mug-0.75-lt-d4d36d-370x370.jpg 370w, https:\/\/blog.extremeoutdoor.com.tr\/wp-content\/uploads\/2023\/04\/thermos-jnl-750-ultralight-mug-0.75-lt-d4d36d-110x110.jpg 110w, https:\/\/blog.extremeoutdoor.com.tr\/wp-content\/uploads\/2023\/04\/thermos-jnl-750-ultralight-mug-0.75-lt-d4d36d-760x760.jpg 760w, https:\/\/blog.extremeoutdoor.com.tr\/wp-content\/uploads\/2023\/04\/thermos-jnl-750-ultralight-mug-0.75-lt-d4d36d-565x565.jpg 565w, https:\/\/blog.extremeoutdoor.com.tr\/wp-content\/uploads\/2023\/04\/thermos-jnl-750-ultralight-mug-0.75-lt-d4d36d-600x600.jpg 600w, https:\/\/blog.extremeoutdoor.com.tr\/wp-content\/uploads\/2023\/04\/thermos-jnl-750-ultralight-mug-0.75-lt-d4d36d-100x100.jpg 100w, https:\/\/blog.extremeoutdoor.com.tr\/wp-content\/uploads\/2023\/04\/thermos-jnl-750-ultralight-mug-0.75-lt-d4d36d.jpg 1320w\" sizes=\"(max-width: 1024px) 100vw, 1024px\" \/><\/figure><p>Model : <a href=\"https:\/\/www.extremeoutdoor.com.tr\/stanley-klasik-vakumlu-celik-termos-19-lt-33945\" data-type=\"URL\" data-id=\"https:\/\/www.extremeoutdoor.com.tr\/stanley-klasik-vakumlu-celik-termos-19-lt-33945\"><strong><mark style=\"background-color:rgba(0, 0, 0, 0)\" class=\"has-inline-color has-vivid-red-color\">Stanley Klasik Vakumlu \u00c7elik Termos 1,9 Lt<\/mark><\/strong><\/a><\/p><figure class=\"wp-block-image size-large is-resized\"><img decoding=\"async\" src=\"https:\/\/www.blog.extremeoutdoor.com.tr\/wp-content\/uploads\/2023\/04\/stanley-klasik-vakumlu-celik-termos-19-c32b0--1024x1024.jpg\" alt=\"\" class=\"wp-image-2846\" width=\"450\" srcset=\"https:\/\/blog.extremeoutdoor.com.tr\/wp-content\/uploads\/2023\/04\/stanley-klasik-vakumlu-celik-termos-19-c32b0--1024x1024.jpg 1024w, https:\/\/blog.extremeoutdoor.com.tr\/wp-content\/uploads\/2023\/04\/stanley-klasik-vakumlu-celik-termos-19-c32b0--300x300.jpg 300w, https:\/\/blog.extremeoutdoor.com.tr\/wp-content\/uploads\/2023\/04\/stanley-klasik-vakumlu-celik-termos-19-c32b0--150x150.jpg 150w, https:\/\/blog.extremeoutdoor.com.tr\/wp-content\/uploads\/2023\/04\/stanley-klasik-vakumlu-celik-termos-19-c32b0--768x768.jpg 768w, https:\/\/blog.extremeoutdoor.com.tr\/wp-content\/uploads\/2023\/04\/stanley-klasik-vakumlu-celik-termos-19-c32b0--370x370.jpg 370w, https:\/\/blog.extremeoutdoor.com.tr\/wp-content\/uploads\/2023\/04\/stanley-klasik-vakumlu-celik-termos-19-c32b0--110x110.jpg 110w, https:\/\/blog.extremeoutdoor.com.tr\/wp-content\/uploads\/2023\/04\/stanley-klasik-vakumlu-celik-termos-19-c32b0--760x760.jpg 760w, https:\/\/blog.extremeoutdoor.com.tr\/wp-content\/uploads\/2023\/04\/stanley-klasik-vakumlu-celik-termos-19-c32b0--565x565.jpg 565w, https:\/\/blog.extremeoutdoor.com.tr\/wp-content\/uploads\/2023\/04\/stanley-klasik-vakumlu-celik-termos-19-c32b0--600x600.jpg 600w, https:\/\/blog.extremeoutdoor.com.tr\/wp-content\/uploads\/2023\/04\/stanley-klasik-vakumlu-celik-termos-19-c32b0--100x100.jpg 100w, https:\/\/blog.extremeoutdoor.com.tr\/wp-content\/uploads\/2023\/04\/stanley-klasik-vakumlu-celik-termos-19-c32b0-.jpg 1320w\" sizes=\"(max-width: 1024px) 100vw, 1024px\" \/><\/figure><p>Model : <a href=\"https:\/\/www.extremeoutdoor.com.tr\/naturehike-q-9h-paslanmaz-celik-vakumlu-termos-750-ml-33864\" data-type=\"URL\" data-id=\"https:\/\/www.extremeoutdoor.com.tr\/naturehike-q-9h-paslanmaz-celik-vakumlu-termos-750-ml-33864\"><strong><mark style=\"background-color:rgba(0, 0, 0, 0)\" class=\"has-inline-color has-vivid-red-color\">Naturehike Q-9H Paslanmaz \u00c7elik Vakumlu Termos 750 ML<\/mark><\/strong><\/a><\/p><figure class=\"wp-block-image size-large is-resized\"><img decoding=\"async\" src=\"https:\/\/www.blog.extremeoutdoor.com.tr\/wp-content\/uploads\/2023\/04\/naturehike-q-9h-paslanmaz-celik-vakuml-9f64--1024x1024.jpg\" alt=\"\" class=\"wp-image-2847\" width=\"450\" srcset=\"https:\/\/blog.extremeoutdoor.com.tr\/wp-content\/uploads\/2023\/04\/naturehike-q-9h-paslanmaz-celik-vakuml-9f64--1024x1024.jpg 1024w, https:\/\/blog.extremeoutdoor.com.tr\/wp-content\/uploads\/2023\/04\/naturehike-q-9h-paslanmaz-celik-vakuml-9f64--300x300.jpg 300w, https:\/\/blog.extremeoutdoor.com.tr\/wp-content\/uploads\/2023\/04\/naturehike-q-9h-paslanmaz-celik-vakuml-9f64--150x150.jpg 150w, https:\/\/blog.extremeoutdoor.com.tr\/wp-content\/uploads\/2023\/04\/naturehike-q-9h-paslanmaz-celik-vakuml-9f64--768x768.jpg 768w, https:\/\/blog.extremeoutdoor.com.tr\/wp-content\/uploads\/2023\/04\/naturehike-q-9h-paslanmaz-celik-vakuml-9f64--370x370.jpg 370w, https:\/\/blog.extremeoutdoor.com.tr\/wp-content\/uploads\/2023\/04\/naturehike-q-9h-paslanmaz-celik-vakuml-9f64--110x110.jpg 110w, https:\/\/blog.extremeoutdoor.com.tr\/wp-content\/uploads\/2023\/04\/naturehike-q-9h-paslanmaz-celik-vakuml-9f64--760x760.jpg 760w, https:\/\/blog.extremeoutdoor.com.tr\/wp-content\/uploads\/2023\/04\/naturehike-q-9h-paslanmaz-celik-vakuml-9f64--565x565.jpg 565w, https:\/\/blog.extremeoutdoor.com.tr\/wp-content\/uploads\/2023\/04\/naturehike-q-9h-paslanmaz-celik-vakuml-9f64--600x600.jpg 600w, https:\/\/blog.extremeoutdoor.com.tr\/wp-content\/uploads\/2023\/04\/naturehike-q-9h-paslanmaz-celik-vakuml-9f64--100x100.jpg 100w, https:\/\/blog.extremeoutdoor.com.tr\/wp-content\/uploads\/2023\/04\/naturehike-q-9h-paslanmaz-celik-vakuml-9f64-.jpg 1320w\" sizes=\"(max-width: 1024px) 100vw, 1024px\" \/><\/figure><p>Web Sitemizde TERMOS \u00c7E\u015e\u0130TLER\u0130M\u0130Z\u0130 incelemek istermisiz, <a href=\"https:\/\/www.extremeoutdoor.com.tr\/termos-matara-bardak-114\" data-type=\"URL\" data-id=\"https:\/\/www.extremeoutdoor.com.tr\/termos-matara-bardak-114\"><strong><mark style=\"background-color:rgba(0, 0, 0, 0)\" class=\"has-inline-color has-vivid-red-color\">T\u0131klay\u0131n\u0131z&#8230;.<\/mark><\/strong><\/a><\/p>\n\n<div class=\"kk-star-ratings kksr-auto kksr-align-right kksr-valign-bottom\"\n    data-payload='{&quot;align&quot;:&quot;right&quot;,&quot;id&quot;:&quot;2830&quot;,&quot;slug&quot;:&quot;default&quot;,&quot;valign&quot;:&quot;bottom&quot;,&quot;ignore&quot;:&quot;&quot;,&quot;reference&quot;:&quot;auto&quot;,&quot;class&quot;:&quot;&quot;,&quot;count&quot;:&quot;0&quot;,&quot;legendonly&quot;:&quot;&quot;,&quot;readonly&quot;:&quot;&quot;,&quot;score&quot;:&quot;0&quot;,&quot;starsonly&quot;:&quot;&quot;,&quot;best&quot;:&quot;5&quot;,&quot;gap&quot;:&quot;5&quot;,&quot;greet&quot;:&quot;Oylama Yap&quot;,&quot;legend&quot;:&quot;0\\\/5 - (0 votes)&quot;,&quot;size&quot;:&quot;24&quot;,&quot;title&quot;:&quot;Termos Se\u00e7iminde En \u0130yi \u0130pu\u00e7lar\u0131!!&quot;,&quot;width&quot;:&quot;0&quot;,&quot;_legend&quot;:&quot;{score}\\\/{best} - ({count} {votes})&quot;,&quot;font_factor&quot;:&quot;1.25&quot;}'>\n            \n<div class=\"kksr-stars\">\n    \n<div class=\"kksr-stars-inactive\">\n            <div class=\"kksr-star\" data-star=\"1\" style=\"padding-right: 5px\">\n            \n\n<div class=\"kksr-icon\" style=\"width: 24px; height: 24px;\"><\/div>\n        <\/div>\n            <div class=\"kksr-star\" data-star=\"2\" style=\"padding-right: 5px\">\n            \n\n<div class=\"kksr-icon\" style=\"width: 24px; height: 24px;\"><\/div>\n        <\/div>\n            <div class=\"kksr-star\" data-star=\"3\" style=\"padding-right: 5px\">\n            \n\n<div class=\"kksr-icon\" style=\"width: 24px; height: 24px;\"><\/div>\n        <\/div>\n            <div class=\"kksr-star\" data-star=\"4\" style=\"padding-right: 5px\">\n            \n\n<div class=\"kksr-icon\" style=\"width: 24px; height: 24px;\"><\/div>\n        <\/div>\n            <div class=\"kksr-star\" data-star=\"5\" style=\"padding-right: 5px\">\n            \n\n<div class=\"kksr-icon\" style=\"width: 24px; height: 24px;\"><\/div>\n        <\/div>\n    <\/div>\n    \n<div class=\"kksr-stars-active\" style=\"width: 0px;\">\n            <div class=\"kksr-star\" style=\"padding-right: 5px\">\n            \n\n<div class=\"kksr-icon\" style=\"width: 24px; height: 24px;\"><\/div>\n        <\/div>\n            <div class=\"kksr-star\" style=\"padding-right: 5px\">\n            \n\n<div class=\"kksr-icon\" style=\"width: 24px; height: 24px;\"><\/div>\n        <\/div>\n            <div class=\"kksr-star\" style=\"padding-right: 5px\">\n            \n\n<div class=\"kksr-icon\" style=\"width: 24px; height: 24px;\"><\/div>\n        <\/div>\n            <div class=\"kksr-star\" style=\"padding-right: 5px\">\n            \n\n<div class=\"kksr-icon\" style=\"width: 24px; height: 24px;\"><\/div>\n        <\/div>\n            <div class=\"kksr-star\" style=\"padding-right: 5px\">\n            \n\n<div class=\"kksr-icon\" style=\"width: 24px; height: 24px;\"><\/div>\n        <\/div>\n    <\/div>\n<\/div>\n                \n\n<div class=\"kksr-legend\" style=\"font-size: 19.2px;\">\n            <span class=\"kksr-muted\">Oylama Yap<\/span>\n    <\/div>\n    <\/div>\n","protected":false},"excerpt":{"rendered":"<p>Evde, i\u015fte, okulda, gezerken yahut sahilde. Bir tane termosum olsun bana hi\u00e7bir \u015fey olmaz diyenlerden misin sen de? E\u011fer \u00f6yleysen&hellip;<\/p>\n","protected":false},"author":990005,"featured_media":2835,"comment_status":"open","ping_status":"open","sticky":false,"template":"","format":"standard","meta":{"footnotes":""},"categories":[15],"tags":[651,652,653,562,531,527,648,649,650],"class_list":["post-2830","post","type-post","status-publish","format-standard","has-post-thumbnail","hentry","category-kampcilik","tag-kovea","tag-naturehike-2","tag-naturehike-2-litre-termos","tag-primus","tag-stanley-1-litre-termos","tag-stanley-termos","tag-termos","tag-termos-markalari","tag-thermos"],"_links":{"self":[{"href":"https:\/\/blog.extremeoutdoor.com.tr\/index.php\/wp-json\/wp\/v2\/posts\/2830","targetHints":{"allow":["GET"]}}],"collection":[{"href":"https:\/\/blog.extremeoutdoor.com.tr\/index.php\/wp-json\/wp\/v2\/posts"}],"about":[{"href":"https:\/\/blog.extremeoutdoor.com.tr\/index.php\/wp-json\/wp\/v2\/types\/post"}],"author":[{"embeddable":true,"href":"https:\/\/blog.extremeoutdoor.com.tr\/index.php\/wp-json\/wp\/v2\/users\/990005"}],"replies":[{"embeddable":true,"href":"https:\/\/blog.extremeoutdoor.com.tr\/index.php\/wp-json\/wp\/v2\/comments?post=2830"}],"version-history":[{"count":1,"href":"https:\/\/blog.extremeoutdoor.com.tr\/index.php\/wp-json\/wp\/v2\/posts\/2830\/revisions"}],"predecessor-version":[{"id":2848,"href":"https:\/\/blog.extremeoutdoor.com.tr\/index.php\/wp-json\/wp\/v2\/posts\/2830\/revisions\/2848"}],"wp:featuredmedia":[{"embeddable":true,"href":"https:\/\/blog.extremeoutdoor.com.tr\/index.php\/wp-json\/wp\/v2\/media\/2835"}],"wp:attachment":[{"href":"https:\/\/blog.extremeoutdoor.com.tr\/index.php\/wp-json\/wp\/v2\/media?parent=2830"}],"wp:term":[{"taxonomy":"category","embeddable":true,"href":"https:\/\/blog.extremeoutdoor.com.tr\/index.php\/wp-json\/wp\/v2\/categories?post=2830"},{"taxonomy":"post_tag","embeddable":true,"href":"https:\/\/blog.extremeoutdoor.com.tr\/index.php\/wp-json\/wp\/v2\/tags?post=2830"}],"curies":[{"name":"wp","href":"https:\/\/api.w.org\/{rel}","templated":true}]}}