{"id":2939,"date":"2023-04-19T11:43:15","date_gmt":"2023-04-19T08:43:15","guid":{"rendered":"https:\/\/www.blog.extremeoutdoor.com.tr\/?p=2939"},"modified":"2023-04-19T11:43:15","modified_gmt":"2023-04-19T08:43:15","slug":"karavan-seyahati-hakkinda-bilinmesi-gerekenler","status":"publish","type":"post","link":"https:\/\/blog.extremeoutdoor.com.tr\/index.php\/2023\/04\/19\/karavan-seyahati-hakkinda-bilinmesi-gerekenler\/","title":{"rendered":"KARAVAN SEYAHAT\u0130 HAKKINDA B\u0130L\u0130NMES\u0130 GEREKENLER"},"content":{"rendered":"<p>Karavan seyahatine \u00e7\u0131kmadan \u00f6nce d\u00fc\u015f\u00fcn\u00fclmesi ve yap\u0131lmas\u0131 gereken pek \u00e7ok \u015fey var.Uzun zamand\u0131r karavanla seyahat etme hayalini ger\u00e7ekle\u015ftirmek isteyen seyahat merakl\u0131lar\u0131 i\u00e7in haz\u0131rlad\u0131\u011f\u0131m\u0131z rehbere bir g\u00f6z at\u0131n deriz.<\/p><p><strong>Kendinize Uygun Karavan\u0131 Se\u00e7in<\/strong><\/p><p>Karavanla seyahat etme karar\u0131n\u0131 al\u0131r almaz yapman\u0131z gerek ilk \u015feylerden biri de b\u00fct\u00e7enize ve ki\u015fisel tercihinize uygun karavan\u0131 se\u00e7mek olacakt\u0131r. Gidece\u011finiz yere, izleyece\u011finiz rotaya ve ki\u015fi say\u0131s\u0131na g\u00f6re karavan\u0131n\u0131z\u0131 se\u00e7mek en ideali. Karavan se\u00e7erken sadece sat\u0131n alma de\u011fil, kiralama opsiyonlar\u0131ndan da yararlanabilirsiniz. Moto karavan yani kamyon kasa ve r\u00f6morklu yani arac\u0131n arkas\u0131na ba\u011flanan karavan modelleri i\u00e7in B tipi ehliyet yeterli olacakt\u0131r. Normal ara\u00e7 kullan\u0131m\u0131na g\u00f6re daha y\u00fckl\u00fc olaca\u011f\u0131 i\u00e7in, karavan\u0131 al\u0131\u015f\u0131l\u0131\u011f\u0131ndan yava\u015f kullanmak g\u00fcvenlik a\u00e7\u0131s\u0131ndan \u00f6nemlidir. Sat\u0131n alaca\u011f\u0131n\u0131z veya kiralayaca\u011f\u0131n\u0131z karavan ile ilgili \u00f6nceden bilgi edinmek ve i\u015fin uzmanlar\u0131ndan \u00f6neriler almak her zaman yararl\u0131 olacakt\u0131r. Ancak yine de modeller hakk\u0131nda fikir sahibi olmakta fayda sa\u011flayacakt\u0131r.<\/p><h3 class=\"wp-block-heading\"><strong>Hangi Arabalara Karvan Ba\u011flanabilir?<\/strong><\/h3><p>G\u00fcn\u00fcm\u00fczde ara\u00e7lar\u0131n b\u00fcy\u00fck b\u00f6l\u00fcm\u00fcne karavan ba\u011flanabiliyor. \u00d6nemli olan arac\u0131n\u0131za uygun karavan modelini ba\u011flamak. \u00c7eken ve \u00e7ekilen ara\u00e7lar\u0131n toplam\u0131na katar a\u011f\u0131rl\u0131\u011f\u0131 deniyor. Karavan\u0131n\u0131z\u0131 \u00e7ekmeyi planlad\u0131\u011f\u0131n\u0131z arac\u0131n ruhsat\u0131nda azami y\u00fckl\u00fc a\u011f\u0131rl\u0131\u011f\u0131 ve katar a\u011f\u0131rl\u0131\u011f\u0131 yaz\u0131yor. Bu de\u011ferler g\u00fcvenli yolculuk i\u00e7in \u00e7ok \u00f6nemli.<\/p><h3 class=\"wp-block-heading\"><strong>Karavan Kullanmak \u0130\u00e7in Farkl\u0131 Bir Ehliyet Gerekir mi?<\/strong><\/h3><p>750 kg alt\u0131ndaki karavanlar\u0131 B s\u0131n\u0131f\u0131 ehliyetle kullanabiliyorsunuz. Ama azami a\u011f\u0131rl\u0131\u011f\u0131 751 kg \u00fcst\u00fc karavanlar i\u00e7in ehliyetinize E ilavesi (BE, CE gibi) alman\u0131z gerekiyor.<\/p><figure class=\"wp-block-image size-full\"><img loading=\"lazy\" decoding=\"async\" width=\"750\" height=\"500\" src=\"https:\/\/www.blog.extremeoutdoor.com.tr\/wp-content\/uploads\/2023\/04\/EXT-karavanla-seyahat-ederken-ihtiyaciniz-olacak-940x627-1.jpg\" alt=\"\" class=\"wp-image-2940\" srcset=\"https:\/\/blog.extremeoutdoor.com.tr\/wp-content\/uploads\/2023\/04\/EXT-karavanla-seyahat-ederken-ihtiyaciniz-olacak-940x627-1.jpg 750w, https:\/\/blog.extremeoutdoor.com.tr\/wp-content\/uploads\/2023\/04\/EXT-karavanla-seyahat-ederken-ihtiyaciniz-olacak-940x627-1-300x200.jpg 300w, https:\/\/blog.extremeoutdoor.com.tr\/wp-content\/uploads\/2023\/04\/EXT-karavanla-seyahat-ederken-ihtiyaciniz-olacak-940x627-1-370x247.jpg 370w, https:\/\/blog.extremeoutdoor.com.tr\/wp-content\/uploads\/2023\/04\/EXT-karavanla-seyahat-ederken-ihtiyaciniz-olacak-940x627-1-565x377.jpg 565w, https:\/\/blog.extremeoutdoor.com.tr\/wp-content\/uploads\/2023\/04\/EXT-karavanla-seyahat-ederken-ihtiyaciniz-olacak-940x627-1-600x400.jpg 600w\" sizes=\"auto, (max-width: 750px) 100vw, 750px\" \/><\/figure><h3 class=\"wp-block-heading\"><strong>M S\u0131n\u0131f\u0131 Karavan Ruhsat\u0131 Nedir?<\/strong><\/h3><p>Karavan genelde M1 s\u0131n\u0131f\u0131 olarak ge\u00e7iyor. M s\u0131n\u0131f\u0131 ara\u00e7, en az d\u00f6rt tekerlekli ve yolcu ta\u015f\u0131mas\u0131nda kullan\u0131lan motorlu ara\u00e7lard\u0131r. Yolcu ta\u015f\u0131mas\u0131nda kullan\u0131lan ve s\u00fcr\u00fcc\u00fc dahil en fazla 9 oturma yeri olan motorlu ara\u00e7lar M1 olarak s\u0131n\u0131fland\u0131r\u0131l\u0131yor. TSE\u2019den al\u0131nan arac\u0131n projeye uygun oldu\u011fu belgesiyle muayeneye gidiliyor.<\/p><h3 class=\"wp-block-heading\"><strong>\u00c7eki Demiri Nas\u0131l Monte Edilir?<\/strong><\/h3><p>Karavan\u0131n g\u00fcvenle \u00e7ekilebilmesi i\u00e7in sa\u011flam, standartlara uygun \u00fcretilen bir \u00e7eki demirinin uzman yard\u0131m\u0131yla monte edilmesi ve \u00e7eki demirinin asla ikinci el olmamas\u0131 gerekiyor. \u00c7eki demiri araca \u00f6zel olarak haz\u0131rlanmal\u0131 ve onaydan sonra e-belgeli olarak monte ettirilip ruhsata i\u015fletilmeli. Her uzun yolculuk \u00f6ncesinde demirin kontrolden ge\u00e7mesi de \u00e7ok \u00f6nemli.<\/p><h2 class=\"wp-block-heading\"><strong>Karavan Modelleri<\/strong><\/h2><h3 class=\"wp-block-heading\" id=\"klasik-cekme-karavan\"><strong>Klasik \u00c7ekme Karavan,\u00a0<em>The Conventional Caravan<\/em><\/strong><\/h3><figure class=\"wp-block-image size-full\"><img loading=\"lazy\" decoding=\"async\" width=\"750\" height=\"468\" src=\"https:\/\/www.blog.extremeoutdoor.com.tr\/wp-content\/uploads\/2023\/04\/EXT-ap6cf-lo2hl.jpg\" alt=\"\" class=\"wp-image-2941\" srcset=\"https:\/\/blog.extremeoutdoor.com.tr\/wp-content\/uploads\/2023\/04\/EXT-ap6cf-lo2hl.jpg 750w, https:\/\/blog.extremeoutdoor.com.tr\/wp-content\/uploads\/2023\/04\/EXT-ap6cf-lo2hl-300x187.jpg 300w, https:\/\/blog.extremeoutdoor.com.tr\/wp-content\/uploads\/2023\/04\/EXT-ap6cf-lo2hl-370x231.jpg 370w, https:\/\/blog.extremeoutdoor.com.tr\/wp-content\/uploads\/2023\/04\/EXT-ap6cf-lo2hl-565x353.jpg 565w, https:\/\/blog.extremeoutdoor.com.tr\/wp-content\/uploads\/2023\/04\/EXT-ap6cf-lo2hl-600x374.jpg 600w\" sizes=\"auto, (max-width: 750px) 100vw, 750px\" \/><\/figure><p>Bu karavanlar\u0131n \u00e7o\u011fu 3-6,5 metre uzunlu\u011funda ve genellikle 2-6 ki\u015fi aras\u0131nda bir kapasiteye sahiptirler. \u00c7o\u011funlukla bir tuvaleti ve bir mutfa\u011f\u0131 mevcuttur. Bu modeli tercih etmek isterseniz \u015fu \u00fcreticileri inceleyebilirsiniz; Bailey, Coachman, Elddis, Lunar, Swift Group.<\/p><h3 class=\"wp-block-heading\"><strong>Motokaravan ve \u00c7ekme Karavan Aras\u0131ndaki Farklar<\/strong><\/h3><p>Ki\u015fisel zevkler ve konfor aray\u0131\u015f\u0131n\u0131za g\u00f6re motokaravan veya \u00e7ekme karavan tercih edebilirsiniz. T\u00fcrkiye\u2019de \u00e7ekme karavan tipi daha \u00e7ok tercih ediliyor. \u00c7ekme karavanlar, onay belgesi olmadan trafi\u011fe \u00e7\u0131km\u0131yor, hat\u0131rlatal\u0131m! Bunun sebebi ara\u00e7lar\u0131n genel g\u00fcvenlik kriterlerini kar\u015f\u0131lay\u0131p kar\u015f\u0131lamad\u0131\u011f\u0131n\u0131 takip edebilmek. \u0130\u00e7erisindeki y\u00fcklerle maksimum 750 kilogram olan O1, 751-3500 kilogram aras\u0131ndakiler ise O2 olarak s\u0131n\u0131fland\u0131r\u0131l\u0131yor.<\/p><h3 class=\"wp-block-heading\"><strong>Mobile Tiny House<\/strong><\/h3><figure class=\"wp-block-image size-full\"><img loading=\"lazy\" decoding=\"async\" width=\"750\" height=\"462\" src=\"https:\/\/www.blog.extremeoutdoor.com.tr\/wp-content\/uploads\/2023\/04\/EXT-ajgf7-rzdpf.jpg\" alt=\"\" class=\"wp-image-2942\" srcset=\"https:\/\/blog.extremeoutdoor.com.tr\/wp-content\/uploads\/2023\/04\/EXT-ajgf7-rzdpf.jpg 750w, https:\/\/blog.extremeoutdoor.com.tr\/wp-content\/uploads\/2023\/04\/EXT-ajgf7-rzdpf-300x185.jpg 300w, https:\/\/blog.extremeoutdoor.com.tr\/wp-content\/uploads\/2023\/04\/EXT-ajgf7-rzdpf-370x228.jpg 370w, https:\/\/blog.extremeoutdoor.com.tr\/wp-content\/uploads\/2023\/04\/EXT-ajgf7-rzdpf-565x348.jpg 565w, https:\/\/blog.extremeoutdoor.com.tr\/wp-content\/uploads\/2023\/04\/EXT-ajgf7-rzdpf-600x370.jpg 600w\" sizes=\"auto, (max-width: 750px) 100vw, 750px\" \/><\/figure><p>Son zamanlarda sosyal medyada s\u0131k\u00e7a rastlad\u0131\u011f\u0131m\u0131z tekerlekli k\u00fc\u00e7\u00fck evler, karavan keyfini bir \u00fcst seviyeye ta\u015f\u0131yor. Genellikle uzun s\u00fcreli konaklamalar i\u00e7in kullan\u0131lan Tiny House\u2019lar\u0131 ger\u00e7ek bir ev gibi kullanalar da var. Baz\u0131 ki\u015filer insanlar kiralad\u0131klar\u0131 veya sat\u0131n ald\u0131klar\u0131 arazilere bu tekerlekli k\u00fc\u00e7\u00fck evleri yerle\u015ftiriyor. Klasik karavanlara g\u00f6re olduk\u00e7a \u015f\u0131k bir g\u00f6r\u00fcn\u00fcm\u00fc olan bu evler, g\u00fczel bir alternatif.<\/p><h3 class=\"wp-block-heading\" id=\"kucuk-gozyasi-romorklari\"><strong>K\u00fc\u00e7\u00fck G\u00f6zya\u015f\u0131 R\u00f6morklar\u0131,&nbsp;<em>Tiny Teardrop Trailers<\/em><\/strong><\/h3><figure class=\"wp-block-image size-full\"><img loading=\"lazy\" decoding=\"async\" width=\"750\" height=\"392\" src=\"https:\/\/www.blog.extremeoutdoor.com.tr\/wp-content\/uploads\/2023\/04\/EXT-aw3mc-kwt41.jpg\" alt=\"\" class=\"wp-image-2943\" srcset=\"https:\/\/blog.extremeoutdoor.com.tr\/wp-content\/uploads\/2023\/04\/EXT-aw3mc-kwt41.jpg 750w, https:\/\/blog.extremeoutdoor.com.tr\/wp-content\/uploads\/2023\/04\/EXT-aw3mc-kwt41-300x157.jpg 300w, https:\/\/blog.extremeoutdoor.com.tr\/wp-content\/uploads\/2023\/04\/EXT-aw3mc-kwt41-370x193.jpg 370w, https:\/\/blog.extremeoutdoor.com.tr\/wp-content\/uploads\/2023\/04\/EXT-aw3mc-kwt41-565x295.jpg 565w, https:\/\/blog.extremeoutdoor.com.tr\/wp-content\/uploads\/2023\/04\/EXT-aw3mc-kwt41-600x314.jpg 600w\" sizes=\"auto, (max-width: 750px) 100vw, 750px\" \/><\/figure><p>Bu tarz r\u00f6morklar, boyutlar\u0131 sayesinde daha k\u00fc\u00e7\u00fck ara\u00e7lar taraf\u0131ndan \u00e7eki\u015fe uygundur. Normal arabalar taraf\u0131ndan kolayl\u0131kla \u00e7ekilebilirler. \u0130\u00e7 geni\u015fli\u011fi iki ki\u015finin yatabilece\u011fi bir yatak b\u00fcy\u00fckl\u00fc\u011f\u00fcndedir ve tuvaleti mevcut de\u011fildir. Arka bagaj kapa\u011f\u0131nda d\u0131\u015far\u0131dan ula\u015f\u0131labilen minik bir mutfa\u011f\u0131 vard\u0131r. Ufak bir buzdolab\u0131, lavabo ve 2 rafl\u0131k dolaptan olu\u015fuyor. Kilosu 750\u2019nin alt\u0131nda kald\u0131\u011f\u0131 i\u00e7in ayr\u0131 bir ruhsat \u00e7\u0131karma ihtiyac\u0131 gerektirmez. Boyutu ve tuvaleti olmamas\u0131 gibi ko\u015fullardan dolay\u0131 daha \u00e7ok hafta sonu veya 3-5 g\u00fcnl\u00fck k\u0131sa tatiller i\u00e7in tercih edilmeye uygun bir modeldir.<\/p><h3 class=\"wp-block-heading\" id=\"the-stylish\"><strong>The Stylish&nbsp;T@B<\/strong><\/h3><figure class=\"wp-block-image size-full\"><img loading=\"lazy\" decoding=\"async\" width=\"750\" height=\"499\" src=\"https:\/\/www.blog.extremeoutdoor.com.tr\/wp-content\/uploads\/2023\/04\/EXT-a032i-i22pn.jpg\" alt=\"\" class=\"wp-image-2944\" srcset=\"https:\/\/blog.extremeoutdoor.com.tr\/wp-content\/uploads\/2023\/04\/EXT-a032i-i22pn.jpg 750w, https:\/\/blog.extremeoutdoor.com.tr\/wp-content\/uploads\/2023\/04\/EXT-a032i-i22pn-300x200.jpg 300w, https:\/\/blog.extremeoutdoor.com.tr\/wp-content\/uploads\/2023\/04\/EXT-a032i-i22pn-370x246.jpg 370w, https:\/\/blog.extremeoutdoor.com.tr\/wp-content\/uploads\/2023\/04\/EXT-a032i-i22pn-565x376.jpg 565w, https:\/\/blog.extremeoutdoor.com.tr\/wp-content\/uploads\/2023\/04\/EXT-a032i-i22pn-600x399.jpg 600w\" sizes=\"auto, (max-width: 750px) 100vw, 750px\" \/><\/figure><p>Bu model, g\u00f6zya\u015f\u0131 r\u00f6morklar\u0131ndan boyut olarak biraz daha b\u00fcy\u00fck ama i\u00e7erisinde klasik karavanda gibi her \u015fey var: Tuvalet, du\u015f, daha sonra katlan\u0131p yatak olan bir oturma alan\u0131. Bu y\u00fczden klasik \u00e7ekme karavan ile g\u00f6zya\u015f\u0131 r\u00f6mork kar\u0131\u015f\u0131m\u0131 olarak bahsedilebilir. Mutfak g\u00f6zya\u015f\u0131 r\u00f6morklar\u0131ndaki gibi karavan\u0131n bagaj kapa\u011f\u0131n\u0131n alt\u0131nda ve d\u0131\u015far\u0131dan a\u00e7\u0131l\u0131yor. Ayr\u0131ca pencere say\u0131s\u0131 daha fazlad\u0131r.<\/p><h3 class=\"wp-block-heading\" id=\"pop-top-caravans\"><strong>Tavan\u0131 Y\u00fckselen Karavanlar,&nbsp;<em>Pop Top Caravans<\/em><\/strong><\/h3><figure class=\"wp-block-image size-full\"><img loading=\"lazy\" decoding=\"async\" width=\"750\" height=\"536\" src=\"https:\/\/www.blog.extremeoutdoor.com.tr\/wp-content\/uploads\/2023\/04\/EXT-aqu2x-n3al0.jpg\" alt=\"\" class=\"wp-image-2945\" srcset=\"https:\/\/blog.extremeoutdoor.com.tr\/wp-content\/uploads\/2023\/04\/EXT-aqu2x-n3al0.jpg 750w, https:\/\/blog.extremeoutdoor.com.tr\/wp-content\/uploads\/2023\/04\/EXT-aqu2x-n3al0-300x214.jpg 300w, https:\/\/blog.extremeoutdoor.com.tr\/wp-content\/uploads\/2023\/04\/EXT-aqu2x-n3al0-370x264.jpg 370w, https:\/\/blog.extremeoutdoor.com.tr\/wp-content\/uploads\/2023\/04\/EXT-aqu2x-n3al0-565x404.jpg 565w, https:\/\/blog.extremeoutdoor.com.tr\/wp-content\/uploads\/2023\/04\/EXT-aqu2x-n3al0-600x429.jpg 600w\" sizes=\"auto, (max-width: 750px) 100vw, 750px\" \/><\/figure><p>Bir d\u00f6nem daha pop\u00fcler olan bu karavan modeli, ayakta durmak istendi\u011finde kafa pay\u0131 b\u0131rakmak i\u00e7in y\u00fckselebilen \u00f6zel bir tavana sahiptir. Boyutunun k\u00fc\u00e7\u00fck olmas\u0131 sebebiyle karavan\u0131 \u00e7eken arac\u0131n daha az benzin yakmas\u0131n\u0131 sa\u011flar. Normal bir ev garaj\u0131na s\u0131\u011fabilirler. Bu tip y\u00fckselebilen tavanl\u0131 karavanlar seri \u00fcretimde art\u0131k olmasa da konu\u015fup yapt\u0131rabilirsiniz.<\/p><h3 class=\"wp-block-heading\" id=\"folding-caravans\"><strong>Katlanan Karavanlar,&nbsp;<em>Folding Caravans<\/em><\/strong><\/h3><figure class=\"wp-block-image size-full\"><img loading=\"lazy\" decoding=\"async\" width=\"750\" height=\"499\" src=\"https:\/\/www.blog.extremeoutdoor.com.tr\/wp-content\/uploads\/2023\/04\/EXT-a005n-g1qsx.jpg\" alt=\"\" class=\"wp-image-2946\" srcset=\"https:\/\/blog.extremeoutdoor.com.tr\/wp-content\/uploads\/2023\/04\/EXT-a005n-g1qsx.jpg 750w, https:\/\/blog.extremeoutdoor.com.tr\/wp-content\/uploads\/2023\/04\/EXT-a005n-g1qsx-300x200.jpg 300w, https:\/\/blog.extremeoutdoor.com.tr\/wp-content\/uploads\/2023\/04\/EXT-a005n-g1qsx-370x246.jpg 370w, https:\/\/blog.extremeoutdoor.com.tr\/wp-content\/uploads\/2023\/04\/EXT-a005n-g1qsx-565x376.jpg 565w, https:\/\/blog.extremeoutdoor.com.tr\/wp-content\/uploads\/2023\/04\/EXT-a005n-g1qsx-600x399.jpg 600w\" sizes=\"auto, (max-width: 750px) 100vw, 750px\" \/><\/figure><p>Bu karavanlar ara\u00e7lar taraf\u0131ndan \u00e7ekili\u015fi kolay ve hafif olduklar\u0131 i\u00e7in yak\u0131ttan tasarruf sa\u011flarlar. Ayn\u0131 zamanda garaj ya da otoparka s\u0131\u011fd\u0131rmas\u0131 kolayd\u0131r. Sadece her seferinde tekrar kurulmalar\u0131 gerekti\u011finden geleneksel karavanlara g\u00f6re zaman kaybettirici olabilir. Seyir halindeyken kapal\u0131 olmas\u0131 gerekir. Bu modelde seri \u00fcretim yok, ama sipari\u015f \u00fczerine yap\u0131labiliyor.<\/p><h3 class=\"wp-block-heading\" id=\"fifth-wheelers\"><strong>Be\u015f Tekerlekliler, Fifth Wheelers<\/strong><\/h3><figure class=\"wp-block-image size-full\"><img loading=\"lazy\" decoding=\"async\" width=\"750\" height=\"479\" src=\"https:\/\/www.blog.extremeoutdoor.com.tr\/wp-content\/uploads\/2023\/04\/EXT-ezgif.com-gif-maker-1.jpg\" alt=\"\" class=\"wp-image-2947\" srcset=\"https:\/\/blog.extremeoutdoor.com.tr\/wp-content\/uploads\/2023\/04\/EXT-ezgif.com-gif-maker-1.jpg 750w, https:\/\/blog.extremeoutdoor.com.tr\/wp-content\/uploads\/2023\/04\/EXT-ezgif.com-gif-maker-1-300x192.jpg 300w, https:\/\/blog.extremeoutdoor.com.tr\/wp-content\/uploads\/2023\/04\/EXT-ezgif.com-gif-maker-1-370x236.jpg 370w, https:\/\/blog.extremeoutdoor.com.tr\/wp-content\/uploads\/2023\/04\/EXT-ezgif.com-gif-maker-1-565x361.jpg 565w, https:\/\/blog.extremeoutdoor.com.tr\/wp-content\/uploads\/2023\/04\/EXT-ezgif.com-gif-maker-1-600x383.jpg 600w\" sizes=\"auto, (max-width: 750px) 100vw, 750px\" \/><\/figure><p>Standart bir karavandan daha y\u00fcksektir bu model karavanlar, bu y\u00fczden sadece kamyonet tarz\u0131 ara\u00e7larla \u00e7ekilebilirler. Geni\u015f hareket alan\u0131na hatta a\u00e7\u0131l\u0131p kapanabilen b\u00f6lmelere sahiptirler.<\/p><h3 class=\"wp-block-heading\" id=\"tiny-grp-caravans\"><strong>Mini Karavanlar, Tiny GRP Caravans<\/strong><\/h3><p>Bu karavanlar tek par\u00e7adan olu\u015fan yap\u0131s\u0131 sayesinde ufak ve hafiftir. Ayr\u0131ca uzun \u00f6m\u00fcrl\u00fc bir tasar\u0131ma sahiptirler. \u0130ste\u011finize g\u00f6re i\u00e7ini tasarlatabilirsiniz. Ya sadece yatak ya da sadece i\u00e7ine tuvalet ve mutfak d\u00fczene\u011fi koydurabiliyorsunuz.<\/p><h3 class=\"wp-block-heading\" id=\"motokaravan\"><strong>Motokaravan<\/strong><\/h3><figure class=\"wp-block-image size-full\"><img loading=\"lazy\" decoding=\"async\" width=\"750\" height=\"450\" src=\"https:\/\/www.blog.extremeoutdoor.com.tr\/wp-content\/uploads\/2023\/04\/EXT-adjnu-88pso.jpg\" alt=\"\" class=\"wp-image-2948\" srcset=\"https:\/\/blog.extremeoutdoor.com.tr\/wp-content\/uploads\/2023\/04\/EXT-adjnu-88pso.jpg 750w, https:\/\/blog.extremeoutdoor.com.tr\/wp-content\/uploads\/2023\/04\/EXT-adjnu-88pso-300x180.jpg 300w, https:\/\/blog.extremeoutdoor.com.tr\/wp-content\/uploads\/2023\/04\/EXT-adjnu-88pso-370x222.jpg 370w, https:\/\/blog.extremeoutdoor.com.tr\/wp-content\/uploads\/2023\/04\/EXT-adjnu-88pso-565x339.jpg 565w, https:\/\/blog.extremeoutdoor.com.tr\/wp-content\/uploads\/2023\/04\/EXT-adjnu-88pso-600x360.jpg 600w\" sizes=\"auto, (max-width: 750px) 100vw, 750px\" \/><\/figure><p>Motokaravanlar araba ve ya\u015fam alan\u0131n\u0131n entegre oldu\u011fu bir model. Bu sayede araban\u0131n klima, m\u00fczik gibi sistemlerinden faydalanabiliyorsunuz.<\/p><h3 class=\"wp-block-heading\" id=\"campervan\"><strong>Campervan<\/strong><\/h3><p>Camper tarz\u0131 karavanlar denildi\u011finde g\u00f6z\u00fcm\u00fczde Vosvos T1 ara\u00e7lar\u0131 canlanabilir. Ancak art\u0131k bu model \u00fcretilmiyor. Yeni nesil Camper\u2019lar daha \u00e7ok kapal\u0131 dorse okul servislerini and\u0131r\u0131yor. T1\u2019ler kadar g\u00f6ze hitap etmeseler de neredeyse ufak bir yat konforunda olabiliyorlar. Ayr\u0131ca motokaravan kadar b\u00fcy\u00fck olmad\u0131klar\u0131 i\u00e7in de \u015fehir i\u00e7i kullan\u0131m kolayl\u0131\u011f\u0131 sa\u011fl\u0131yor.<\/p><h2 class=\"wp-block-heading\"><strong>Kampa \u00c7\u0131kmadan Dikkat Etmeniz Gerekenler<\/strong><\/h2><h3 class=\"wp-block-heading\"><strong>Rotan\u0131z\u0131 Belirleyin<\/strong><\/h3><figure class=\"wp-block-image size-full\"><img loading=\"lazy\" decoding=\"async\" width=\"750\" height=\"422\" src=\"https:\/\/www.blog.extremeoutdoor.com.tr\/wp-content\/uploads\/2023\/04\/EXT-abeqb-cnf70.jpg\" alt=\"\" class=\"wp-image-2949\" srcset=\"https:\/\/blog.extremeoutdoor.com.tr\/wp-content\/uploads\/2023\/04\/EXT-abeqb-cnf70.jpg 750w, https:\/\/blog.extremeoutdoor.com.tr\/wp-content\/uploads\/2023\/04\/EXT-abeqb-cnf70-300x169.jpg 300w, https:\/\/blog.extremeoutdoor.com.tr\/wp-content\/uploads\/2023\/04\/EXT-abeqb-cnf70-370x208.jpg 370w, https:\/\/blog.extremeoutdoor.com.tr\/wp-content\/uploads\/2023\/04\/EXT-abeqb-cnf70-565x318.jpg 565w, https:\/\/blog.extremeoutdoor.com.tr\/wp-content\/uploads\/2023\/04\/EXT-abeqb-cnf70-600x338.jpg 600w, https:\/\/blog.extremeoutdoor.com.tr\/wp-content\/uploads\/2023\/04\/EXT-abeqb-cnf70-270x152.jpg 270w\" sizes=\"auto, (max-width: 750px) 100vw, 750px\" \/><\/figure><p>Karavan seyahatinin en keyifli yanlar\u0131ndan biri ise \u00f6zg\u00fcr bir \u015fekilde kendi rotan\u0131z\u0131, istedi\u011finiz gibi \u00e7izebilmek. Rotan\u0131z\u0131 belirlemeden \u00f6nce yapman\u0131z gereken ilk \u015fey b\u00fct\u00e7enize ve seyahatinizin ka\u00e7 g\u00fcn s\u00fcrece\u011fine karar vermek. Sonras\u0131nda, size en uygun rotay\u0131 \u00e7izmek seyahatinizin ak\u0131\u015f\u0131n\u0131 g\u00fczelle\u015ftiren ad\u0131mlardan biri olacakt\u0131r. Rotan\u0131z\u0131 olu\u015ftururken dikkat etmeniz gereken bir ba\u015fka nokta ise yol ko\u015fullar\u0131n\u0131 ve mevsim \u015fartlar\u0131n\u0131 kontrol etmek ve ona uygun bir rota olu\u015fturup, haz\u0131rl\u0131kl\u0131 olmakt\u0131r. Gitmek istedi\u011finiz yerleri belirleyip, \u00e7evresinde bulunan karavan kamplar\u0131yla ilgili detayl\u0131 bilgi toplay\u0131n. Rota olu\u015fturmak seyahatinizi ne kadar kolayla\u015ft\u0131racak olsada, spontane bir \u015fekilde rotan\u0131n d\u0131\u015f\u0131na \u00e7\u0131karak yeni yerler ke\u015ffetmeyi de unutmay\u0131n.<\/p><h3 class=\"wp-block-heading\"><strong>Konaklama G\u00fczergahlar\u0131n\u0131 Ara\u015ft\u0131r\u0131n<\/strong><\/h3><figure class=\"wp-block-image size-full\"><img loading=\"lazy\" decoding=\"async\" width=\"750\" height=\"464\" src=\"https:\/\/www.blog.extremeoutdoor.com.tr\/wp-content\/uploads\/2023\/04\/EXT-a1s6l-p6zee.jpg\" alt=\"\" class=\"wp-image-2950\" srcset=\"https:\/\/blog.extremeoutdoor.com.tr\/wp-content\/uploads\/2023\/04\/EXT-a1s6l-p6zee.jpg 750w, https:\/\/blog.extremeoutdoor.com.tr\/wp-content\/uploads\/2023\/04\/EXT-a1s6l-p6zee-300x186.jpg 300w, https:\/\/blog.extremeoutdoor.com.tr\/wp-content\/uploads\/2023\/04\/EXT-a1s6l-p6zee-370x229.jpg 370w, https:\/\/blog.extremeoutdoor.com.tr\/wp-content\/uploads\/2023\/04\/EXT-a1s6l-p6zee-565x350.jpg 565w, https:\/\/blog.extremeoutdoor.com.tr\/wp-content\/uploads\/2023\/04\/EXT-a1s6l-p6zee-600x371.jpg 600w\" sizes=\"auto, (max-width: 750px) 100vw, 750px\" \/><\/figure><p>Kendinize uygun karavan\u0131 se\u00e7tikten ve rotan\u0131z\u0131 belirledikten sonra planlaman\u0131z gereken bir ba\u015fka \u015fey ise karavan kamplar\u0131n\u0131 ara\u015ft\u0131rmak. Rotan\u0131z\u0131 belirlerken size uygun karavan kamplar\u0131n\u0131 \u00f6nceden belirlemeniz yolculu\u011funuz s\u0131ras\u0131nda size \u00e7ok b\u00fcy\u00fck bir kolayl\u0131k sa\u011flayacakt\u0131r. Baz\u0131 kamp alanlar\u0131nda havuz ve \u00e7ama\u015f\u0131r odalar\u0131 bile bulunurken baz\u0131lar\u0131 sadece temel ihtiya\u00e7lar\u0131 kar\u015f\u0131lamak ama\u00e7l\u0131d\u0131r. \u0130htiya\u00e7lar\u0131n\u0131za ve tercihinize uygun konaklama ve kamp alanlar\u0131 se\u00e7meye \u00f6zen g\u00f6sterin. Unutmay\u0131n ki, karavan seyahati di\u011fer sehayatlere g\u00f6re \u00e7ok daha \u00f6zg\u00fcrd\u00fcr, bu y\u00fczden dile\u011finiz yerde mola verip, yeni yerler ke\u015ffetme ve etrafta dolanabilme l\u00fcks\u00fcn\u00fc de ka\u00e7\u0131rmay\u0131n deriz.<\/p><figure class=\"wp-block-image size-full\"><img loading=\"lazy\" decoding=\"async\" width=\"750\" height=\"493\" src=\"https:\/\/www.blog.extremeoutdoor.com.tr\/wp-content\/uploads\/2023\/04\/EXT-a6amg-14ggr.jpg\" alt=\"\" class=\"wp-image-2951\" srcset=\"https:\/\/blog.extremeoutdoor.com.tr\/wp-content\/uploads\/2023\/04\/EXT-a6amg-14ggr.jpg 750w, https:\/\/blog.extremeoutdoor.com.tr\/wp-content\/uploads\/2023\/04\/EXT-a6amg-14ggr-300x197.jpg 300w, https:\/\/blog.extremeoutdoor.com.tr\/wp-content\/uploads\/2023\/04\/EXT-a6amg-14ggr-370x243.jpg 370w, https:\/\/blog.extremeoutdoor.com.tr\/wp-content\/uploads\/2023\/04\/EXT-a6amg-14ggr-565x371.jpg 565w, https:\/\/blog.extremeoutdoor.com.tr\/wp-content\/uploads\/2023\/04\/EXT-a6amg-14ggr-600x394.jpg 600w\" sizes=\"auto, (max-width: 750px) 100vw, 750px\" \/><figcaption class=\"wp-element-caption\">Travel Trailer Caravaning. RV Park Camping at Night.<\/figcaption><\/figure><p>Karavan seyahati s\u0131ras\u0131nda ihtiya\u00e7 duyaca\u011f\u0131n\u0131z e\u015fya ve ekipmanlar i\u00e7in seyahat \u00f6ncesinden bir liste haz\u0131rlaman\u0131z her zaman faydal\u0131 olacakt\u0131r. Ki\u015fi say\u0131s\u0131na g\u00f6re ihtiya\u00e7lar\u0131n\u0131z\u0131 belirleyip \u00f6nceden organize etmeyi unutmay\u0131n. Seyahate \u00e7\u0131kmadan \u00f6nce haz\u0131rlayaca\u011f\u0131n\u0131z bu liste, akl\u0131n\u0131za gelmeyecek e\u015fyalar\u0131 ve seyahat s\u0131ras\u0131nda gerekli olabilecek herhangi bir \u015feyin eksiksiz olmas\u0131, yolculu\u011funuzu daha rahat bir hale getirmenize yard\u0131mc\u0131 olacakt\u0131r.<\/p><h3 class=\"wp-block-heading\"><strong>Elektrik ve Su Kontrol\u00fcn\u00fc \u0130hmal Etmeyin<\/strong><\/h3><figure class=\"wp-block-image size-full\"><img loading=\"lazy\" decoding=\"async\" width=\"750\" height=\"521\" src=\"https:\/\/www.blog.extremeoutdoor.com.tr\/wp-content\/uploads\/2023\/04\/EXT-atp5o-dqcui.jpg\" alt=\"\" class=\"wp-image-2952\" srcset=\"https:\/\/blog.extremeoutdoor.com.tr\/wp-content\/uploads\/2023\/04\/EXT-atp5o-dqcui.jpg 750w, https:\/\/blog.extremeoutdoor.com.tr\/wp-content\/uploads\/2023\/04\/EXT-atp5o-dqcui-300x208.jpg 300w, https:\/\/blog.extremeoutdoor.com.tr\/wp-content\/uploads\/2023\/04\/EXT-atp5o-dqcui-220x154.jpg 220w, https:\/\/blog.extremeoutdoor.com.tr\/wp-content\/uploads\/2023\/04\/EXT-atp5o-dqcui-370x257.jpg 370w, https:\/\/blog.extremeoutdoor.com.tr\/wp-content\/uploads\/2023\/04\/EXT-atp5o-dqcui-565x392.jpg 565w, https:\/\/blog.extremeoutdoor.com.tr\/wp-content\/uploads\/2023\/04\/EXT-atp5o-dqcui-600x417.jpg 600w\" sizes=\"auto, (max-width: 750px) 100vw, 750px\" \/><\/figure><p>Karavan seyahatiniz boyunca, her \u015feyden \u00f6ncelikli olan iki \u015fey ise elektrik ve su olacakt\u0131r. Yolculu\u011funuza \u00e7\u0131kmadan \u00f6nce elektrik ve su depolamay\u0131 ihmal etmeyin ve karavan kamp alanlar\u0131nda bu depolama i\u015flemini nas\u0131l yapman\u0131z gerekti\u011fi ile ilgili bilgilere sahip oldu\u011funuzdan emin olun. Karavanla seyahat ederken en \u00e7ok dikkat etmeniz gereken \u015feylerde biri de elektrik. Ara\u00e7 \u00e7al\u0131\u015fm\u0131yor haldeyken kullan\u0131lan elektrik, bir zaman sonra ak\u00fc bitimine neden olur. Karavandan karavana de\u011fi\u015fse de, genel olarak karavanlarda 30 ile 100 litre su tank\u0131 bulunmaktad\u0131r. Bu da a\u015fa\u011f\u0131 yukar\u0131 bir g\u00fcn i\u00e7inde banyo ve mutfak i\u00e7in yeterli olacakt\u0131r. Tuvalet i\u00e7in ayr\u0131 bir tank bulunmaktad\u0131r. At\u0131klar bir d\u00fc\u011fme ile d\u0131\u015far\u0131ya bo\u015falt\u0131l\u0131r. \u00c7evre temizli\u011fini korumak i\u00e7in bu i\u015flemi bo\u015f, toprak bir alanda yapman\u0131z\u0131 tavsiye ederiz. Yolculu\u011fa \u00e7\u0131kmadan \u00f6nce s\u0131cak su sistemini kontrol etmenizde olduk\u00e7a \u00f6nemli detaylar aras\u0131nda. Su deposunu doldurmak i\u00e7in bir hortum ve alet \u00e7antas\u0131 da yan\u0131n\u0131za alman\u0131z gerekenler aras\u0131nda.<\/p><h3 class=\"wp-block-heading\"><strong>Bisiklet, Mangal, \u00c7ad\u0131r ve Kamp Masas\u0131 Gibi D\u0131\u015f Alan E\u015fyalar\u0131n\u0131z\u0131 Yan\u0131n\u0131za Al\u0131n<\/strong><\/h3><figure class=\"wp-block-image size-full\"><img loading=\"lazy\" decoding=\"async\" width=\"750\" height=\"500\" src=\"https:\/\/www.blog.extremeoutdoor.com.tr\/wp-content\/uploads\/2023\/04\/EXT-amql1-8stuj.jpg\" alt=\"\" class=\"wp-image-2953\" srcset=\"https:\/\/blog.extremeoutdoor.com.tr\/wp-content\/uploads\/2023\/04\/EXT-amql1-8stuj.jpg 750w, https:\/\/blog.extremeoutdoor.com.tr\/wp-content\/uploads\/2023\/04\/EXT-amql1-8stuj-300x200.jpg 300w, https:\/\/blog.extremeoutdoor.com.tr\/wp-content\/uploads\/2023\/04\/EXT-amql1-8stuj-370x247.jpg 370w, https:\/\/blog.extremeoutdoor.com.tr\/wp-content\/uploads\/2023\/04\/EXT-amql1-8stuj-565x377.jpg 565w, https:\/\/blog.extremeoutdoor.com.tr\/wp-content\/uploads\/2023\/04\/EXT-amql1-8stuj-600x400.jpg 600w\" sizes=\"auto, (max-width: 750px) 100vw, 750px\" \/><\/figure><p>Karavan seyahatlerinin en keyifli yanlar\u0131ndan biri de d\u0131\u015far\u0131da ge\u00e7irilen zamand\u0131r. \u0130ster kamp alanlar\u0131nda, ister yolda giderken diledi\u011finiz bir yerde durup a\u00e7\u0131k havan\u0131n keyfini \u00e7\u0131karmay\u0131 unutmay\u0131n. \u00c7ad\u0131r, kamp masas\u0131, kamp sandalyesi, \u015femsiye, tente ve battaniye gibi e\u015fyalar d\u0131\u015far\u0131da ge\u00e7irece\u011finiz zaman i\u00e7in olduk\u00e7a kullan\u0131\u015fl\u0131 olacakt\u0131r. Karavan\u0131n\u0131z\u0131 merkezden uzak bir yere park ettiyseniz ve yeni yerler ke\u015ffedip merkezi gezmek isterseniz diye, bisiklet veya motorsiklet gibi ara\u00e7lar\u0131 da yan\u0131n\u0131za almay\u0131 d\u00fc\u015f\u00fcnebilirsiniz. Bir di\u011fer vazge\u00e7ilmez ise barbek\u00fc\u2026 Sevdiklerinizle saatlerce d\u0131\u015far\u0131da keyifli sohbet e\u015fli\u011finde haz\u0131rlayaca\u011f\u0131n\u0131z mangal, karavan seyahatinizin tamamlay\u0131c\u0131s\u0131 olacak.<\/p><h3 class=\"wp-block-heading\"><strong>Ki\u015fisel ve Ev E\u015fyalar\u0131n\u0131z\u0131n Eksiksiz Oldu\u011fundan Emin Olun<\/strong><\/h3><figure class=\"wp-block-image size-full\"><img loading=\"lazy\" decoding=\"async\" width=\"750\" height=\"500\" src=\"https:\/\/www.blog.extremeoutdoor.com.tr\/wp-content\/uploads\/2023\/04\/EXT-a9fa0-yuyga.jpg\" alt=\"\" class=\"wp-image-2954\" srcset=\"https:\/\/blog.extremeoutdoor.com.tr\/wp-content\/uploads\/2023\/04\/EXT-a9fa0-yuyga.jpg 750w, https:\/\/blog.extremeoutdoor.com.tr\/wp-content\/uploads\/2023\/04\/EXT-a9fa0-yuyga-300x200.jpg 300w, https:\/\/blog.extremeoutdoor.com.tr\/wp-content\/uploads\/2023\/04\/EXT-a9fa0-yuyga-370x247.jpg 370w, https:\/\/blog.extremeoutdoor.com.tr\/wp-content\/uploads\/2023\/04\/EXT-a9fa0-yuyga-565x377.jpg 565w, https:\/\/blog.extremeoutdoor.com.tr\/wp-content\/uploads\/2023\/04\/EXT-a9fa0-yuyga-600x400.jpg 600w\" sizes=\"auto, (max-width: 750px) 100vw, 750px\" \/><\/figure><p>Seyahat boyunca karavan\u0131n\u0131z\u0131 ev olarak kullanaca\u011f\u0131n\u0131z\u0131 d\u00fc\u015f\u00fcn\u00fcrsek, yan\u0131n\u0131za alman\u0131z gereken e\u015fyalarda ba\u015fka bir seyahate k\u0131yasla \u00e7ok daha fazla olacakt\u0131r. Yataklar i\u00e7in nevresim tak\u0131m\u0131, yorgan ve yast\u0131k ba\u015fta olmak \u00fczere yaz veya k\u0131\u015f farketmeksizin listenize battaniye eklemeyi de unutmay\u0131n. Mevsime uygun olarak, g\u00fcnl\u00fck ve gece ihtiyac\u0131n\u0131z olabilecek giysilerinizi eksiksiz bir \u015fekilde haz\u0131rlad\u0131\u011f\u0131n\u0131zdan emin olun. Yaz aylar\u0131nda seyahat etmeyi d\u00fc\u015f\u00fcn\u00fcyorsan\u0131z da izleyece\u011finiz rotaya g\u00f6re mayo ve terlik almay\u0131 ihmal etmeyin deriz. Evinizin konforunda olmak i\u00e7in, g\u00fcnl\u00fck kulland\u0131\u011f\u0131n\u0131z banyo e\u015fyalar\u0131n\u0131z\u0131, bak\u0131m \u00fcr\u00fcnlerinizi ve havlunuzu da yan\u0131n\u0131za al\u0131n. Hem \u00f6nlem ama\u00e7l\u0131 olarak hem de devaml\u0131 kulland\u0131\u011f\u0131n\u0131z ila\u00e7lar\u0131nda bulundu\u011fu bir ilkyard\u0131m \u00e7antas\u0131 haz\u0131rlay\u0131n. Son olarakta, keyfinize keyif katmas\u0131 i\u00e7in bir kitap, hobi e\u015fyalar\u0131 veya sevdiklerinizle oynayabilece\u011finiz kutu oyunlar\u0131n\u0131 yan\u0131n\u0131zda g\u00f6t\u00fcrmeyi unutmay\u0131n.<\/p><h3 class=\"wp-block-heading\"><strong>Yemek\u00a0ve\u00a0Mutfak\u00a0i\u00e7in Gerekli E\u015fyalar\u0131 Unutmay\u0131n<\/strong><\/h3><p>Bir karavan seyahatin olmazsa olmaz\u0131 tabikide yemek ve gerekli mutfak e\u015fyalar\u0131. Seyahate \u00e7\u0131kmadan \u00f6nce yemek, i\u00e7ecek ve mutfak gere\u00e7leri i\u00e7in bir liste haz\u0131rlay\u0131n. Yolculu\u011funuz s\u0131ras\u0131nda ne kadar \u015fehir veya k\u00f6y merkezlerinden yemek ve i\u00e7ecek eksiklerinizi giderebilme imkan\u0131n\u0131z olsada, yeteri kadar erzak bulundurmak her zaman i\u015finizi kolayla\u015ft\u0131racakt\u0131r. Dondurulmu\u015f, vakumlanm\u0131\u015f veya konserve yiyecekler uzun d\u00f6nemli yolculuklar i\u00e7in ideal olacakt\u0131r. Meyve, sebze, et, tavuk, ekmek, kuruyemi\u015f ve at\u0131\u015ft\u0131rmal\u0131k gibi besinleri ve temel g\u0131dalar\u0131 da listenize eklemeyi unutmay\u0131n. Su, \u00e7ay, kahve ve diledi\u011finiz di\u011fer i\u00e7ecekler i\u00e7in karavan\u0131n\u0131zda fazlas\u0131yla yer olacakt\u0131r. Gelelim karavan mutfa\u011f\u0131nda ihtiyac\u0131n\u0131z olabilecek e\u015fyalara. Tava, kettle, \u00e7atal b\u0131\u00e7ak seti, tabak ve bardak bu e\u015fyalar\u0131n ba\u015f\u0131nda geliyor. Ba\u015fta ne kadar gereksiz olabilece\u011fini d\u00fc\u015f\u00fcnsenizde, makas, \u00e7akmak, kibrit, termos, \u00e7\u00f6p po\u015feti ve ka\u011f\u0131t havlu da seyahatiniz boyunca ihtiya\u00e7 duyabilecekleriniz aras\u0131nda. Kendinizi \u015f\u0131martmak i\u00e7in yan\u0131n\u0131zda \u00e7ay veya kahve demlemek i\u00e7in gerekli olan ekipmanlar\u0131n\u0131z\u0131 bile g\u00f6t\u00fcrebilirsiniz.<\/p><h3 class=\"wp-block-heading\"><strong>Hayat\u0131n\u0131z\u0131 Kolayla\u015ft\u0131racak Olan Elektronik E\u015fyalar\u0131n\u0131z\u0131 Yan\u0131n\u0131za Al\u0131n<\/strong><\/h3><figure class=\"wp-block-image size-full\"><img loading=\"lazy\" decoding=\"async\" width=\"750\" height=\"500\" src=\"https:\/\/www.blog.extremeoutdoor.com.tr\/wp-content\/uploads\/2023\/04\/EXT-a99a1-0mbqq.jpg\" alt=\"\" class=\"wp-image-2955\" srcset=\"https:\/\/blog.extremeoutdoor.com.tr\/wp-content\/uploads\/2023\/04\/EXT-a99a1-0mbqq.jpg 750w, https:\/\/blog.extremeoutdoor.com.tr\/wp-content\/uploads\/2023\/04\/EXT-a99a1-0mbqq-300x200.jpg 300w, https:\/\/blog.extremeoutdoor.com.tr\/wp-content\/uploads\/2023\/04\/EXT-a99a1-0mbqq-370x247.jpg 370w, https:\/\/blog.extremeoutdoor.com.tr\/wp-content\/uploads\/2023\/04\/EXT-a99a1-0mbqq-565x377.jpg 565w, https:\/\/blog.extremeoutdoor.com.tr\/wp-content\/uploads\/2023\/04\/EXT-a99a1-0mbqq-600x400.jpg 600w\" sizes=\"auto, (max-width: 750px) 100vw, 750px\" \/><\/figure><p>Ba\u015fta ne kadar gereksiz g\u00f6r\u00fcnsede, asl\u0131nda hayat\u0131n\u0131z\u0131 kolayla\u015ft\u0131rabilecek olan elektrikli aletleri yan\u0131n\u0131za almay\u0131 unutmay\u0131n. Telefon ve di\u011fer elektronik cihazlar\u0131n\u0131z\u0131 \u015farj edebilmeniz i\u00e7in \u00e7akmak \u015farj\u0131 ve USB \u00e7oklay\u0131c\u0131 gibi elektronik e\u015fyalar\u0131 da yan\u0131n\u0131zda g\u00f6t\u00fcrmeyi unutmay\u0131n. Karavanla seyahat ederken en \u00e7ok dikkat etmeniz gereken \u015feylerden biri de ara\u00e7 \u00e7al\u0131\u015fm\u0131yor haldeyken kullan\u0131lan elektrik. Bu nedenle, karavan kamp yerlerindeki elektrik \u00fcnitesinden yararlanabilmek i\u00e7in bir uzatma kablosuna ihtiyac\u0131n\u0131z olacakt\u0131r. E\u015fyalar\u0131n g\u00fcvenli\u011fi i\u00e7in alarm ve kilit sistemini de unutmay\u0131n deriz. Fener, mum, hoparl\u00f6r ve uzatmal\u0131 \u0131\u015f\u0131kland\u0131rma sistemleri de d\u0131\u015far\u0131da ge\u00e7irece\u011finiz ak\u015fam keyfinize e\u015flik edecek detaylar aras\u0131nda.<\/p><h3 class=\"wp-block-heading\"><strong>Karavan\u0131n\u0131z ile \u0130lgili Teknik Bilgileri \u00d6\u011frenin<\/strong><\/h3><p>Yolculu\u011fa \u00e7\u0131kmadan \u00f6nce yapman\u0131z gereken bir di\u011fer \u015fey ise, karavan\u0131n\u0131z ile ilgili teknik bilgilere sahip olmak. Her duruma haz\u0131rl\u0131kl\u0131 olmak amac\u0131yla karavan sat\u0131n ald\u0131ktan veya kiralad\u0131ktan sonra uzman birinden t\u00fcm detaylar\u0131 \u00f6\u011frenmelisiniz, hatta isterseniz bir ba\u015flang\u0131\u00e7 dersi bile alabilirsiniz. Lastik patlamas\u0131 veya lambalarla ilgili olas\u0131 sorunlar ile nas\u0131l ba\u015fa \u00e7\u0131k\u0131labilece\u011fini bilmek fazlas\u0131yla i\u015finize yar\u0131yacakt\u0131r. Ara\u00e7 ar\u0131zalar\u0131yla ilgili genel olarak ula\u015fabilece\u011finiz bir servisin telefon numaras\u0131 her daim yan\u0131n\u0131zda bulunmal\u0131. Bunun d\u0131\u015f\u0131nda \u00e7ekmece ve dolaplar\u0131n sabit olmas\u0131, g\u00fcvenli\u011finiz a\u00e7\u0131s\u0131ndan her zaman \u00f6nemli olacakt\u0131r.<\/p>\n\n<div class=\"kk-star-ratings kksr-auto kksr-align-right kksr-valign-bottom\"\n    data-payload='{&quot;align&quot;:&quot;right&quot;,&quot;id&quot;:&quot;2939&quot;,&quot;slug&quot;:&quot;default&quot;,&quot;valign&quot;:&quot;bottom&quot;,&quot;ignore&quot;:&quot;&quot;,&quot;reference&quot;:&quot;auto&quot;,&quot;class&quot;:&quot;&quot;,&quot;count&quot;:&quot;0&quot;,&quot;legendonly&quot;:&quot;&quot;,&quot;readonly&quot;:&quot;&quot;,&quot;score&quot;:&quot;0&quot;,&quot;starsonly&quot;:&quot;&quot;,&quot;best&quot;:&quot;5&quot;,&quot;gap&quot;:&quot;5&quot;,&quot;greet&quot;:&quot;Oylama Yap&quot;,&quot;legend&quot;:&quot;0\\\/5 - (0 votes)&quot;,&quot;size&quot;:&quot;24&quot;,&quot;title&quot;:&quot;KARAVAN SEYAHAT\u0130 HAKKINDA B\u0130L\u0130NMES\u0130 GEREKENLER&quot;,&quot;width&quot;:&quot;0&quot;,&quot;_legend&quot;:&quot;{score}\\\/{best} - ({count} {votes})&quot;,&quot;font_factor&quot;:&quot;1.25&quot;}'>\n            \n<div class=\"kksr-stars\">\n    \n<div class=\"kksr-stars-inactive\">\n            <div class=\"kksr-star\" data-star=\"1\" style=\"padding-right: 5px\">\n            \n\n<div class=\"kksr-icon\" style=\"width: 24px; height: 24px;\"><\/div>\n        <\/div>\n            <div class=\"kksr-star\" data-star=\"2\" style=\"padding-right: 5px\">\n            \n\n<div class=\"kksr-icon\" style=\"width: 24px; height: 24px;\"><\/div>\n        <\/div>\n            <div class=\"kksr-star\" data-star=\"3\" style=\"padding-right: 5px\">\n            \n\n<div class=\"kksr-icon\" style=\"width: 24px; height: 24px;\"><\/div>\n        <\/div>\n            <div class=\"kksr-star\" data-star=\"4\" style=\"padding-right: 5px\">\n            \n\n<div class=\"kksr-icon\" style=\"width: 24px; height: 24px;\"><\/div>\n        <\/div>\n            <div class=\"kksr-star\" data-star=\"5\" style=\"padding-right: 5px\">\n            \n\n<div class=\"kksr-icon\" style=\"width: 24px; height: 24px;\"><\/div>\n        <\/div>\n    <\/div>\n    \n<div class=\"kksr-stars-active\" style=\"width: 0px;\">\n            <div class=\"kksr-star\" style=\"padding-right: 5px\">\n            \n\n<div class=\"kksr-icon\" style=\"width: 24px; height: 24px;\"><\/div>\n        <\/div>\n            <div class=\"kksr-star\" style=\"padding-right: 5px\">\n            \n\n<div class=\"kksr-icon\" style=\"width: 24px; height: 24px;\"><\/div>\n        <\/div>\n            <div class=\"kksr-star\" style=\"padding-right: 5px\">\n            \n\n<div class=\"kksr-icon\" style=\"width: 24px; height: 24px;\"><\/div>\n        <\/div>\n            <div class=\"kksr-star\" style=\"padding-right: 5px\">\n            \n\n<div class=\"kksr-icon\" style=\"width: 24px; height: 24px;\"><\/div>\n        <\/div>\n            <div class=\"kksr-star\" style=\"padding-right: 5px\">\n            \n\n<div class=\"kksr-icon\" style=\"width: 24px; height: 24px;\"><\/div>\n        <\/div>\n    <\/div>\n<\/div>\n                \n\n<div class=\"kksr-legend\" style=\"font-size: 19.2px;\">\n            <span class=\"kksr-muted\">Oylama Yap<\/span>\n    <\/div>\n    <\/div>\n","protected":false},"excerpt":{"rendered":"<p>Karavan seyahatine \u00e7\u0131kmadan \u00f6nce d\u00fc\u015f\u00fcn\u00fclmesi ve yap\u0131lmas\u0131 gereken pek \u00e7ok \u015fey var.Uzun zamand\u0131r karavanla seyahat etme hayalini ger\u00e7ekle\u015ftirmek isteyen seyahat&hellip;<\/p>\n","protected":false},"author":990005,"featured_media":2956,"comment_status":"open","ping_status":"open","sticky":false,"template":"","format":"standard","meta":{"footnotes":""},"categories":[74],"tags":[672,670,671],"class_list":["post-2939","post","type-post","status-publish","format-standard","has-post-thumbnail","hentry","category-karavan","tag-kamp-karavan","tag-karavan","tag-karavan-kamp-hakkinda-bilinmesi-gerekenler"],"_links":{"self":[{"href":"https:\/\/blog.extremeoutdoor.com.tr\/index.php\/wp-json\/wp\/v2\/posts\/2939","targetHints":{"allow":["GET"]}}],"collection":[{"href":"https:\/\/blog.extremeoutdoor.com.tr\/index.php\/wp-json\/wp\/v2\/posts"}],"about":[{"href":"https:\/\/blog.extremeoutdoor.com.tr\/index.php\/wp-json\/wp\/v2\/types\/post"}],"author":[{"embeddable":true,"href":"https:\/\/blog.extremeoutdoor.com.tr\/index.php\/wp-json\/wp\/v2\/users\/990005"}],"replies":[{"embeddable":true,"href":"https:\/\/blog.extremeoutdoor.com.tr\/index.php\/wp-json\/wp\/v2\/comments?post=2939"}],"version-history":[{"count":1,"href":"https:\/\/blog.extremeoutdoor.com.tr\/index.php\/wp-json\/wp\/v2\/posts\/2939\/revisions"}],"predecessor-version":[{"id":2957,"href":"https:\/\/blog.extremeoutdoor.com.tr\/index.php\/wp-json\/wp\/v2\/posts\/2939\/revisions\/2957"}],"wp:featuredmedia":[{"embeddable":true,"href":"https:\/\/blog.extremeoutdoor.com.tr\/index.php\/wp-json\/wp\/v2\/media\/2956"}],"wp:attachment":[{"href":"https:\/\/blog.extremeoutdoor.com.tr\/index.php\/wp-json\/wp\/v2\/media?parent=2939"}],"wp:term":[{"taxonomy":"category","embeddable":true,"href":"https:\/\/blog.extremeoutdoor.com.tr\/index.php\/wp-json\/wp\/v2\/categories?post=2939"},{"taxonomy":"post_tag","embeddable":true,"href":"https:\/\/blog.extremeoutdoor.com.tr\/index.php\/wp-json\/wp\/v2\/tags?post=2939"}],"curies":[{"name":"wp","href":"https:\/\/api.w.org\/{rel}","templated":true}]}}