{"id":2958,"date":"2023-04-19T11:56:23","date_gmt":"2023-04-19T08:56:23","guid":{"rendered":"https:\/\/www.blog.extremeoutdoor.com.tr\/?p=2958"},"modified":"2023-04-19T11:56:24","modified_gmt":"2023-04-19T08:56:24","slug":"gozde-karavan-rotalari","status":"publish","type":"post","link":"https:\/\/blog.extremeoutdoor.com.tr\/index.php\/2023\/04\/19\/gozde-karavan-rotalari\/","title":{"rendered":"G\u00f6zde Karavan Rotalar\u0131"},"content":{"rendered":"<p>\u015eehrin temposundan uzakla\u015fmak ve yepyeni yerler ke\u015ffetmek isteyenler i\u00e7in karavan yolculu\u011fu en g\u00fczel seyahat se\u00e7eneklerinden biri. \u00dcstelik son d\u00f6nemde tatilden \u00e7ok bir\u00e7ok ki\u015finin ya\u015fam stili haline gelen bu seyahat bi\u00e7iminin sizlere unutulmaz anlar ya\u015fataca\u011f\u0131 kesin. Kendinizi kimi zaman do\u011fan\u0131n ortas\u0131nda kimi zaman da muhte\u015fem bir deniz manzaras\u0131n\u0131n yan\u0131nda bulabilece\u011finiz en g\u00fczel karavan destinasyonlar\u0131n\u0131 bir araya getirdik. Haz\u0131rsan\u0131z unutulmaz bir yolculuk i\u00e7in rotan\u0131z\u0131 olu\u015fturmaya ba\u015flay\u0131n!<\/p><h2 class=\"wp-block-heading\"><strong>G\u00f6k\u00e7etepe Tabiat Park\u0131, Ke\u015fan<\/strong><\/h2><figure class=\"wp-block-image size-full\"><img loading=\"lazy\" decoding=\"async\" width=\"750\" height=\"750\" src=\"https:\/\/www.blog.extremeoutdoor.com.tr\/wp-content\/uploads\/2023\/04\/EXT-gokcetepe-kamp.jpg\" alt=\"\" class=\"wp-image-2959\" srcset=\"https:\/\/blog.extremeoutdoor.com.tr\/wp-content\/uploads\/2023\/04\/EXT-gokcetepe-kamp.jpg 750w, https:\/\/blog.extremeoutdoor.com.tr\/wp-content\/uploads\/2023\/04\/EXT-gokcetepe-kamp-300x300.jpg 300w, https:\/\/blog.extremeoutdoor.com.tr\/wp-content\/uploads\/2023\/04\/EXT-gokcetepe-kamp-150x150.jpg 150w, https:\/\/blog.extremeoutdoor.com.tr\/wp-content\/uploads\/2023\/04\/EXT-gokcetepe-kamp-370x370.jpg 370w, https:\/\/blog.extremeoutdoor.com.tr\/wp-content\/uploads\/2023\/04\/EXT-gokcetepe-kamp-110x110.jpg 110w, https:\/\/blog.extremeoutdoor.com.tr\/wp-content\/uploads\/2023\/04\/EXT-gokcetepe-kamp-565x565.jpg 565w, https:\/\/blog.extremeoutdoor.com.tr\/wp-content\/uploads\/2023\/04\/EXT-gokcetepe-kamp-600x600.jpg 600w, https:\/\/blog.extremeoutdoor.com.tr\/wp-content\/uploads\/2023\/04\/EXT-gokcetepe-kamp-100x100.jpg 100w\" sizes=\"auto, (max-width: 750px) 100vw, 750px\" \/><\/figure><p>Saros K\u00f6rfezi\u2019nde bulunan&nbsp;<a href=\"https:\/\/www.instagram.com\/gokcetepetabiatofficial\/\" target=\"_blank\" rel=\"noreferrer noopener\">G\u00f6k\u00e7etepe Tabiat Park\u0131<\/a>, \u00e7am ormanlar\u0131yla \u00e7evrili, sakl\u0131 bir k\u00f6\u015fe adeta. Konum itibar\u0131yla \u0130stanbul\u2019a 230 km uzakl\u0131kta olan tabiat park\u0131, karavan ve \u00e7ad\u0131r kamp\u0131 i\u00e7in \u00e7ok tercih edilen rotalardan. Ayr\u0131ca dalg\u0131\u00e7lar\u0131n ve dal\u0131\u015f kul\u00fcplerinin de favori adreslerinden biri. Binlerce farkl\u0131 deniz canl\u0131s\u0131, Saros K\u00f6rfezi\u2019nde dal\u0131\u015f keyfini daha da g\u00fczel k\u0131l\u0131yor. Karavanla bu rotaya gelecekler, Y\u0131ld\u0131z ve \u00c7ak\u0131l Koyu olarak adland\u0131r\u0131lan b\u00f6lgede karavanlar\u0131yla keyifli bir tatil ge\u00e7irebilir. Deniz manzaras\u0131n\u0131n yan\u0131 ba\u015f\u0131nda konaklamak, istedi\u011finiz zaman denize girebilmek ayr\u0131 bir keyif.<\/p><p><a href=\"https:\/\/goo.gl\/maps\/N3kFGBhSunN43EMBA\" target=\"_blank\" rel=\"noreferrer noopener\">G\u00f6k\u00e7etepe\/Ke\u015fan\/Edirne<\/a><\/p><h3 class=\"wp-block-heading\"><strong>Yedig\u00f6ller Tabiat Park\u0131, Bolu<\/strong><\/h3><figure class=\"wp-block-image size-full\"><img loading=\"lazy\" decoding=\"async\" width=\"750\" height=\"500\" src=\"https:\/\/www.blog.extremeoutdoor.com.tr\/wp-content\/uploads\/2023\/04\/EXT-yedigoller-karavan.jpg\" alt=\"\" class=\"wp-image-2960\" srcset=\"https:\/\/blog.extremeoutdoor.com.tr\/wp-content\/uploads\/2023\/04\/EXT-yedigoller-karavan.jpg 750w, https:\/\/blog.extremeoutdoor.com.tr\/wp-content\/uploads\/2023\/04\/EXT-yedigoller-karavan-300x200.jpg 300w, https:\/\/blog.extremeoutdoor.com.tr\/wp-content\/uploads\/2023\/04\/EXT-yedigoller-karavan-370x247.jpg 370w, https:\/\/blog.extremeoutdoor.com.tr\/wp-content\/uploads\/2023\/04\/EXT-yedigoller-karavan-565x377.jpg 565w, https:\/\/blog.extremeoutdoor.com.tr\/wp-content\/uploads\/2023\/04\/EXT-yedigoller-karavan-600x400.jpg 600w\" sizes=\"auto, (max-width: 750px) 100vw, 750px\" \/><\/figure><p>Tablo gibi manzaralar\u0131yla me\u015fhur olan&nbsp;<a href=\"https:\/\/www.yedigollermillipark.com\/\" target=\"_blank\" rel=\"noreferrer noopener\">Yedig\u00f6ller Milli Park\u0131<\/a>, Bolu\u2019nun 42 kilometre kuzeyinde, Zonguldak\u2019\u0131n g\u00fcneyinde yer al\u0131yor. Milli Park\u2019a, Ankara\u2013\u0130stanbul karayolunun 152\u2019nci kilometresindeki Yeni\u00e7a\u011fa ve 190\u2019\u0131nc\u0131 kilometresindeki Bolu\u2019dan kuzeye ayr\u0131lan yollarla ula\u015fabilirsiniz. Milli park b\u00fcnyesinde B\u00fcy\u00fckg\u00f6l, Sering\u00f6l, Dering\u00f6l, Nazl\u0131g\u00f6l, K\u00fc\u00e7\u00fckg\u00f6l, \u0130nceg\u00f6l ve Sazl\u0131g\u00f6l olarak 7 g\u00f6l var. Do\u011fan\u0131n kalbinde y\u00fcr\u00fcy\u00fc\u015f yapmak, harika foto\u011fraflar \u00e7ekmek, manzaralar\u0131n tad\u0131na varmak i\u00e7in bu rota akl\u0131n\u0131zda olsun.<\/p><p><a href=\"https:\/\/goo.gl\/maps\/6Jf1on8mtNhsVKeU9\" target=\"_blank\" rel=\"noreferrer noopener\">Merkez, Yedig\u00f6ller, Bolu<\/a><\/p><h3 class=\"wp-block-heading\"><strong>Bor\u00e7ka Karag\u00f6l, Artvin<\/strong><\/h3><figure class=\"wp-block-image size-full\"><img loading=\"lazy\" decoding=\"async\" width=\"750\" height=\"507\" src=\"https:\/\/www.blog.extremeoutdoor.com.tr\/wp-content\/uploads\/2023\/04\/EXT-borckakaragol-karavan.jpg\" alt=\"\" class=\"wp-image-2961\" srcset=\"https:\/\/blog.extremeoutdoor.com.tr\/wp-content\/uploads\/2023\/04\/EXT-borckakaragol-karavan.jpg 750w, https:\/\/blog.extremeoutdoor.com.tr\/wp-content\/uploads\/2023\/04\/EXT-borckakaragol-karavan-300x203.jpg 300w, https:\/\/blog.extremeoutdoor.com.tr\/wp-content\/uploads\/2023\/04\/EXT-borckakaragol-karavan-370x250.jpg 370w, https:\/\/blog.extremeoutdoor.com.tr\/wp-content\/uploads\/2023\/04\/EXT-borckakaragol-karavan-565x382.jpg 565w, https:\/\/blog.extremeoutdoor.com.tr\/wp-content\/uploads\/2023\/04\/EXT-borckakaragol-karavan-600x406.jpg 600w\" sizes=\"auto, (max-width: 750px) 100vw, 750px\" \/><\/figure><p>Do\u011fal g\u00fczelli\u011fiyle b\u00fcy\u00fcleyen Do\u011fu Karadeniz\u2019de karavanla seyahat yapmak unutulmaz deneyimlerden biri olabilir. Ye\u015filin her tonunun oldu\u011fu do\u011fal g\u00fczelli\u011fin aras\u0131nda yol almak da sabah o do\u011fan\u0131n i\u00e7erisinde uyanmak da muhte\u015fem. Artvin\u2019deki&nbsp;<a href=\"https:\/\/www.kulturportali.gov.tr\/turkiye\/artvin\/TurizmAktiviteleri\/borcka-karagol\" target=\"_blank\" rel=\"noreferrer noopener\">Bor\u00e7ka Karag\u00f6l Tabiat Park\u0131<\/a>&nbsp;ise Karadeniz\u2019de karavanda konaklamak denildi\u011finde ilk akla gelen yerlerden bir tanesi. Bor\u00e7ka\u2019n\u0131n co\u011frafi \u015fartlar\u0131 gere\u011fi yolun engebeli oldu\u011funu ve g\u00f6l kenar\u0131nda de\u011fil de ormanl\u0131k alanda karavan\u0131 park edebilece\u011finizi unutmay\u0131n.<\/p><p><a href=\"https:\/\/goo.gl\/maps\/CUXBt5c5jR9uo5qC6\" target=\"_blank\" rel=\"noreferrer noopener\">Kaynarca, Bor\u00e7ka, Artvin<\/a><\/p><h3 class=\"wp-block-heading\"><strong>Mountrain, Bolu<\/strong><\/h3><figure class=\"wp-block-image size-full\"><img loading=\"lazy\" decoding=\"async\" width=\"750\" height=\"750\" src=\"https:\/\/www.blog.extremeoutdoor.com.tr\/wp-content\/uploads\/2023\/04\/EXT-mountrain-karavan.jpg\" alt=\"\" class=\"wp-image-2962\" srcset=\"https:\/\/blog.extremeoutdoor.com.tr\/wp-content\/uploads\/2023\/04\/EXT-mountrain-karavan.jpg 750w, https:\/\/blog.extremeoutdoor.com.tr\/wp-content\/uploads\/2023\/04\/EXT-mountrain-karavan-300x300.jpg 300w, https:\/\/blog.extremeoutdoor.com.tr\/wp-content\/uploads\/2023\/04\/EXT-mountrain-karavan-150x150.jpg 150w, https:\/\/blog.extremeoutdoor.com.tr\/wp-content\/uploads\/2023\/04\/EXT-mountrain-karavan-370x370.jpg 370w, https:\/\/blog.extremeoutdoor.com.tr\/wp-content\/uploads\/2023\/04\/EXT-mountrain-karavan-110x110.jpg 110w, https:\/\/blog.extremeoutdoor.com.tr\/wp-content\/uploads\/2023\/04\/EXT-mountrain-karavan-565x565.jpg 565w, https:\/\/blog.extremeoutdoor.com.tr\/wp-content\/uploads\/2023\/04\/EXT-mountrain-karavan-600x600.jpg 600w, https:\/\/blog.extremeoutdoor.com.tr\/wp-content\/uploads\/2023\/04\/EXT-mountrain-karavan-100x100.jpg 100w\" sizes=\"auto, (max-width: 750px) 100vw, 750px\" \/><\/figure><p>Bolu Alada\u011flar\u2019da bulunan, z\u00fcmr\u00fct ye\u015fili sar\u0131\u00e7am ormanlar\u0131 aras\u0131nda kurulu&nbsp;<a href=\"https:\/\/www.instagram.com\/mountrainoutdoor\/\" target=\"_blank\" rel=\"noreferrer noopener\">Mountrain Outdoor Club<\/a>, do\u011fal bir g\u00f6l ve orman\u0131n bulundu\u011fu, 300 d\u00f6n\u00fcml\u00fck alana sahip. Ayn\u0131 zamanda spor, tatil ve aktivite merkezi de olan bu kampta, karavan tatili yapmak ayr\u0131 keyif. Bolu merkeze olduk\u00e7a yak\u0131n ve do\u011fan\u0131n kalbinde bir kamp deneyimi i\u00e7in ideal bir yer.<\/p><p><a href=\"https:\/\/goo.gl\/maps\/qtK1JghB8SgH4NoV9\" target=\"_blank\" rel=\"noreferrer noopener\">Mesciler, Merkez\/Bolu<\/a><\/p><h3 class=\"wp-block-heading\"><strong>Dilek Yar\u0131madas\u0131, B\u00fcy\u00fck Menderes Deltas\u0131 Milli Park\u0131, Ayd\u0131n<\/strong><\/h3><figure class=\"wp-block-image size-full\"><img loading=\"lazy\" decoding=\"async\" width=\"750\" height=\"421\" src=\"https:\/\/www.blog.extremeoutdoor.com.tr\/wp-content\/uploads\/2023\/04\/EXT-dilekyarimadasi-karavan.jpg\" alt=\"\" class=\"wp-image-2963\" srcset=\"https:\/\/blog.extremeoutdoor.com.tr\/wp-content\/uploads\/2023\/04\/EXT-dilekyarimadasi-karavan.jpg 750w, https:\/\/blog.extremeoutdoor.com.tr\/wp-content\/uploads\/2023\/04\/EXT-dilekyarimadasi-karavan-300x168.jpg 300w, https:\/\/blog.extremeoutdoor.com.tr\/wp-content\/uploads\/2023\/04\/EXT-dilekyarimadasi-karavan-370x208.jpg 370w, https:\/\/blog.extremeoutdoor.com.tr\/wp-content\/uploads\/2023\/04\/EXT-dilekyarimadasi-karavan-565x317.jpg 565w, https:\/\/blog.extremeoutdoor.com.tr\/wp-content\/uploads\/2023\/04\/EXT-dilekyarimadasi-karavan-600x337.jpg 600w, https:\/\/blog.extremeoutdoor.com.tr\/wp-content\/uploads\/2023\/04\/EXT-dilekyarimadasi-karavan-270x152.jpg 270w\" sizes=\"auto, (max-width: 750px) 100vw, 750px\" \/><\/figure><p>Ayd\u0131n Ku\u015fadas\u0131\u2019nda bulunan&nbsp;<a href=\"https:\/\/kusadasi.bel.tr\/dilek-yarimadasi-buyuk-menderes-deltasi-milli-parki\/\" target=\"_blank\" rel=\"noreferrer noopener\">Dilek Yar\u0131madas\u0131<\/a>, i\u00e7erisinde bar\u0131nd\u0131rd\u0131\u011f\u0131 endemik t\u00fcrler ve biyo \u00e7e\u015fitlilikle g\u00f6r\u00fclmesi gereken yerlerden bir tanesi. \u0130\u00e7erisinde hem kamp yapmak hem de karavanla konaklamak i\u00e7in farkl\u0131 alanlar bulunuyor. Hem karavan sahipleri hem de kamp yapmak isteyenler i\u00e7in maksimumda konfor sa\u011flayacak hizmetler de milli parkta sunuluyor. Tertemiz denizi olan Dilek Yar\u0131madas\u0131\u2019nda farkl\u0131 koylar bulunuyor hepsi de \u0131\u015f\u0131l \u0131\u015f\u0131l, bal\u0131klar\u0131 izleyebilece\u011finiz kadar berrak sulara sahip.<\/p><p><a href=\"https:\/\/goo.gl\/maps\/SpKhjA57xY6NfhzY7\" target=\"_blank\" rel=\"noreferrer noopener\">B\u00fcy\u00fck Menderes Deltas\u0131 Milli Park\u0131, Ku\u015fadas\u0131\/Ayd\u0131n<\/a><\/p><h3 class=\"wp-block-heading\"><strong>P\u00fcrenli Yaylas\u0131, D\u00fczce<\/strong><\/h3><figure class=\"wp-block-image size-full\"><img loading=\"lazy\" decoding=\"async\" width=\"750\" height=\"530\" src=\"https:\/\/www.blog.extremeoutdoor.com.tr\/wp-content\/uploads\/2023\/04\/EXT-purenli-yarimadasi.jpg\" alt=\"\" class=\"wp-image-2964\" srcset=\"https:\/\/blog.extremeoutdoor.com.tr\/wp-content\/uploads\/2023\/04\/EXT-purenli-yarimadasi.jpg 750w, https:\/\/blog.extremeoutdoor.com.tr\/wp-content\/uploads\/2023\/04\/EXT-purenli-yarimadasi-300x212.jpg 300w, https:\/\/blog.extremeoutdoor.com.tr\/wp-content\/uploads\/2023\/04\/EXT-purenli-yarimadasi-220x154.jpg 220w, https:\/\/blog.extremeoutdoor.com.tr\/wp-content\/uploads\/2023\/04\/EXT-purenli-yarimadasi-370x261.jpg 370w, https:\/\/blog.extremeoutdoor.com.tr\/wp-content\/uploads\/2023\/04\/EXT-purenli-yarimadasi-565x399.jpg 565w, https:\/\/blog.extremeoutdoor.com.tr\/wp-content\/uploads\/2023\/04\/EXT-purenli-yarimadasi-600x424.jpg 600w\" sizes=\"auto, (max-width: 750px) 100vw, 750px\" \/><\/figure><p><a href=\"https:\/\/www.kulturportali.gov.tr\/turkiye\/duzce\/TurizmAktiviteleri\/purenl-yaylasi\" target=\"_blank\" rel=\"noreferrer noopener\">P\u00fcrenli Yaylas\u0131<\/a>, D\u00fczce\u2019ye 28 km mesafede, G\u00f6lyaka il\u00e7esi s\u0131n\u0131rlar\u0131nda bulunuyor. D\u00fczce, Efteni G\u00f6l\u00fc veya G\u00fczeldere \u015eelalesi Tabiat Park\u0131 yolundan ula\u015f\u0131labiliyor. Yemye\u015fil \u00e7imenlerle kapl\u0131 yaylada bir g\u00f6let de var. Kamp severlerin ve foto\u011fraf merakl\u0131lar\u0131n\u0131n u\u011frak yeri.<\/p><p><a rel=\"noreferrer noopener\" href=\"https:\/\/goo.gl\/maps\/19WQgbntTzwnEvSx7\" target=\"_blank\">Ta\u015fkesti, Mudurnu\/Bolu<\/a><\/p><p><strong>Alt\u0131n Kamp, Burhaniye<\/strong><\/p><figure class=\"wp-block-image size-full\"><img loading=\"lazy\" decoding=\"async\" width=\"750\" height=\"750\" src=\"https:\/\/www.blog.extremeoutdoor.com.tr\/wp-content\/uploads\/2023\/04\/EXT-altinkamp-karavan.jpg\" alt=\"\" class=\"wp-image-2965\" srcset=\"https:\/\/blog.extremeoutdoor.com.tr\/wp-content\/uploads\/2023\/04\/EXT-altinkamp-karavan.jpg 750w, https:\/\/blog.extremeoutdoor.com.tr\/wp-content\/uploads\/2023\/04\/EXT-altinkamp-karavan-300x300.jpg 300w, https:\/\/blog.extremeoutdoor.com.tr\/wp-content\/uploads\/2023\/04\/EXT-altinkamp-karavan-150x150.jpg 150w, https:\/\/blog.extremeoutdoor.com.tr\/wp-content\/uploads\/2023\/04\/EXT-altinkamp-karavan-370x370.jpg 370w, https:\/\/blog.extremeoutdoor.com.tr\/wp-content\/uploads\/2023\/04\/EXT-altinkamp-karavan-110x110.jpg 110w, https:\/\/blog.extremeoutdoor.com.tr\/wp-content\/uploads\/2023\/04\/EXT-altinkamp-karavan-565x565.jpg 565w, https:\/\/blog.extremeoutdoor.com.tr\/wp-content\/uploads\/2023\/04\/EXT-altinkamp-karavan-600x600.jpg 600w, https:\/\/blog.extremeoutdoor.com.tr\/wp-content\/uploads\/2023\/04\/EXT-altinkamp-karavan-100x100.jpg 100w\" sizes=\"auto, (max-width: 750px) 100vw, 750px\" \/><\/figure><p><a href=\"https:\/\/www.instagram.com\/altinkamp\/\" target=\"_blank\" rel=\"noreferrer noopener\">Alt\u0131n Kamp<\/a>&nbsp;hem karavan tutkunlar\u0131 hem de otelde konaklamay\u0131 tercih edenler i\u00e7in alternatifler sunan bir mek\u00e2n. Edremit K\u00f6rfezi\u2019nde bulunuyor. Kumsal\u0131, kampingi, k\u00fc\u00e7\u00fck bir oteli, restoran ve kafeleri mevcut. Denize naz\u0131r bir tatil deneyimi i\u00e7in akl\u0131n\u0131zda olsun.<\/p><p>Alt\u0131n Camp ve Park Otel\u2019in restoranlar\u0131n\u0131 deneyimledi\u011finizde ev yap\u0131m\u0131 geleneksel T\u00fcrk yemeklerini tadabilirsiniz. Ayr\u0131ca ev yap\u0131m\u0131 pizza ve hamburgerlerinde de olduk\u00e7a iddial\u0131lar.<\/p><p><a href=\"https:\/\/goo.gl\/maps\/hG7aB8HvL8cW42dF7\" target=\"_blank\" rel=\"noreferrer noopener\">Burhaniye\/ Bal\u0131kesir<\/a><\/p><h3 class=\"wp-block-heading\"><strong>Ginger Camping, Assos<\/strong><\/h3><figure class=\"wp-block-image size-full\"><img loading=\"lazy\" decoding=\"async\" width=\"750\" height=\"601\" src=\"https:\/\/www.blog.extremeoutdoor.com.tr\/wp-content\/uploads\/2023\/04\/EXT-ginger-karavan.jpg\" alt=\"\" class=\"wp-image-2966\" srcset=\"https:\/\/blog.extremeoutdoor.com.tr\/wp-content\/uploads\/2023\/04\/EXT-ginger-karavan.jpg 750w, https:\/\/blog.extremeoutdoor.com.tr\/wp-content\/uploads\/2023\/04\/EXT-ginger-karavan-300x240.jpg 300w, https:\/\/blog.extremeoutdoor.com.tr\/wp-content\/uploads\/2023\/04\/EXT-ginger-karavan-370x296.jpg 370w, https:\/\/blog.extremeoutdoor.com.tr\/wp-content\/uploads\/2023\/04\/EXT-ginger-karavan-565x453.jpg 565w, https:\/\/blog.extremeoutdoor.com.tr\/wp-content\/uploads\/2023\/04\/EXT-ginger-karavan-291x232.jpg 291w, https:\/\/blog.extremeoutdoor.com.tr\/wp-content\/uploads\/2023\/04\/EXT-ginger-karavan-600x481.jpg 600w\" sizes=\"auto, (max-width: 750px) 100vw, 750px\" \/><\/figure><p>Kuzey Ege\u2019de, denize naz\u0131r bu kamp alan\u0131 zeytin a\u011fa\u00e7lar\u0131n\u0131n g\u00f6lgesinde bir tatil deneyi ya\u015famak i\u00e7in ideal. Kad\u0131rga Koyu\u2019nun denizinin g\u00fczelli\u011fini de hat\u0131rlatal\u0131m. Kamp denizin yan\u0131 ba\u015f\u0131nda.&nbsp;<a href=\"https:\/\/www.instagram.com\/gingercamping\/\" target=\"_blank\" rel=\"noreferrer noopener\">Ginger<\/a>\u2019da karavan ve \u00e7ad\u0131r konaklama alanlar\u0131 ayr\u0131. Karavanla seyahat edenler elbette kendileri \u015fahane lezzetler yapabilece\u011fi gibi yak\u0131nlardaki restoranlar\u0131 da tercih edebilir. Zeytin a\u011fa\u00e7lar\u0131n\u0131n g\u00f6lgesinde kitab\u0131n\u0131z\u0131 okuyabilir, Ege\u2019nin sakin atmosferinde ruhunuzu dinlendirebilirsiniz.<\/p><p><a href=\"https:\/\/goo.gl\/maps\/9thrCKajGev4tBWf8\" target=\"_blank\" rel=\"noreferrer noopener\">Behram, Ayvac\u0131k\/\u00c7anakkale<\/a><\/p><h3 class=\"wp-block-heading\"><strong>Aktur, Dat\u00e7a<\/strong><\/h3><figure class=\"wp-block-image size-full\"><img loading=\"lazy\" decoding=\"async\" width=\"750\" height=\"500\" src=\"https:\/\/www.blog.extremeoutdoor.com.tr\/wp-content\/uploads\/2023\/04\/EXT-aktur-datca.jpg\" alt=\"\" class=\"wp-image-2967\" srcset=\"https:\/\/blog.extremeoutdoor.com.tr\/wp-content\/uploads\/2023\/04\/EXT-aktur-datca.jpg 750w, https:\/\/blog.extremeoutdoor.com.tr\/wp-content\/uploads\/2023\/04\/EXT-aktur-datca-300x200.jpg 300w, https:\/\/blog.extremeoutdoor.com.tr\/wp-content\/uploads\/2023\/04\/EXT-aktur-datca-370x247.jpg 370w, https:\/\/blog.extremeoutdoor.com.tr\/wp-content\/uploads\/2023\/04\/EXT-aktur-datca-565x377.jpg 565w, https:\/\/blog.extremeoutdoor.com.tr\/wp-content\/uploads\/2023\/04\/EXT-aktur-datca-600x400.jpg 600w\" sizes=\"auto, (max-width: 750px) 100vw, 750px\" \/><\/figure><p><a href=\"http:\/\/www.datcakamping.com\/\" target=\"_blank\" rel=\"noreferrer noopener\">Dat\u00e7a Aktur Kamping<\/a>, en organize kamplar\u0131ndan biri. Kendi i\u00e7inde bir \u015fehir gibi adeta. \u00c7am a\u011fa\u00e7lar\u0131n\u0131n g\u00f6lgesinde bir tatil sizi bekliyor. Site i\u00e7inde market, restoran, f\u0131r\u0131n, eczane, bankamatik de var. Kamping alan\u0131n\u0131n \u00e7evresinde y\u00fcr\u00fcy\u00fc\u015f, bisiklet turu da yapabilirsiniz. Elbette Dat\u00e7a\u2019n\u0131n olmazsa olmaz\u0131 bal, badem ve bal\u0131\u011f\u0131n\u0131 da tatmadan d\u00f6nmeyin.<\/p><p><a href=\"https:\/\/goo.gl\/maps\/24n9zXTMhjpD7XCZ6\" target=\"_blank\" rel=\"noreferrer noopener\">Aktur Kamping, Dat\u00e7a<\/a><\/p><h3 class=\"wp-block-heading\"><strong>Babakamp, Fethiye<\/strong><\/h3><figure class=\"wp-block-image size-full\"><img loading=\"lazy\" decoding=\"async\" width=\"750\" height=\"563\" src=\"https:\/\/www.blog.extremeoutdoor.com.tr\/wp-content\/uploads\/2023\/04\/EXT-babakamp.jpg\" alt=\"\" class=\"wp-image-2968\" srcset=\"https:\/\/blog.extremeoutdoor.com.tr\/wp-content\/uploads\/2023\/04\/EXT-babakamp.jpg 750w, https:\/\/blog.extremeoutdoor.com.tr\/wp-content\/uploads\/2023\/04\/EXT-babakamp-300x225.jpg 300w, https:\/\/blog.extremeoutdoor.com.tr\/wp-content\/uploads\/2023\/04\/EXT-babakamp-370x278.jpg 370w, https:\/\/blog.extremeoutdoor.com.tr\/wp-content\/uploads\/2023\/04\/EXT-babakamp-565x424.jpg 565w, https:\/\/blog.extremeoutdoor.com.tr\/wp-content\/uploads\/2023\/04\/EXT-babakamp-600x450.jpg 600w\" sizes=\"auto, (max-width: 750px) 100vw, 750px\" \/><\/figure><p>Babada\u011f\u2019da harika bir seyir teras\u0131 olan, do\u011fa i\u00e7inde bir kamp. G\u00fcn bat\u0131m\u0131n\u0131n keyfi burada ayr\u0131. 1300 metre rak\u0131mda, 24 d\u00f6n\u00fcm arazi \u00fczerine yay\u0131lm\u0131\u015f&nbsp;<a href=\"http:\/\/www.babakamp.com\/\" target=\"_blank\" rel=\"noreferrer noopener\">Babakamp<\/a>\u2019ta su do\u011fal kaynaklardan depolara doldurulurken enerji de g\u00fcne\u015f panelleriyle \u00fcretiliyor. Kaynaklar\u0131 bilin\u00e7li kullanmak ad\u0131na su ve elektrik t\u00fcketimini minimumda tutuyor. Ah\u015fap ve ta\u015f evlerde konaklama imk\u00e2n\u0131 da olan Babakamp\u2019ta kendi \u00e7ad\u0131r\u0131n\u0131zda veya karavan\u0131n\u0131zda konaklayabilirsiniz.<\/p><p><a href=\"https:\/\/goo.gl\/maps\/XWPoEsQBU32e1jCg7\" target=\"_blank\" rel=\"noreferrer noopener\">Ak\u00e7aovac\u0131k Plateau 1300M, Babada\u011f\/Mu\u011fla<\/a><\/p><h3 class=\"wp-block-heading\"><strong>Cunda Ada Camping, Cunda<\/strong><\/h3><figure class=\"wp-block-image size-full\"><img loading=\"lazy\" decoding=\"async\" width=\"750\" height=\"368\" src=\"https:\/\/www.blog.extremeoutdoor.com.tr\/wp-content\/uploads\/2023\/04\/EXT-adakamp-karavan.jpg\" alt=\"\" class=\"wp-image-2969\" srcset=\"https:\/\/blog.extremeoutdoor.com.tr\/wp-content\/uploads\/2023\/04\/EXT-adakamp-karavan.jpg 750w, https:\/\/blog.extremeoutdoor.com.tr\/wp-content\/uploads\/2023\/04\/EXT-adakamp-karavan-300x147.jpg 300w, https:\/\/blog.extremeoutdoor.com.tr\/wp-content\/uploads\/2023\/04\/EXT-adakamp-karavan-370x182.jpg 370w, https:\/\/blog.extremeoutdoor.com.tr\/wp-content\/uploads\/2023\/04\/EXT-adakamp-karavan-565x277.jpg 565w, https:\/\/blog.extremeoutdoor.com.tr\/wp-content\/uploads\/2023\/04\/EXT-adakamp-karavan-600x294.jpg 600w\" sizes=\"auto, (max-width: 750px) 100vw, 750px\" \/><\/figure><p>Cunda\u2019n\u0131n Midilli\u2019ye bakan k\u0131sm\u0131nda yer alan&nbsp;<a href=\"http:\/\/www.adacamping.com\/\" target=\"_blank\" rel=\"noreferrer noopener\">Ada Camping<\/a>, Cunda merkeze 3 km uzakl\u0131kta. Do\u011fada olmay\u0131 sevenler i\u00e7in harika bir ka\u00e7\u0131\u015f noktas\u0131. \u00d6zel plaj\u0131yla Cunda Tabiat Park\u0131\u2019n\u0131n ve ye\u015filliklerin i\u00e7inde denizle b\u00fct\u00fcnle\u015fmi\u015f bir kamp alan\u0131. Denize s\u0131f\u0131r oda ya da karavanlardan kiralayabilir ya da kendi karavan\u0131n\u0131z ile gelebilirsiniz.<\/p><h3 class=\"wp-block-heading\"><strong>Ka\u015f Kamping, Ka\u015f<\/strong><\/h3><figure class=\"wp-block-image size-full\"><img loading=\"lazy\" decoding=\"async\" width=\"750\" height=\"750\" src=\"https:\/\/www.blog.extremeoutdoor.com.tr\/wp-content\/uploads\/2023\/04\/EXT-kascamping-karavan.jpg\" alt=\"\" class=\"wp-image-2970\" srcset=\"https:\/\/blog.extremeoutdoor.com.tr\/wp-content\/uploads\/2023\/04\/EXT-kascamping-karavan.jpg 750w, https:\/\/blog.extremeoutdoor.com.tr\/wp-content\/uploads\/2023\/04\/EXT-kascamping-karavan-300x300.jpg 300w, https:\/\/blog.extremeoutdoor.com.tr\/wp-content\/uploads\/2023\/04\/EXT-kascamping-karavan-150x150.jpg 150w, https:\/\/blog.extremeoutdoor.com.tr\/wp-content\/uploads\/2023\/04\/EXT-kascamping-karavan-370x370.jpg 370w, https:\/\/blog.extremeoutdoor.com.tr\/wp-content\/uploads\/2023\/04\/EXT-kascamping-karavan-110x110.jpg 110w, https:\/\/blog.extremeoutdoor.com.tr\/wp-content\/uploads\/2023\/04\/EXT-kascamping-karavan-565x565.jpg 565w, https:\/\/blog.extremeoutdoor.com.tr\/wp-content\/uploads\/2023\/04\/EXT-kascamping-karavan-600x600.jpg 600w, https:\/\/blog.extremeoutdoor.com.tr\/wp-content\/uploads\/2023\/04\/EXT-kascamping-karavan-100x100.jpg 100w\" sizes=\"auto, (max-width: 750px) 100vw, 750px\" \/><\/figure><p>1981\u2019den beri\u00a0<a rel=\"noreferrer noopener\" href=\"https:\/\/www.instagram.com\/kaskamping\/\" target=\"_blank\">Club Ka\u015f Camping<\/a>\u00a0do\u011fal ortam\u0131 ve s\u0131cak y\u00fcz\u00fcyle sizinle beraber. Hem dinlenmeniz hem yenilenmeniz i\u00e7in.<br>Ka\u015f\u2019a y\u00fcr\u00fcme mesafesi kadar yak\u0131n ama g\u00fcnl\u00fck hayat\u0131n t\u00fcm zorluklar\u0131ndan kilometrelerce uzak. \u0130ster modern ah\u015fap evlerde ister karavan veya \u00e7ad\u0131r\u0131n\u0131zda tatilin tad\u0131n\u0131 \u00e7\u0131karabilirsiniz. Club Ka\u015f Camping, her zaman do\u011fal ve her zaman huzurlu\u2026..<\/p>\n\n<div class=\"kk-star-ratings kksr-auto kksr-align-right kksr-valign-bottom\"\n    data-payload='{&quot;align&quot;:&quot;right&quot;,&quot;id&quot;:&quot;2958&quot;,&quot;slug&quot;:&quot;default&quot;,&quot;valign&quot;:&quot;bottom&quot;,&quot;ignore&quot;:&quot;&quot;,&quot;reference&quot;:&quot;auto&quot;,&quot;class&quot;:&quot;&quot;,&quot;count&quot;:&quot;0&quot;,&quot;legendonly&quot;:&quot;&quot;,&quot;readonly&quot;:&quot;&quot;,&quot;score&quot;:&quot;0&quot;,&quot;starsonly&quot;:&quot;&quot;,&quot;best&quot;:&quot;5&quot;,&quot;gap&quot;:&quot;5&quot;,&quot;greet&quot;:&quot;Oylama Yap&quot;,&quot;legend&quot;:&quot;0\\\/5 - (0 votes)&quot;,&quot;size&quot;:&quot;24&quot;,&quot;title&quot;:&quot;G\u00f6zde Karavan Rotalar\u0131&quot;,&quot;width&quot;:&quot;0&quot;,&quot;_legend&quot;:&quot;{score}\\\/{best} - ({count} {votes})&quot;,&quot;font_factor&quot;:&quot;1.25&quot;}'>\n            \n<div class=\"kksr-stars\">\n    \n<div class=\"kksr-stars-inactive\">\n            <div class=\"kksr-star\" data-star=\"1\" style=\"padding-right: 5px\">\n            \n\n<div class=\"kksr-icon\" style=\"width: 24px; height: 24px;\"><\/div>\n        <\/div>\n            <div class=\"kksr-star\" data-star=\"2\" style=\"padding-right: 5px\">\n            \n\n<div class=\"kksr-icon\" style=\"width: 24px; height: 24px;\"><\/div>\n        <\/div>\n            <div class=\"kksr-star\" data-star=\"3\" style=\"padding-right: 5px\">\n            \n\n<div class=\"kksr-icon\" style=\"width: 24px; height: 24px;\"><\/div>\n        <\/div>\n            <div class=\"kksr-star\" data-star=\"4\" style=\"padding-right: 5px\">\n            \n\n<div class=\"kksr-icon\" style=\"width: 24px; height: 24px;\"><\/div>\n        <\/div>\n            <div class=\"kksr-star\" data-star=\"5\" style=\"padding-right: 5px\">\n            \n\n<div class=\"kksr-icon\" style=\"width: 24px; height: 24px;\"><\/div>\n        <\/div>\n    <\/div>\n    \n<div class=\"kksr-stars-active\" style=\"width: 0px;\">\n            <div class=\"kksr-star\" style=\"padding-right: 5px\">\n            \n\n<div class=\"kksr-icon\" style=\"width: 24px; height: 24px;\"><\/div>\n        <\/div>\n            <div class=\"kksr-star\" style=\"padding-right: 5px\">\n            \n\n<div class=\"kksr-icon\" style=\"width: 24px; height: 24px;\"><\/div>\n        <\/div>\n            <div class=\"kksr-star\" style=\"padding-right: 5px\">\n            \n\n<div class=\"kksr-icon\" style=\"width: 24px; height: 24px;\"><\/div>\n        <\/div>\n            <div class=\"kksr-star\" style=\"padding-right: 5px\">\n            \n\n<div class=\"kksr-icon\" style=\"width: 24px; height: 24px;\"><\/div>\n        <\/div>\n            <div class=\"kksr-star\" style=\"padding-right: 5px\">\n            \n\n<div class=\"kksr-icon\" style=\"width: 24px; height: 24px;\"><\/div>\n        <\/div>\n    <\/div>\n<\/div>\n                \n\n<div class=\"kksr-legend\" style=\"font-size: 19.2px;\">\n            <span class=\"kksr-muted\">Oylama Yap<\/span>\n    <\/div>\n    <\/div>\n","protected":false},"excerpt":{"rendered":"<p>\u015eehrin temposundan uzakla\u015fmak ve yepyeni yerler ke\u015ffetmek isteyenler i\u00e7in karavan yolculu\u011fu en g\u00fczel seyahat se\u00e7eneklerinden biri. \u00dcstelik son d\u00f6nemde tatilden&hellip;<\/p>\n","protected":false},"author":990005,"featured_media":2971,"comment_status":"open","ping_status":"open","sticky":false,"template":"","format":"standard","meta":{"footnotes":""},"categories":[74],"tags":[],"class_list":["post-2958","post","type-post","status-publish","format-standard","has-post-thumbnail","hentry","category-karavan"],"_links":{"self":[{"href":"https:\/\/blog.extremeoutdoor.com.tr\/index.php\/wp-json\/wp\/v2\/posts\/2958","targetHints":{"allow":["GET"]}}],"collection":[{"href":"https:\/\/blog.extremeoutdoor.com.tr\/index.php\/wp-json\/wp\/v2\/posts"}],"about":[{"href":"https:\/\/blog.extremeoutdoor.com.tr\/index.php\/wp-json\/wp\/v2\/types\/post"}],"author":[{"embeddable":true,"href":"https:\/\/blog.extremeoutdoor.com.tr\/index.php\/wp-json\/wp\/v2\/users\/990005"}],"replies":[{"embeddable":true,"href":"https:\/\/blog.extremeoutdoor.com.tr\/index.php\/wp-json\/wp\/v2\/comments?post=2958"}],"version-history":[{"count":1,"href":"https:\/\/blog.extremeoutdoor.com.tr\/index.php\/wp-json\/wp\/v2\/posts\/2958\/revisions"}],"predecessor-version":[{"id":2972,"href":"https:\/\/blog.extremeoutdoor.com.tr\/index.php\/wp-json\/wp\/v2\/posts\/2958\/revisions\/2972"}],"wp:featuredmedia":[{"embeddable":true,"href":"https:\/\/blog.extremeoutdoor.com.tr\/index.php\/wp-json\/wp\/v2\/media\/2971"}],"wp:attachment":[{"href":"https:\/\/blog.extremeoutdoor.com.tr\/index.php\/wp-json\/wp\/v2\/media?parent=2958"}],"wp:term":[{"taxonomy":"category","embeddable":true,"href":"https:\/\/blog.extremeoutdoor.com.tr\/index.php\/wp-json\/wp\/v2\/categories?post=2958"},{"taxonomy":"post_tag","embeddable":true,"href":"https:\/\/blog.extremeoutdoor.com.tr\/index.php\/wp-json\/wp\/v2\/tags?post=2958"}],"curies":[{"name":"wp","href":"https:\/\/api.w.org\/{rel}","templated":true}]}}