{"id":2981,"date":"2023-04-19T12:38:10","date_gmt":"2023-04-19T09:38:10","guid":{"rendered":"https:\/\/www.blog.extremeoutdoor.com.tr\/?p=2981"},"modified":"2023-04-19T12:38:11","modified_gmt":"2023-04-19T09:38:11","slug":"kamp-mati-nedir-ve-nasil-secilir","status":"publish","type":"post","link":"https:\/\/blog.extremeoutdoor.com.tr\/index.php\/2023\/04\/19\/kamp-mati-nedir-ve-nasil-secilir\/","title":{"rendered":"KAMP MATI NED\u0130R ve NASIL SE\u00c7\u0130L\u0130R"},"content":{"rendered":"<p>Kamp matlar\u0131, do\u011fada sa\u011flam bir uyku uyumak i\u00e7in iki b\u00fcy\u00fck rol oynar. Bunlar konfor ve \u0131s\u0131 yal\u0131t\u0131m\u0131d\u0131r. Kamp mat\u0131 se\u00e7erken; \u00e7o\u011fu ki\u015fi konfor fakt\u00f6r\u00fcn\u00fc \u00f6ncelikli g\u00f6r\u00fcr fakat bu yanl\u0131\u015f bir yakla\u015f\u0131md\u0131r. Uyumak i\u00e7in rahat ve konforlu bir y\u00fczeyden ziyade \u0131s\u0131 yal\u0131t\u0131m\u0131n\u0131n sa\u011flanmas\u0131 daha \u00f6nemli bir konudur. Kamp yapmay\u0131 veya s\u0131rt \u00e7antas\u0131yla uzun seyahatler etmeyi sevenlerin kamp mat\u0131 se\u00e7erken \u00f6ncelikle dikkat etmesi gereken \u00fc\u00e7 \u00f6nemli nokta bulunmaktad\u0131r.<\/p><h2 class=\"wp-block-heading\">3 Ad\u0131mda Kamp Mat\u0131 Se\u00e7imi Nas\u0131l Yap\u0131l\u0131r<\/h2><ol class=\"wp-block-list\"><li><strong>Kamp Mat\u0131 \u00c7e\u015fitlerini \u00f6\u011frenin:<\/strong>\u00a0Birka\u00e7 farkl\u0131\u00a0<strong><a href=\"https:\/\/www.extremeoutdoor.com.tr\/matlar-200\" data-type=\"URL\" data-id=\"https:\/\/www.extremeoutdoor.com.tr\/matlar-200\"><mark style=\"background-color:rgba(0, 0, 0, 0)\" class=\"has-inline-color has-vivid-red-color\">kamp mat\u0131<\/mark><\/a><\/strong>\u00a0\u00e7e\u015fidi vard\u0131r. \u015ei\u015fme matlar, askeri kamp mat\u0131, \u015fi\u015fme yataklar gibi \u00e7ok \u00e7e\u015fitli kamp matlar\u0131 vard\u0131r. Bunlar\u0131n neler oldu\u011funu ve nas\u0131l performans verdiklerini \u00f6\u011frenmeniz faydal\u0131 olacakt\u0131r.<\/li>\n\n<li><strong>Nerede kullanaca\u011f\u0131n\u0131za karar verin:<\/strong>&nbsp;Kamp mat\u0131n\u0131z\u0131 nerede kullanaca\u011f\u0131n\u0131za g\u00f6re se\u00e7in. Kamp&nbsp;i\u00e7in farkl\u0131, s\u0131rt \u00e7antas\u0131yla uzun seyahatler i\u00e7in farkl\u0131 \u00f6zelliklerde matlar se\u00e7meniz gerekir.<\/li>\n\n<li><strong>\u00d6nceliklerinizi belirleyin:<\/strong>&nbsp;Kamp mat\u0131nda hangi \u00f6zelliklerin sizin i\u00e7in daha \u00f6nemli oldu\u011funa iyi karar verin. Ta\u015f\u0131nabilirlik, konfor, boyut, \u0131s\u0131 yal\u0131t\u0131m\u0131 gibi \u00f6zelliklerden hangisi sizin i\u00e7in daha \u00f6nemli?<\/li><\/ol><p>Kamp mat\u0131 se\u00e7erken bu \u00fc\u00e7 noktaya dikkat etmeniz \u00f6nemlidir. Kamp mat\u0131n\u0131z\u0131 kampa gitmeden \u00f6nce evde mutlaka test etmelisiniz. Genellikle nas\u0131l yat\u0131yorsan\u0131z, o \u015fekilde mat\u0131n \u00fczerine birka\u00e7 kere uzan\u0131n. Bu \u015fekilde konforlu olup olmad\u0131\u011f\u0131n\u0131 \u00f6\u011frenebilirsiniz. Kamp mat\u0131n\u0131z\u0131n bak\u0131m\u0131, katlarken dikkat etmeniz gerekenler konusunda da sat\u0131n ald\u0131\u011f\u0131n\u0131z yerden bilgi almay\u0131 unutmay\u0131n.<\/p><figure class=\"wp-block-image size-full\"><img loading=\"lazy\" decoding=\"async\" width=\"750\" height=\"249\" src=\"https:\/\/www.blog.extremeoutdoor.com.tr\/wp-content\/uploads\/2023\/04\/EXT-0000480_kamp-mati-nedir-nasil-secilir_800.jpeg\" alt=\"\" class=\"wp-image-2982\" srcset=\"https:\/\/blog.extremeoutdoor.com.tr\/wp-content\/uploads\/2023\/04\/EXT-0000480_kamp-mati-nedir-nasil-secilir_800.jpeg 750w, https:\/\/blog.extremeoutdoor.com.tr\/wp-content\/uploads\/2023\/04\/EXT-0000480_kamp-mati-nedir-nasil-secilir_800-300x100.jpeg 300w, https:\/\/blog.extremeoutdoor.com.tr\/wp-content\/uploads\/2023\/04\/EXT-0000480_kamp-mati-nedir-nasil-secilir_800-370x123.jpeg 370w, https:\/\/blog.extremeoutdoor.com.tr\/wp-content\/uploads\/2023\/04\/EXT-0000480_kamp-mati-nedir-nasil-secilir_800-565x188.jpeg 565w, https:\/\/blog.extremeoutdoor.com.tr\/wp-content\/uploads\/2023\/04\/EXT-0000480_kamp-mati-nedir-nasil-secilir_800-600x199.jpeg 600w\" sizes=\"auto, (max-width: 750px) 100vw, 750px\" \/><\/figure><h2 class=\"wp-block-heading\">Kamp Mat\u0131 Ne \u0130\u015fe Yarar?<\/h2><p>Kamp mat\u0131; \u00e7ad\u0131r\u0131m\u0131z\u0131 kurdu\u011fumuz zemin ile v\u00fccudumuz aras\u0131na serdi\u011fimiz; biz zeminin so\u011fu\u011fundan koruyan \u00e7ok \u00f6nemli bir malzemedir. Geceleri d\u00fc\u015fen hava s\u0131cakl\u0131\u011f\u0131 nedeniyle so\u011fuyan toprak bizi uykumuzda hasta edebilir. Kamp mat\u0131 ise\u00a0<strong><a href=\"https:\/\/www.extremeoutdoor.com.tr\/cadirlar-216\" data-type=\"URL\" data-id=\"https:\/\/www.extremeoutdoor.com.tr\/cadirlar-216\"><mark style=\"background-color:rgba(0, 0, 0, 0)\" class=\"has-inline-color has-luminous-vivid-orange-color\">kamp \u00e7ad\u0131r\u0131<\/mark><\/a><\/strong>\u00a0i\u00e7inde zemin ile v\u00fccudumuz aras\u0131nda stabil bir hava katman\u0131 olu\u015fturur. Bu sayede; geceleri v\u00fccut \u0131s\u0131m\u0131z bu hava katman\u0131n\u0131 \u0131s\u0131t\u0131r ve biz de zeminin so\u011fu\u011fundan korunmu\u015f oluruz.<\/p><p>Uyku tulumumuz ne kadar kal\u0131n ve so\u011fu\u011fa kar\u015f\u0131 dayan\u0131kl\u0131 olursa olsun; v\u00fccut a\u011f\u0131rl\u0131\u011f\u0131m\u0131z\u0131n etkisiyle uyku tulumununun\u00a0alt k\u0131sm\u0131 zemin ile v\u00fccudumuz aras\u0131nda s\u0131k\u0131\u015facakt\u0131r. Bu y\u00fczden\u00a0<strong><a href=\"https:\/\/www.extremeoutdoor.com.tr\/uyku-tulumlari-575\" data-type=\"URL\" data-id=\"https:\/\/www.extremeoutdoor.com.tr\/uyku-tulumlari-575\"><mark style=\"background-color:rgba(0, 0, 0, 0)\" class=\"has-inline-color has-luminous-vivid-orange-color\">uyku tulumu<\/mark><\/a><\/strong>\u00a0ile zemin aras\u0131nda tampon g\u00f6revi g\u00f6recek bir kamp mat\u0131 hayati \u00f6nem ta\u015f\u0131maktad\u0131r.<\/p><h2 class=\"wp-block-heading\">Kamp Mat\u0131 \u00c7e\u015fitleri Nelerdir?<\/h2><h3 class=\"wp-block-heading\"><a href=\"https:\/\/www.extremeoutdoor.com.tr\/sisme-matlar-477\" data-type=\"URL\" data-id=\"https:\/\/www.extremeoutdoor.com.tr\/sisme-matlar-477\"><strong><mark style=\"background-color:rgba(0, 0, 0, 0)\" class=\"has-inline-color has-black-color\">\u015ei\u015fme Matlar<\/mark><\/strong><\/a><\/h3><figure class=\"wp-block-image size-full\"><img loading=\"lazy\" decoding=\"async\" width=\"750\" height=\"250\" src=\"https:\/\/www.blog.extremeoutdoor.com.tr\/wp-content\/uploads\/2023\/04\/EXT-bva5LY.jpg\" alt=\"\" class=\"wp-image-2983\" srcset=\"https:\/\/blog.extremeoutdoor.com.tr\/wp-content\/uploads\/2023\/04\/EXT-bva5LY.jpg 750w, https:\/\/blog.extremeoutdoor.com.tr\/wp-content\/uploads\/2023\/04\/EXT-bva5LY-300x100.jpg 300w, https:\/\/blog.extremeoutdoor.com.tr\/wp-content\/uploads\/2023\/04\/EXT-bva5LY-370x123.jpg 370w, https:\/\/blog.extremeoutdoor.com.tr\/wp-content\/uploads\/2023\/04\/EXT-bva5LY-565x188.jpg 565w, https:\/\/blog.extremeoutdoor.com.tr\/wp-content\/uploads\/2023\/04\/EXT-bva5LY-600x200.jpg 600w\" sizes=\"auto, (max-width: 750px) 100vw, 750px\" \/><\/figure><p>\u015ei\u015fme matlar, son y\u0131llarda iyice hafifledi ve s\u0131rt \u00e7antas\u0131na s\u0131\u011fabilecek boyutlara geldi. \u00c7o\u011fu \u015fi\u015fme mat; s\u0131cakl\u0131\u011f\u0131 koruyabilmek i\u00e7in yans\u0131t\u0131c\u0131 ve yal\u0131t\u0131ml\u0131 malzemelerden yap\u0131lmaktad\u0131r. B\u00f6ylece \u0131s\u0131 kayb\u0131 konusunda bir problem ya\u015famazs\u0131n\u0131z. \u015ei\u015fme matlar\u0131n pek \u00e7o\u011funu nefesinizle 3 dakika i\u00e7inde \u015fi\u015firebilirsiniz. Ancak baz\u0131 modelleri i\u00e7in pompa kullanman\u0131z gerekebilir. \u015ei\u015fme kamp matlar\u0131 en konforlu ve hafif matlar\u0131n ba\u015f\u0131nda gelir. Bir\u00e7o\u011fu s\u0131cak havalarda, s\u0131rt \u00e7antas\u0131nda ta\u015f\u0131nabilir hafiflikte \u00fcretilir. D\u00f6rt mevsim kullan\u0131labilecek modellerde ek yal\u0131t\u0131m malzemeleri kullan\u0131lm\u0131\u015f olabilir. Mat\u0131n \u00fczerinde yatarken, hava vanalar\u0131n\u0131 a\u00e7arak mat\u0131n yumu\u015fakl\u0131\u011f\u0131n\u0131 diledi\u011finiz gibi ayarlaman\u0131z m\u00fcmk\u00fcnd\u00fcr.<\/p><p>\u015ei\u015fme kamp matlar\u0131n\u0131 kullan\u0131rken delinme ve y\u0131rt\u0131lmalara dikkat etmelisiniz. Kamp alan\u0131nda tamiri \u00e7ok zor olmasa da kamp mat\u0131n\u0131z\u0131 s\u0131k s\u0131k kontrol etmeniz gerekmektedir. Hava s\u0131cakl\u0131klar\u0131n\u0131n de\u011fi\u015fimine g\u00f6re bazen \u015fi\u015fme mat\u0131n\u0131z hava ka\u00e7\u0131rabilir. Bu y\u00fczden kamp mat\u0131n\u0131zda uyumadan \u00f6nce hava oran\u0131n\u0131 kontrol etmenizde fayda vard\u0131r. Bazen \u015fi\u015firme esnas\u0131nda nefesinizdeki nem kamp mat\u0131n\u0131n i\u00e7inde kalabilir. Bu da yaz\u0131n k\u00fcflenme, k\u0131\u015f\u0131n ise donma gibi sorunlara yol a\u00e7abilir. Bu y\u00fczden k\u00fc\u00e7\u00fck el pompalar\u0131 kullanarak \u015fi\u015firmenizde fayda vard\u0131r.<\/p><h3 class=\"wp-block-heading\"><a href=\"https:\/\/www.extremeoutdoor.com.tr\/klasik-matlar-201\" data-type=\"URL\" data-id=\"https:\/\/www.extremeoutdoor.com.tr\/klasik-matlar-201\"><mark style=\"background-color:rgba(0, 0, 0, 0)\" class=\"has-inline-color has-black-color\">Askeri Kamp Matlar\u0131<\/mark><\/a><\/h3><figure class=\"wp-block-image size-full\"><img loading=\"lazy\" decoding=\"async\" width=\"750\" height=\"250\" src=\"https:\/\/www.blog.extremeoutdoor.com.tr\/wp-content\/uploads\/2023\/04\/EXT-6DE2yN.jpg\" alt=\"\" class=\"wp-image-2984\" srcset=\"https:\/\/blog.extremeoutdoor.com.tr\/wp-content\/uploads\/2023\/04\/EXT-6DE2yN.jpg 750w, https:\/\/blog.extremeoutdoor.com.tr\/wp-content\/uploads\/2023\/04\/EXT-6DE2yN-300x100.jpg 300w, https:\/\/blog.extremeoutdoor.com.tr\/wp-content\/uploads\/2023\/04\/EXT-6DE2yN-370x123.jpg 370w, https:\/\/blog.extremeoutdoor.com.tr\/wp-content\/uploads\/2023\/04\/EXT-6DE2yN-565x188.jpg 565w, https:\/\/blog.extremeoutdoor.com.tr\/wp-content\/uploads\/2023\/04\/EXT-6DE2yN-600x200.jpg 600w\" sizes=\"auto, (max-width: 750px) 100vw, 750px\" \/><\/figure><p>En temel kamp mat\u0131 modellerinden biridir. Kapal\u0131 ve k\u00fc\u00e7\u00fck hava h\u00fccreleri ile dolu, \u00e7ok yo\u011fun bir \u015fekilde s\u0131k\u0131\u015ft\u0131r\u0131lm\u0131\u015f k\u00f6p\u00fckten imal edilirler. Toplanmas\u0131 ve ta\u015f\u0131nmas\u0131 olduk\u00e7a kolayd\u0131r. S\u0131rt \u00e7antalar\u0131n\u0131n \u00fczerinde ta\u015f\u0131nmak i\u00e7in uygundur. Hafif, ucuz ve dayan\u0131kl\u0131d\u0131rlar. Y\u0131rt\u0131nmaya ve delinmeye kar\u015f\u0131 diren\u00e7leri \u00fcst d\u00fczeydedir. Herhangi bir hasar ku\u015fkusu ta\u015f\u0131madan g\u00fcvenle ta\u015f\u0131yabilirsiniz. Kamplarda oturma yeri olarak dahi kullanabilirsiniz. Askeri kamp matlar\u0131n\u0131n tek handikab\u0131 daha az konforlu olu\u015fudur. \u00dcretildi\u011fi malzemeden dolay\u0131 di\u011fer mat \u00e7e\u015fitlerine g\u00f6re daha serttir.<\/p><h3 class=\"wp-block-heading\"><a href=\"https:\/\/www.extremeoutdoor.com.tr\/sisme-yataklar-203\" data-type=\"URL\" data-id=\"https:\/\/www.extremeoutdoor.com.tr\/sisme-yataklar-203\"><strong><mark style=\"background-color:rgba(0, 0, 0, 0)\" class=\"has-inline-color has-black-color\">\u015ei\u015fme Yataklar<\/mark><\/strong><\/a><\/h3><figure class=\"wp-block-image size-full\"><img loading=\"lazy\" decoding=\"async\" width=\"750\" height=\"250\" src=\"https:\/\/www.blog.extremeoutdoor.com.tr\/wp-content\/uploads\/2023\/04\/EXT-863gNr.jpg\" alt=\"\" class=\"wp-image-2985\" srcset=\"https:\/\/blog.extremeoutdoor.com.tr\/wp-content\/uploads\/2023\/04\/EXT-863gNr.jpg 750w, https:\/\/blog.extremeoutdoor.com.tr\/wp-content\/uploads\/2023\/04\/EXT-863gNr-300x100.jpg 300w, https:\/\/blog.extremeoutdoor.com.tr\/wp-content\/uploads\/2023\/04\/EXT-863gNr-370x123.jpg 370w, https:\/\/blog.extremeoutdoor.com.tr\/wp-content\/uploads\/2023\/04\/EXT-863gNr-565x188.jpg 565w, https:\/\/blog.extremeoutdoor.com.tr\/wp-content\/uploads\/2023\/04\/EXT-863gNr-600x200.jpg 600w\" sizes=\"auto, (max-width: 750px) 100vw, 750px\" \/><\/figure><p>\u015ei\u015fme yataklar; daha fazla hava ile yal\u0131t\u0131m ve konforun en \u00fcst d\u00fczeye \u00e7\u0131kart\u0131lmas\u0131 i\u00e7in \u00fcretilmi\u015ftir. Yata\u011f\u0131n valfini a\u00e7arak i\u00e7ine hava doldurduktan sonra rahat\u0131n\u0131za g\u00f6re hava miktar\u0131n\u0131 ayarlayabilirsiniz. Baz\u0131 \u015fi\u015fme yatak modelleri; s\u0131rt \u00e7antas\u0131nda ta\u015f\u0131nabilecek \u015fekilde \u00f6zel olarak tasarlan\u0131r ve katlanabilir olmalar\u0131 sayesinde \u00e7antan\u0131za s\u0131\u011fabilecek \u015fekilde toplanabilir. Baz\u0131 modeller katlanmadan toparlanabilir. \u015ei\u015fme yataklar; en iyi \u0131s\u0131 yal\u0131t\u0131m\u0131n\u0131 ve en konforlu uykuyu vaat ederler. Bu y\u00fczden di\u011fer \u00e7e\u015fitlere g\u00f6re daha pahal\u0131 olabilirler. Bir\u00e7ok kamp mat\u0131ndan daha g\u00fc\u00e7l\u00fc kuma\u015flardan imal edilirler. Bu nedenle \u00e7ocuklarla veya k\u00f6peklerle gitti\u011finiz kamplarda problem ya\u015famazs\u0131n\u0131z. Geceleri hava s\u0131cakl\u0131\u011f\u0131ndaki de\u011fi\u015fimden \u00e7ok kolay etkilenmezler ve hava ka\u00e7\u0131rmazlar.<\/p><h2 class=\"wp-block-heading\">Kamp Mat\u0131 Nas\u0131l Se\u00e7ilir?<\/h2><ol class=\"wp-block-list\"><li>Kamp mat\u0131 se\u00e7erken baz\u0131 noktalar\u0131 g\u00f6z \u00f6n\u00fcnde bulundurman\u0131z gerekir. Kamp mat\u0131n\u0131 kullanaca\u011f\u0131n\u0131z yer ve mevsim bunun i\u00e7in en \u00f6nemli noktad\u0131r.<\/li>\n\n<li>Kamp alan\u0131na ula\u015f\u0131m\u0131n\u0131z\u0131 otomobil ile sa\u011flayacaksan\u0131z; b\u00fcy\u00fckl\u00fck ve a\u011f\u0131rl\u0131k sizin i\u00e7in sorun te\u015fkil etmeyece\u011fi i\u00e7in daha kal\u0131n, b\u00fcy\u00fck ve konforlu bir kamp mat\u0131 se\u00e7ebilirsiniz. \u015ei\u015fme yataklar bu durumlar i\u00e7in en ideal kamp matlar\u0131d\u0131r.<\/li>\n\n<li>S\u0131rt \u00e7antas\u0131yla seyahat edecek bir gezginseniz; askeri matlar veya \u015fi\u015fme kamp matlar\u0131n\u0131 tercih etmelisiniz. Y\u00fcksek hacimli s\u0131rt \u00e7antan\u0131z varsa ve uyku konforu sizin i\u00e7in \u00f6nemliyse \u015fi\u015fme matlara y\u00f6nelmelisiniz. Fakat sat\u0131n al\u0131rken; kamp mat\u0131n\u0131n a\u011f\u0131rl\u0131k, hacim, katlanabilirlik gibi \u00f6zelliklerini iyi ara\u015ft\u0131rmal\u0131s\u0131n\u0131z.<\/li>\n\n<li>Daha minimal \u00e7antan\u0131z varsa askeri kamp matlar\u0131 sizin i\u00e7in en uygun se\u00e7enek olacakt\u0131r. Askeri kamp matlar\u0131n\u0131n hafiflik ve kolay ta\u015f\u0131nabilirli\u011fi sayesinde uzun y\u00fcr\u00fcy\u00fc\u015fler ve da\u011fc\u0131l\u0131k faaliyetleri i\u00e7in de uygundurlar. Askeri kamp matlar\u0131 yapaca\u011f\u0131n\u0131z kamplarda yan\u0131n\u0131zda uyku tulumu ve k\u00fc\u00e7\u00fck yast\u0131klar ta\u015f\u0131man\u0131z da ayr\u0131ca faydal\u0131 olacakt\u0131r.<\/li>\n\n<li>K\u0131\u015f\u0131n kamp yapacaklar i\u00e7in de dikkat edilmesi gereken ilk \u00f6zellik elbette ki \u0131s\u0131 yal\u0131t\u0131m\u0131 olmal\u0131d\u0131r. Bu y\u00fczden bir adet askeri kamp mat\u0131n\u0131n \u00fczerine \u015fi\u015fme matlar kullanman\u0131z \u0131s\u0131 yal\u0131t\u0131m\u0131 miktar\u0131n\u0131 artt\u0131racakt\u0131r.<\/li>\n\n<li>Kamp mat\u0131 se\u00e7imi; konforlu ve g\u00fczel kamp organizasyonlar\u0131 i\u00e7in \u00e7ok dikkat etmeniz gereken bir konudur. <strong><a href=\"https:\/\/www.extremeoutdoor.com.tr\/\"><mark style=\"background-color:rgba(0, 0, 0, 0)\" class=\"has-inline-color has-black-color\">https:\/\/www.extremeoutdoor.com.tr\/<\/mark><\/a><\/strong>  \u2019da ihtiyac\u0131n\u0131za uygun en iyi kamp mat\u0131 modellerini bulabilirsiniz.<\/li><\/ol>\n\n<div class=\"kk-star-ratings kksr-auto kksr-align-right kksr-valign-bottom\"\n    data-payload='{&quot;align&quot;:&quot;right&quot;,&quot;id&quot;:&quot;2981&quot;,&quot;slug&quot;:&quot;default&quot;,&quot;valign&quot;:&quot;bottom&quot;,&quot;ignore&quot;:&quot;&quot;,&quot;reference&quot;:&quot;auto&quot;,&quot;class&quot;:&quot;&quot;,&quot;count&quot;:&quot;0&quot;,&quot;legendonly&quot;:&quot;&quot;,&quot;readonly&quot;:&quot;&quot;,&quot;score&quot;:&quot;0&quot;,&quot;starsonly&quot;:&quot;&quot;,&quot;best&quot;:&quot;5&quot;,&quot;gap&quot;:&quot;5&quot;,&quot;greet&quot;:&quot;Oylama Yap&quot;,&quot;legend&quot;:&quot;0\\\/5 - (0 votes)&quot;,&quot;size&quot;:&quot;24&quot;,&quot;title&quot;:&quot;KAMP MATI NED\u0130R ve NASIL SE\u00c7\u0130L\u0130R&quot;,&quot;width&quot;:&quot;0&quot;,&quot;_legend&quot;:&quot;{score}\\\/{best} - ({count} {votes})&quot;,&quot;font_factor&quot;:&quot;1.25&quot;}'>\n            \n<div class=\"kksr-stars\">\n    \n<div class=\"kksr-stars-inactive\">\n            <div class=\"kksr-star\" data-star=\"1\" style=\"padding-right: 5px\">\n            \n\n<div class=\"kksr-icon\" style=\"width: 24px; height: 24px;\"><\/div>\n        <\/div>\n            <div class=\"kksr-star\" data-star=\"2\" style=\"padding-right: 5px\">\n            \n\n<div class=\"kksr-icon\" style=\"width: 24px; height: 24px;\"><\/div>\n        <\/div>\n            <div class=\"kksr-star\" data-star=\"3\" style=\"padding-right: 5px\">\n            \n\n<div class=\"kksr-icon\" style=\"width: 24px; height: 24px;\"><\/div>\n        <\/div>\n            <div class=\"kksr-star\" data-star=\"4\" style=\"padding-right: 5px\">\n            \n\n<div class=\"kksr-icon\" style=\"width: 24px; height: 24px;\"><\/div>\n        <\/div>\n            <div class=\"kksr-star\" data-star=\"5\" style=\"padding-right: 5px\">\n            \n\n<div class=\"kksr-icon\" style=\"width: 24px; height: 24px;\"><\/div>\n        <\/div>\n    <\/div>\n    \n<div class=\"kksr-stars-active\" style=\"width: 0px;\">\n            <div class=\"kksr-star\" style=\"padding-right: 5px\">\n            \n\n<div class=\"kksr-icon\" style=\"width: 24px; height: 24px;\"><\/div>\n        <\/div>\n            <div class=\"kksr-star\" style=\"padding-right: 5px\">\n            \n\n<div class=\"kksr-icon\" style=\"width: 24px; height: 24px;\"><\/div>\n        <\/div>\n            <div class=\"kksr-star\" style=\"padding-right: 5px\">\n            \n\n<div class=\"kksr-icon\" style=\"width: 24px; height: 24px;\"><\/div>\n        <\/div>\n            <div class=\"kksr-star\" style=\"padding-right: 5px\">\n            \n\n<div class=\"kksr-icon\" style=\"width: 24px; height: 24px;\"><\/div>\n        <\/div>\n            <div class=\"kksr-star\" style=\"padding-right: 5px\">\n            \n\n<div class=\"kksr-icon\" style=\"width: 24px; height: 24px;\"><\/div>\n        <\/div>\n    <\/div>\n<\/div>\n                \n\n<div class=\"kksr-legend\" style=\"font-size: 19.2px;\">\n            <span class=\"kksr-muted\">Oylama Yap<\/span>\n    <\/div>\n    <\/div>\n","protected":false},"excerpt":{"rendered":"<p>Kamp matlar\u0131, do\u011fada sa\u011flam bir uyku uyumak i\u00e7in iki b\u00fcy\u00fck rol oynar. Bunlar konfor ve \u0131s\u0131 yal\u0131t\u0131m\u0131d\u0131r. Kamp mat\u0131 se\u00e7erken;&hellip;<\/p>\n","protected":false},"author":990005,"featured_media":2986,"comment_status":"open","ping_status":"open","sticky":false,"template":"","format":"standard","meta":{"footnotes":""},"categories":[15],"tags":[678,681,682,127,145,679,676,677,680],"class_list":["post-2981","post","type-post","status-publish","format-standard","has-post-thumbnail","hentry","category-kampcilik","tag-askeri-kamp-mati","tag-bestway-kamp-mati","tag-bestway-sisme-yatak","tag-extreme-outdoor-blog","tag-kamp-mati","tag-katlanir-kamp-mati","tag-naturehike-ultralight-kamp-mati","tag-sisme-kamp-mati","tag-sisme-yataklar"],"_links":{"self":[{"href":"https:\/\/blog.extremeoutdoor.com.tr\/index.php\/wp-json\/wp\/v2\/posts\/2981","targetHints":{"allow":["GET"]}}],"collection":[{"href":"https:\/\/blog.extremeoutdoor.com.tr\/index.php\/wp-json\/wp\/v2\/posts"}],"about":[{"href":"https:\/\/blog.extremeoutdoor.com.tr\/index.php\/wp-json\/wp\/v2\/types\/post"}],"author":[{"embeddable":true,"href":"https:\/\/blog.extremeoutdoor.com.tr\/index.php\/wp-json\/wp\/v2\/users\/990005"}],"replies":[{"embeddable":true,"href":"https:\/\/blog.extremeoutdoor.com.tr\/index.php\/wp-json\/wp\/v2\/comments?post=2981"}],"version-history":[{"count":1,"href":"https:\/\/blog.extremeoutdoor.com.tr\/index.php\/wp-json\/wp\/v2\/posts\/2981\/revisions"}],"predecessor-version":[{"id":2987,"href":"https:\/\/blog.extremeoutdoor.com.tr\/index.php\/wp-json\/wp\/v2\/posts\/2981\/revisions\/2987"}],"wp:featuredmedia":[{"embeddable":true,"href":"https:\/\/blog.extremeoutdoor.com.tr\/index.php\/wp-json\/wp\/v2\/media\/2986"}],"wp:attachment":[{"href":"https:\/\/blog.extremeoutdoor.com.tr\/index.php\/wp-json\/wp\/v2\/media?parent=2981"}],"wp:term":[{"taxonomy":"category","embeddable":true,"href":"https:\/\/blog.extremeoutdoor.com.tr\/index.php\/wp-json\/wp\/v2\/categories?post=2981"},{"taxonomy":"post_tag","embeddable":true,"href":"https:\/\/blog.extremeoutdoor.com.tr\/index.php\/wp-json\/wp\/v2\/tags?post=2981"}],"curies":[{"name":"wp","href":"https:\/\/api.w.org\/{rel}","templated":true}]}}