{"id":2988,"date":"2023-04-19T12:59:14","date_gmt":"2023-04-19T09:59:14","guid":{"rendered":"https:\/\/www.blog.extremeoutdoor.com.tr\/?p=2988"},"modified":"2023-04-19T12:59:14","modified_gmt":"2023-04-19T09:59:14","slug":"cadir-nasil-isitilir","status":"publish","type":"post","link":"https:\/\/blog.extremeoutdoor.com.tr\/index.php\/2023\/04\/19\/cadir-nasil-isitilir\/","title":{"rendered":"\u00c7ADIR NASIL ISITILIR ??"},"content":{"rendered":"<p>Sonbahar ve k\u0131\u015f aylar\u0131nda kamp\u00e7\u0131lar\u0131n en \u00e7ok zorland\u0131klar\u0131 ve \u00e7\u00f6z\u00fcm arad\u0131klar\u0131 konulardan biri \u0131s\u0131nma sorunudur. Bu yaz\u0131m\u0131zda siz de\u011ferli m\u00fc\u015fterilerimize \u00e7ad\u0131r\u0131n\u0131z\u0131n i\u00e7erisinde nas\u0131l s\u0131cak bir ortam olu\u015fturabilece\u011finizi ve kendinizi nas\u0131l s\u0131cak tutabilece\u011finizi anlataca\u011f\u0131z. Uyku tulumu ve&nbsp;i\u00e7lik<strong>&nbsp;<\/strong>gibi malzemelerin \u00f6neminden bahsedecek ve k\u0131\u015f kamp\u0131 i\u00e7in gerekli oldu\u011funu d\u00fc\u015f\u00fcnd\u00fc\u011f\u00fcm\u00fcz baz\u0131 tavsiyeler verece\u011fiz.<\/p><h2 class=\"wp-block-heading\">\u00c7ad\u0131r\u0131 S\u0131cak Tutmak \u0130\u00e7in Neler Yap\u0131labilir?<\/h2><h3 class=\"wp-block-heading\">1- Ta\u015f ile Is\u0131tma<\/h3><p>\u00c7ad\u0131r\u0131n\u0131z\u0131 so\u011fuk havalarda ta\u015f yard\u0131m\u0131yla \u0131s\u0131tabilece\u011finizi biliyor muydunuz? Yapman\u0131z gereken \u015fey \u00e7ok basit, \u0131s\u0131t\u0131lm\u0131\u015f ta\u015flar\u0131 \u00e7ad\u0131r\u0131n\u0131z\u0131n i\u00e7erisine ta\u015f\u0131mak. Is\u0131nm\u0131\u015f ta\u015flar e\u011fer do\u011frudan \u00e7ad\u0131r\u0131n i\u00e7erisine ta\u015f\u0131n\u0131rlarsa \u00e7ad\u0131r\u0131n\u0131z\u0131 eritebilir, ayr\u0131ca&nbsp;u\u011frayacaklar\u0131 \u0131s\u0131 kayb\u0131 ile so\u011fu\u011fun tekrar hissedilmesi&nbsp;\u00e7ok uzun s\u00fcrmeyecektir. Ta\u015flar\u0131n \u00e7ad\u0131r\u0131n\u0131za zarar vermemesi ve&nbsp;daha uzun s\u00fcre \u0131s\u0131tmas\u0131 i\u00e7in kullan\u0131lan baz\u0131 y\u00f6ntemler vard\u0131r. Bu y\u00f6ntemlerden en etkili olan ta\u015flar\u0131 al\u00fcminyum folyo ile sarmakt\u0131r. Bu sayede ta\u015flar\u0131n\u0131z\u0131n 6-8 saat boyunca s\u0131cak kalacak ve \u00e7ad\u0131r\u0131n\u0131z\u0131 \u0131s\u0131tmaya devam edecektir.<\/p><h3 class=\"wp-block-heading\">2- Mum ile Is\u0131tma<\/h3><p>Kamp\u00e7\u0131lar taraf\u0131nda s\u0131kl\u0131kla kullan\u0131lan ve olduk\u00e7a pratik olan bu y\u00f6ntem ayn\u0131 zamanda b\u00fcy\u00fck bir dikkat gerektiriyor. \u00c7ad\u0131r\u0131n i\u00e7erisinde mum yakarak \u0131s\u0131nabilirsiniz ancak son derece dikkatli davranman\u0131z gerekiyor \u00e7\u00fcnk\u00fc mumun devrilmesi durumunda \u00e7ad\u0131r\u0131n\u0131z\u0131n yanacakt\u0131r. Bu y\u00f6ntemi kullan\u0131rken yakaca\u011f\u0131n\u0131z mumlar\u0131 \u00f6rne\u011fin bir tencerenin i\u00e7erisine koymak iyi bir fikir olabilir.<\/p><p>Mumlar\u0131 korunakl\u0131 \u015fekilde yerle\u015ftirmenin bir di\u011fer y\u00f6ntemi ise teneke bir kutunun \u00fcst\u00fcn\u00fc kesip mumlar\u0131 i\u00e7erisine yerle\u015ftirmek olabilir. Bu y\u00f6ntem ile teneke kutu koruma sa\u011flamas\u0131n\u0131n yan\u0131nda bir reflekt\u00f6r gibi \u0131s\u0131y\u0131 yans\u0131tacak ve daha iyi bir \u0131s\u0131tma sa\u011flayacakt\u0131r.<\/p><p>Not: Bu y\u00f6ntemin kullan\u0131labilir olmas\u0131 i\u00e7in teneke kutunun mumlardan b\u00fcy\u00fck olmas\u0131na ve havaland\u0131rma pencerelerinden en az birini a\u00e7\u0131k b\u0131rak\u0131lmas\u0131na dikkat ediniz.<\/p><h3 class=\"wp-block-heading\">3- Toprak ile Is\u0131tma<\/h3><p>Bu y\u00f6ntem olduk\u00e7a eski ve g\u00fcvenilir bir y\u00f6ntemdir. \u00c7ad\u0131r\u0131n\u0131z\u0131 kuraca\u011f\u0131n\u0131z yeri belirledikten sonra o b\u00f6lgede b\u00fcy\u00fck bir ate\u015f yakman\u0131z gerekir. Ate\u015f belli bir s\u00fcre yand\u0131ktan sonra olu\u015fan k\u00f6zleri toprak ile \u00f6rt\u00fcp, yere kuru yapraklardan bir \u00f6rt\u00fc&nbsp;sermeniz gerekir. Daha sonras\u0131nda \u00e7ad\u0131r\u0131n\u0131z\u0131 bu b\u00f6lgeye kurabilir ve gece boyu s\u0131cak bir ortamda konaklayabilirsiniz.<\/p><h3 class=\"wp-block-heading\">4- Kamp Sobas\u0131 ile Is\u0131tma<\/h3><p>Geleneksel y\u00f6ntemlerden bahsetti\u011fimize g\u00f6re art\u0131k teknolojinin nimetlerinden de faydalanabiliriz. Kamp sobalar\u0131 \u00e7e\u015fitli \u015fekillerde \u00e7al\u0131\u015f\u0131r, kimi k\u00f6m\u00fcr yada odun yakarak \u00e7al\u0131\u015f\u0131rken kimi kartu\u015f ile \u00e7al\u0131\u015f\u0131r. Odun yada k\u00f6m\u00fcr ile \u00e7al\u0131\u015fan sobalar\u0131 \u00e7ad\u0131r i\u00e7erisinde kullanabilmek i\u00e7in \u00e7ad\u0131r\u0131n boru \u00e7\u0131k\u0131\u015f yeri olmal\u0131d\u0131r ancak kartu\u015f ile \u00e7al\u0131\u015fan sobalarda b\u00f6yle bir gereksinim yoktur.<\/p><p>Bunun yan\u0131nda k\u00f6m\u00fcr ile \u00e7al\u0131\u015fan sobalar \u00e7ad\u0131r\u0131 kartu\u015f ile \u00e7al\u0131\u015fan sobalara k\u0131yasla \u00e7ok daha iyi \u0131s\u0131tmaktad\u0131r. B\u00fcy\u00fck ve boru \u00e7\u0131k\u0131\u015f yeri bulunan&nbsp;<strong><a href=\"https:\/\/www.extremeoutdoor.com.tr\/cadirlar-216\" data-type=\"URL\" data-id=\"https:\/\/www.extremeoutdoor.com.tr\/cadirlar-216\"><mark style=\"background-color:rgba(0, 0, 0, 0)\" class=\"has-inline-color has-vivid-green-cyan-color\">\u00e7ad\u0131rlar<\/mark><\/a>&nbsp;<\/strong>i\u00e7in soba (zahmetini bir kenara b\u0131rakacak olursak) daha mant\u0131kl\u0131 bir se\u00e7im olacakt\u0131r di\u011fer yandan k\u00fc\u00e7\u00fck \u00e7ad\u0131rlar i\u00e7in kartu\u015f ile \u00e7al\u0131\u015fan&nbsp;<strong><a href=\"https:\/\/www.extremeoutdoor.com.tr\/kamp-sobalari-121\" data-type=\"URL\" data-id=\"https:\/\/www.extremeoutdoor.com.tr\/kamp-sobalari-121\"><mark style=\"background-color:rgba(0, 0, 0, 0)\" class=\"has-inline-color has-luminous-vivid-orange-color\">\u00e7ad\u0131r&nbsp;sobalar\u0131<\/mark><\/a>&nbsp;<\/strong>\u00e7ok daha kullan\u0131\u015fl\u0131d\u0131r.<\/p><p><strong>Not: Yukar\u0131da yer alan \u00e7ad\u0131r \u0131s\u0131tma y\u00f6ntemleri dikkaatli olunmamas\u0131 halinde tehlikeli bir hale gelebilir, tecr\u00fcbesiz bir kamp\u00e7\u0131ysan\u0131z yada y\u00f6ntemleri daha \u00f6nce denemediyseniz dikkatli olman\u0131z\u0131 tavsiye ederiz.<\/strong><\/p><h2 class=\"wp-block-heading\">Kampta Is\u0131nmak \u0130\u00e7in Gerekli Malzemeler<\/h2><h3 class=\"wp-block-heading\">1- Uyku Tulumu<\/h3><p><strong><a href=\"https:\/\/www.extremeoutdoor.com.tr\/uyku-tulumlari-575\" data-type=\"URL\" data-id=\"https:\/\/www.extremeoutdoor.com.tr\/uyku-tulumlari-575\"><mark style=\"background-color:rgba(0, 0, 0, 0)\" class=\"has-inline-color has-vivid-red-color\">Uyku tulumu<\/mark><\/a><\/strong>&nbsp;k\u0131\u015f kamp\u0131 yapmay\u0131 d\u00fc\u015f\u00fcnen bir kamp\u00e7\u0131 i\u00e7in en \u00f6nemli ekipmanlar\u0131n ba\u015f\u0131nda gelir. So\u011fuk bir gecede en yak\u0131n dostunuz haline gelecek olan uyku tulumunuzu do\u011fru se\u00e7meniz kamp maceran\u0131zdan maksimum keyif alabilmeniz i\u00e7in \u00e7ok \u00f6nemlidir. T\u00fcrkiye\u2019de kamp yapmay\u0131 d\u00fc\u015f\u00fcnen kamp\u00e7\u0131lar i\u00e7in ekstrem derecesi en az -10C olan bir uyku tulumu yeterli olacakt\u0131r.<\/p><h3 class=\"wp-block-heading\">2- Termal \u0130\u00e7lik ve \u00c7orap<\/h3><p><strong><a href=\"https:\/\/www.extremeoutdoor.com.tr\/Arama?1&amp;kelime=%C4%B0%C3%87L%C4%B0K\" data-type=\"URL\" data-id=\"https:\/\/www.extremeoutdoor.com.tr\/Arama?1&amp;kelime=%C4%B0%C3%87L%C4%B0K\"><mark style=\"background-color:rgba(0, 0, 0, 0)\" class=\"has-inline-color has-vivid-red-color\">Termal i\u00e7lik<\/mark><\/a><\/strong>&nbsp;ve \u00e7oraplar kamp maceralar\u0131n\u0131z esnas\u0131nda ger\u00e7ekle\u015ftirece\u011finiz aktiviteleriniz i\u00e7in olduk\u00e7a elzemdir. Termal olmayan bir i\u00e7lik ve \u00e7orap ile uzun ve yorucu olacak bir yolculu\u011fa \u00e7\u0131kt\u0131\u011f\u0131n\u0131z\u0131 d\u00fc\u015f\u00fcn\u00fcn, ayaklar\u0131n\u0131z ve v\u00fccudunuz mutlaka terleyecektir ve teriniz i\u00e7li\u011finizden d\u0131\u015far\u0131 \u00e7\u0131kamayacakt\u0131r. Dolay\u0131s\u0131yla teriniz \u00fcst\u00fcn\u00fczde kuruyacak ve bu durum havay\u0131 oldu\u011fundan \u00e7ok daha so\u011fuk hissetmenize sebep olacakt\u0131r.<\/p><p>Termal i\u00e7likler sa\u011flad\u0131klar\u0131 \u0131s\u0131 yal\u0131t\u0131m\u0131n\u0131n yan\u0131 s\u0131ra nefes alabilir bir yap\u0131ya da sahip olurlar ve terinizin d\u0131\u015far\u0131ya \u00e7\u0131kmas\u0131na izin verirler. Bu durum uyku esnas\u0131nda da i\u015finize olduk\u00e7a yarayacakt\u0131r.<\/p><h3 class=\"wp-block-heading\">3- \u015ei\u015fme Yatak ve\/veya Mat<\/h3><p><strong><a href=\"https:\/\/www.extremeoutdoor.com.tr\/sisme-yataklar-203\" data-type=\"URL\" data-id=\"https:\/\/www.extremeoutdoor.com.tr\/sisme-yataklar-203\"><mark style=\"background-color:rgba(0, 0, 0, 0)\" class=\"has-inline-color has-vivid-red-color\">\u015ei\u015fme yataklar<\/mark><\/a><\/strong>&nbsp;ve&nbsp;<strong><a href=\"https:\/\/www.extremeoutdoor.com.tr\/matlar-200\" data-type=\"URL\" data-id=\"https:\/\/www.extremeoutdoor.com.tr\/matlar-200\"><mark style=\"background-color:rgba(0, 0, 0, 0)\" class=\"has-inline-color has-vivid-red-color\">matlar<\/mark><\/a><\/strong>&nbsp;temelde ayn\u0131 i\u015flevi g\u00f6r\u00fcrler; Uyku tulumunuzun dolay\u0131s\u0131yla sizin \u00e7ad\u0131r\u0131n taban\u0131 ile olan temas\u0131n\u0131z\u0131 kesmek ve nispeten yumu\u015fak bir zemin sa\u011flamak. Uyku tulumunun \u00e7ad\u0131r\u0131n taban\u0131 ile olan ba\u011flant\u0131s\u0131n\u0131n kesilmesi \u0131s\u0131 yal\u0131t\u0131m\u0131n\u0131n armas\u0131 anlam\u0131na gelir. Yumu\u015fak zemin ise \u00e7ok daha konforlu bir uyku. Dolay\u0131s\u0131yla kamp maceralar\u0131n\u0131z esnas\u0131nda s\u0131cak ve rahat bir uyku i\u00e7in \u015fi\u015fme yatak ve\/veya mat \u00e7ok \u00f6nemlidir.<\/p><h3 class=\"wp-block-heading\">4- K\u0131yafet<\/h3><p>K\u0131\u015f kamp\u0131 yaparken gece so\u011fu\u011funda \u00fc\u015f\u00fcmemek i\u00e7in yapman\u0131z gerekenler aras\u0131nda en \u00e7ok \u00f6nem arz eden konulardan biride giydi\u011finiz k\u0131yafetlere dikkat etmektir. Sadece \u00e7ad\u0131r\u0131n d\u0131\u015far\u0131s\u0131nda aktivitelerinizi ger\u00e7ekle\u015ftirirken de\u011fil \u00e7ad\u0131rda uyurken de k\u0131yafetler \u00e7ok \u00f6nemlidir.&nbsp;<strong><a href=\"https:\/\/www.extremeoutdoor.com.tr\/giyim-135\" data-type=\"URL\" data-id=\"https:\/\/www.extremeoutdoor.com.tr\/giyim-135\"><mark style=\"background-color:rgba(0, 0, 0, 0)\" class=\"has-inline-color has-vivid-red-color\">Outdoor Giyim<\/mark><\/a><\/strong>&nbsp;markalar\u0131n\u0131n \u0131s\u0131 yal\u0131t\u0131m\u0131n\u0131 maksimuma \u00e7\u0131karmak i\u00e7in \u00fcretmi\u015f olduklar\u0131 \u00fcr\u00fcnleri tercih etmek kamp e\u011flencenizi artt\u0131racakt\u0131r.<\/p><h3 class=\"wp-block-heading\">5- Is\u0131 Paketi<\/h3><p><strong><a href=\"https:\/\/www.extremeoutdoor.com.tr\/el-ayak-isiticilari\" data-type=\"URL\" data-id=\"https:\/\/www.extremeoutdoor.com.tr\/el-ayak-isiticilari\"><mark style=\"background-color:rgba(0, 0, 0, 0)\" class=\"has-inline-color has-vivid-red-color\">Is\u0131 Paketleri<\/mark><\/a><\/strong>&nbsp;kullan\u0131m\u0131 \u00e7ok kolay olan ve ger\u00e7ekten \u0131s\u0131nman\u0131za yard\u0131mc\u0131 olan \u00fcr\u00fcnlerdir. Acil bir durumla kar\u015f\u0131la\u015fman\u0131z halinde (\u00d6rne\u011fin anl\u0131k hava de\u011fi\u015fimi) yan\u0131n\u0131zda olmas\u0131n\u0131 isteyece\u011finiz \u00f6nemli bir malzemedir. K\u0131\u015f kamp\u0131 yapan herkeste mutlaka bulunmas\u0131 gerekir.<\/p><h2 class=\"wp-block-heading\">K\u0131\u015f Kamp\u0131 \u0130\u00e7in Tavsiyeler<\/h2><h3 class=\"wp-block-heading\">1- \u00dc\u015f\u00fcyene Kadar Beklemeyin<\/h3><p>\u00dcst\u00fcn\u00fcze bir katman daha k\u0131yafet giymek i\u00e7in \u00fc\u015f\u00fcyene kadar beklemeyin. Havan\u0131n so\u011fuyaca\u011f\u0131 belli olan ak\u015fam saatleri geldi\u011finde v\u00fccudunuzun \u00fc\u015f\u00fcmesine izin vermeden so\u011fu\u011fa kar\u015f\u0131 gerekli \u00f6nlemleri al\u0131n. <\/p><h3 class=\"wp-block-heading\">2- Termal \u0130\u00e7lik Giyin<\/h3><p>Termal i\u00e7likler k\u0131\u015f kamplar\u0131 i\u00e7in neredeyse olmazsa olmazd\u0131r. So\u011fu\u011fa kar\u015f\u0131 uyku tulumu ile birlikte en yak\u0131n dostunuz i\u00e7li\u011finiz olacakt\u0131r. Nefes alabilir yap\u0131da olan i\u00e7likleri tercih etmekte \u00e7ok \u00f6nemlidir.<\/p><h3 class=\"wp-block-heading\">3- Uyku Tulumunuzu \u0130yi Se\u00e7in<\/h3><p>Uyku tulumu bir kamp\u00e7\u0131n\u0131n so\u011fu\u011fa kar\u015f\u0131 en yak\u0131n dostudur. Do\u011fru uyku tulumunu tercih etmek hayati derecede \u00f6nem ta\u015f\u0131r. Unutmay\u0131n, gece s\u0131cak ve rahat bir uyku uyuyamazsan\u0131z kamp maceran\u0131zdan alaca\u011f\u0131n\u0131z keyif azalacakt\u0131r.<\/p><h3 class=\"wp-block-heading\">4- \u00dc\u015f\u00fcm\u00fc\u015f Halde Yatmay\u0131n<\/h3><p>Halihaz\u0131rda \u00fc\u015f\u00fcm\u00fc\u015f bir \u015fekilde uyumaya kalkarsan\u0131z zaten so\u011fuk olan v\u00fccudunuz uyku tulumunun i\u00e7erisinde \u0131s\u0131nmakta zorlanacakt\u0131r buda gece boyunca \u00fc\u015f\u00fcmenize sebep olacakt\u0131r. Bu durumun \u00f6n\u00fcne ge\u00e7mek i\u00e7in kamp ate\u015finin \u00f6n\u00fcnde \u0131s\u0131nd\u0131ktan sonra yatmaya gitmek mant\u0131kl\u0131 olacakt\u0131r.<\/p><h3 class=\"wp-block-heading\">&nbsp;5- Tek Kullan\u0131ml\u0131k Is\u0131 Paketi Kullan\u0131n<\/h3><p>Tek kullan\u0131ml\u0131k Is\u0131 Paketleri ger\u00e7ekten kullan\u0131\u015fl\u0131 ve an\u0131nda etki g\u00f6steren \u00fcr\u00fcnlerdir. Kamp yapmaya giderken acil durumlar i\u00e7in yan\u0131n\u0131zda mutlaka bulundurun.<\/p><h3 class=\"wp-block-heading\">6- Gere\u011finden B\u00fcy\u00fck \u00c7ad\u0131r Kullanmay\u0131n<\/h3><p>Gerekti\u011finden b\u00fcy\u00fck bir \u00e7ad\u0131r kullanmak \u00f6zellikle k\u0131\u015f kamp\u0131 i\u00e7in hi\u00e7 iyi bir fikir de\u011fildir aksine \u00e7ad\u0131r ne kadar k\u00fc\u00e7\u00fck olursa \u0131s\u0131tmakta o kadar kolay olur. Kendinize ve beraberinizdekilere yetecek kadar bir \u00e7ad\u0131r kullanman\u0131z en ideali olacakt\u0131r, ne k\u00fc\u00e7\u00fck ne b\u00fcy\u00fck.<\/p><h3 class=\"wp-block-heading\">7- Ta\u015f\u0131nabilir Is\u0131t\u0131c\u0131lar Dikkatli Kullan\u0131n<\/h3><p>Yan\u0131n\u0131zda elektrikli, kartu\u015flu yada benzinli bir \u0131s\u0131t\u0131c\u0131 g\u00f6t\u00fcrd\u00fcyseniz kamp ortam\u0131nda bu \u00fcr\u00fcnlerin dikkatli kullan\u0131lmas\u0131 gerekti\u011fini akl\u0131n\u0131zdan \u00e7\u0131karmay\u0131n. Bir anl\u0131k dikkatsizlik ile \u00e7ad\u0131r\u0131n\u0131z\u0131, e\u015fyalar\u0131n\u0131z\u0131 ve belki de bir orman\u0131n yanmas\u0131na sebep olabilece\u011finizi unutmay\u0131n.<\/p>\n\n<div class=\"kk-star-ratings kksr-auto kksr-align-right kksr-valign-bottom\"\n    data-payload='{&quot;align&quot;:&quot;right&quot;,&quot;id&quot;:&quot;2988&quot;,&quot;slug&quot;:&quot;default&quot;,&quot;valign&quot;:&quot;bottom&quot;,&quot;ignore&quot;:&quot;&quot;,&quot;reference&quot;:&quot;auto&quot;,&quot;class&quot;:&quot;&quot;,&quot;count&quot;:&quot;0&quot;,&quot;legendonly&quot;:&quot;&quot;,&quot;readonly&quot;:&quot;&quot;,&quot;score&quot;:&quot;0&quot;,&quot;starsonly&quot;:&quot;&quot;,&quot;best&quot;:&quot;5&quot;,&quot;gap&quot;:&quot;5&quot;,&quot;greet&quot;:&quot;Oylama Yap&quot;,&quot;legend&quot;:&quot;0\\\/5 - (0 votes)&quot;,&quot;size&quot;:&quot;24&quot;,&quot;title&quot;:&quot;\u00c7ADIR NASIL ISITILIR ??&quot;,&quot;width&quot;:&quot;0&quot;,&quot;_legend&quot;:&quot;{score}\\\/{best} - ({count} {votes})&quot;,&quot;font_factor&quot;:&quot;1.25&quot;}'>\n            \n<div class=\"kksr-stars\">\n    \n<div class=\"kksr-stars-inactive\">\n            <div class=\"kksr-star\" data-star=\"1\" style=\"padding-right: 5px\">\n            \n\n<div class=\"kksr-icon\" style=\"width: 24px; height: 24px;\"><\/div>\n        <\/div>\n            <div class=\"kksr-star\" data-star=\"2\" style=\"padding-right: 5px\">\n            \n\n<div class=\"kksr-icon\" style=\"width: 24px; height: 24px;\"><\/div>\n        <\/div>\n            <div class=\"kksr-star\" data-star=\"3\" style=\"padding-right: 5px\">\n            \n\n<div class=\"kksr-icon\" style=\"width: 24px; height: 24px;\"><\/div>\n        <\/div>\n            <div class=\"kksr-star\" data-star=\"4\" style=\"padding-right: 5px\">\n            \n\n<div class=\"kksr-icon\" style=\"width: 24px; height: 24px;\"><\/div>\n        <\/div>\n            <div class=\"kksr-star\" data-star=\"5\" style=\"padding-right: 5px\">\n            \n\n<div class=\"kksr-icon\" style=\"width: 24px; height: 24px;\"><\/div>\n        <\/div>\n    <\/div>\n    \n<div class=\"kksr-stars-active\" style=\"width: 0px;\">\n            <div class=\"kksr-star\" style=\"padding-right: 5px\">\n            \n\n<div class=\"kksr-icon\" style=\"width: 24px; height: 24px;\"><\/div>\n        <\/div>\n            <div class=\"kksr-star\" style=\"padding-right: 5px\">\n            \n\n<div class=\"kksr-icon\" style=\"width: 24px; height: 24px;\"><\/div>\n        <\/div>\n            <div class=\"kksr-star\" style=\"padding-right: 5px\">\n            \n\n<div class=\"kksr-icon\" style=\"width: 24px; height: 24px;\"><\/div>\n        <\/div>\n            <div class=\"kksr-star\" style=\"padding-right: 5px\">\n            \n\n<div class=\"kksr-icon\" style=\"width: 24px; height: 24px;\"><\/div>\n        <\/div>\n            <div class=\"kksr-star\" style=\"padding-right: 5px\">\n            \n\n<div class=\"kksr-icon\" style=\"width: 24px; height: 24px;\"><\/div>\n        <\/div>\n    <\/div>\n<\/div>\n                \n\n<div class=\"kksr-legend\" style=\"font-size: 19.2px;\">\n            <span class=\"kksr-muted\">Oylama Yap<\/span>\n    <\/div>\n    <\/div>\n","protected":false},"excerpt":{"rendered":"<p>Sonbahar ve k\u0131\u015f aylar\u0131nda kamp\u00e7\u0131lar\u0131n en \u00e7ok zorland\u0131klar\u0131 ve \u00e7\u00f6z\u00fcm arad\u0131klar\u0131 konulardan biri \u0131s\u0131nma sorunudur. Bu yaz\u0131m\u0131zda siz de\u011ferli m\u00fc\u015fterilerimize&hellip;<\/p>\n","protected":false},"author":990005,"featured_media":2989,"comment_status":"open","ping_status":"open","sticky":false,"template":"","format":"standard","meta":{"footnotes":""},"categories":[15],"tags":[143,237,683,144],"class_list":["post-2988","post","type-post","status-publish","format-standard","has-post-thumbnail","hentry","category-kampcilik","tag-cadir","tag-kamp-cadiri","tag-mat","tag-uyku-tulumu"],"_links":{"self":[{"href":"https:\/\/blog.extremeoutdoor.com.tr\/index.php\/wp-json\/wp\/v2\/posts\/2988","targetHints":{"allow":["GET"]}}],"collection":[{"href":"https:\/\/blog.extremeoutdoor.com.tr\/index.php\/wp-json\/wp\/v2\/posts"}],"about":[{"href":"https:\/\/blog.extremeoutdoor.com.tr\/index.php\/wp-json\/wp\/v2\/types\/post"}],"author":[{"embeddable":true,"href":"https:\/\/blog.extremeoutdoor.com.tr\/index.php\/wp-json\/wp\/v2\/users\/990005"}],"replies":[{"embeddable":true,"href":"https:\/\/blog.extremeoutdoor.com.tr\/index.php\/wp-json\/wp\/v2\/comments?post=2988"}],"version-history":[{"count":2,"href":"https:\/\/blog.extremeoutdoor.com.tr\/index.php\/wp-json\/wp\/v2\/posts\/2988\/revisions"}],"predecessor-version":[{"id":2991,"href":"https:\/\/blog.extremeoutdoor.com.tr\/index.php\/wp-json\/wp\/v2\/posts\/2988\/revisions\/2991"}],"wp:featuredmedia":[{"embeddable":true,"href":"https:\/\/blog.extremeoutdoor.com.tr\/index.php\/wp-json\/wp\/v2\/media\/2989"}],"wp:attachment":[{"href":"https:\/\/blog.extremeoutdoor.com.tr\/index.php\/wp-json\/wp\/v2\/media?parent=2988"}],"wp:term":[{"taxonomy":"category","embeddable":true,"href":"https:\/\/blog.extremeoutdoor.com.tr\/index.php\/wp-json\/wp\/v2\/categories?post=2988"},{"taxonomy":"post_tag","embeddable":true,"href":"https:\/\/blog.extremeoutdoor.com.tr\/index.php\/wp-json\/wp\/v2\/tags?post=2988"}],"curies":[{"name":"wp","href":"https:\/\/api.w.org\/{rel}","templated":true}]}}