{"id":3013,"date":"2023-04-19T14:27:46","date_gmt":"2023-04-19T11:27:46","guid":{"rendered":"https:\/\/www.blog.extremeoutdoor.com.tr\/?p=3013"},"modified":"2023-04-19T14:27:46","modified_gmt":"2023-04-19T11:27:46","slug":"everest-daginda-irtifa-ayarlamasi-yapiliyor","status":"publish","type":"post","link":"https:\/\/blog.extremeoutdoor.com.tr\/index.php\/2023\/04\/19\/everest-daginda-irtifa-ayarlamasi-yapiliyor\/","title":{"rendered":"Everest Da\u011f\u0131\u2019nda \u0130rtifa Ayarlamas\u0131 Yap\u0131l\u0131yor"},"content":{"rendered":"<p>D\u00fcnyan\u0131n en y\u00fcksek zirvesinin y\u00fcksekli\u011fi de\u011fi\u015febilir. Nepal\u2019in Everest \u00f6l\u00e7\u00fcm projesinden sorumlu ki\u015fi Susheel Dangol Pazar g\u00fcn\u00fc yapt\u0131\u011f\u0131 a\u00e7\u0131klamada, bir y\u0131ll\u0131k \u00e7al\u0131\u015fman\u0131n ard\u0131ndan \u00c7in ve Nepal\u2019in Sal\u0131 g\u00fcn\u00fc zirvenin yeni y\u00fcksekli\u011fini a\u00e7\u0131klayaca\u011f\u0131n\u0131 s\u00f6yledi.<\/p><p>\u00c7in, Everest&#8217;in 29.017 fit (8844 metre) oldu\u011fu konusunda \u0131srarc\u0131. Nepal ise, 29.028 fitten (8847 metre) biraz daha uzun oldu\u011funu iddia ediyor. \u0130ki \u00fclke taraf\u0131ndan ortakla\u015fa kurulan Everest Da\u011f\u0131 \u00d6l\u00e7\u00fcm Departman\u0131, Pazar g\u00fcn\u00fc yeni y\u00fcksekli\u011fi duyurmak i\u00e7in planlanan etkinlik hakk\u0131nda bilgi verdi ve t\u00fcm medya kurulu\u015flar\u0131na ve temsilcilerine davet g\u00f6nderdi. \u00d6l\u00e7\u00fcm Departman\u0131 Genel M\u00fcd\u00fcr Yard\u0131mc\u0131s\u0131 Sushil Narsingh Rajbhandari, \u201cYeni y\u00fcksekli\u011fi Sal\u0131 \u00f6\u011fleden sonra ofisimizde duyurmak i\u00e7in bir programa ev sahipli\u011fi yapaca\u011f\u0131z. Bu prosed\u00fcre aktif olarak kat\u0131lan ki\u015filerin de bu vesileyle tebrik edilmesi planlan\u0131yor\u201d dedi.<\/p><p>Nepal, \u00fclkeyi sarsan 2015 depreminden sonra 8.848 metrelik y\u00fcksekli\u011fin ger\u00e7ek uzunluk olmayabilece\u011fini yayg\u0131n olarak kabul eden spek\u00fclasyonlar\u0131n ard\u0131ndan, d\u00fcnyan\u0131n en y\u00fcksek zirvesinin y\u00fcksekli\u011fini \u00f6l\u00e7meye ba\u015flad\u0131. Nepal H\u00fck\u00fcmeti, da\u011f\u0131n y\u00fcksekli\u011fini yeniden \u00f6l\u00e7mek i\u00e7in Nepalli yetkilileri ve uzmanlar\u0131 g\u00f6revlendirirken, \u00c7in ile de koordinasyon sa\u011fland\u0131. \u00c7in Devlet Ba\u015fkan\u0131 Xi Jinping&#8217;in 2019&#8217;daki Nepal ziyareti s\u0131ras\u0131nda, her iki \u00fclke de d\u00fcnyan\u0131n en y\u00fcksek zirvesinin y\u00fcksekli\u011fini ortakla\u015fa ilan etmek i\u00e7in bir anla\u015fma imzalad\u0131. 1954 y\u0131l\u0131nda Survey of India taraf\u0131ndan \u00f6l\u00e7\u00fclen, 8.848 metre, d\u00fcnyan\u0131n en y\u00fcksek zirvesinin Nepalce ad\u0131 olan Sagarmatha&#8217;n\u0131n yayg\u0131n olarak kabul g\u00f6ren ve tan\u0131nan y\u00fcksekli\u011fi.<\/p>\n\n<div class=\"kk-star-ratings kksr-auto kksr-align-right kksr-valign-bottom\"\n    data-payload='{&quot;align&quot;:&quot;right&quot;,&quot;id&quot;:&quot;3013&quot;,&quot;slug&quot;:&quot;default&quot;,&quot;valign&quot;:&quot;bottom&quot;,&quot;ignore&quot;:&quot;&quot;,&quot;reference&quot;:&quot;auto&quot;,&quot;class&quot;:&quot;&quot;,&quot;count&quot;:&quot;0&quot;,&quot;legendonly&quot;:&quot;&quot;,&quot;readonly&quot;:&quot;&quot;,&quot;score&quot;:&quot;0&quot;,&quot;starsonly&quot;:&quot;&quot;,&quot;best&quot;:&quot;5&quot;,&quot;gap&quot;:&quot;5&quot;,&quot;greet&quot;:&quot;Oylama Yap&quot;,&quot;legend&quot;:&quot;0\\\/5 - (0 votes)&quot;,&quot;size&quot;:&quot;24&quot;,&quot;title&quot;:&quot;Everest Da\u011f\u0131\u2019nda \u0130rtifa Ayarlamas\u0131 Yap\u0131l\u0131yor&quot;,&quot;width&quot;:&quot;0&quot;,&quot;_legend&quot;:&quot;{score}\\\/{best} - ({count} {votes})&quot;,&quot;font_factor&quot;:&quot;1.25&quot;}'>\n            \n<div class=\"kksr-stars\">\n    \n<div class=\"kksr-stars-inactive\">\n            <div class=\"kksr-star\" data-star=\"1\" style=\"padding-right: 5px\">\n            \n\n<div class=\"kksr-icon\" style=\"width: 24px; height: 24px;\"><\/div>\n        <\/div>\n            <div class=\"kksr-star\" data-star=\"2\" style=\"padding-right: 5px\">\n            \n\n<div class=\"kksr-icon\" style=\"width: 24px; height: 24px;\"><\/div>\n        <\/div>\n            <div class=\"kksr-star\" data-star=\"3\" style=\"padding-right: 5px\">\n            \n\n<div class=\"kksr-icon\" style=\"width: 24px; height: 24px;\"><\/div>\n        <\/div>\n            <div class=\"kksr-star\" data-star=\"4\" style=\"padding-right: 5px\">\n            \n\n<div class=\"kksr-icon\" style=\"width: 24px; height: 24px;\"><\/div>\n        <\/div>\n            <div class=\"kksr-star\" data-star=\"5\" style=\"padding-right: 5px\">\n            \n\n<div class=\"kksr-icon\" style=\"width: 24px; height: 24px;\"><\/div>\n        <\/div>\n    <\/div>\n    \n<div class=\"kksr-stars-active\" style=\"width: 0px;\">\n            <div class=\"kksr-star\" style=\"padding-right: 5px\">\n            \n\n<div class=\"kksr-icon\" style=\"width: 24px; height: 24px;\"><\/div>\n        <\/div>\n            <div class=\"kksr-star\" style=\"padding-right: 5px\">\n            \n\n<div class=\"kksr-icon\" style=\"width: 24px; height: 24px;\"><\/div>\n        <\/div>\n            <div class=\"kksr-star\" style=\"padding-right: 5px\">\n            \n\n<div class=\"kksr-icon\" style=\"width: 24px; height: 24px;\"><\/div>\n        <\/div>\n            <div class=\"kksr-star\" style=\"padding-right: 5px\">\n            \n\n<div class=\"kksr-icon\" style=\"width: 24px; height: 24px;\"><\/div>\n        <\/div>\n            <div class=\"kksr-star\" style=\"padding-right: 5px\">\n            \n\n<div class=\"kksr-icon\" style=\"width: 24px; height: 24px;\"><\/div>\n        <\/div>\n    <\/div>\n<\/div>\n                \n\n<div class=\"kksr-legend\" style=\"font-size: 19.2px;\">\n            <span class=\"kksr-muted\">Oylama Yap<\/span>\n    <\/div>\n    <\/div>\n","protected":false},"excerpt":{"rendered":"<p>D\u00fcnyan\u0131n en y\u00fcksek zirvesinin y\u00fcksekli\u011fi de\u011fi\u015febilir. Nepal\u2019in Everest \u00f6l\u00e7\u00fcm projesinden sorumlu ki\u015fi Susheel Dangol Pazar g\u00fcn\u00fc yapt\u0131\u011f\u0131 a\u00e7\u0131klamada, bir y\u0131ll\u0131k&hellip;<\/p>\n","protected":false},"author":990005,"featured_media":3014,"comment_status":"open","ping_status":"open","sticky":false,"template":"","format":"standard","meta":{"footnotes":""},"categories":[398],"tags":[],"class_list":["post-3013","post","type-post","status-publish","format-standard","has-post-thumbnail","hentry","category-haber"],"_links":{"self":[{"href":"https:\/\/blog.extremeoutdoor.com.tr\/index.php\/wp-json\/wp\/v2\/posts\/3013","targetHints":{"allow":["GET"]}}],"collection":[{"href":"https:\/\/blog.extremeoutdoor.com.tr\/index.php\/wp-json\/wp\/v2\/posts"}],"about":[{"href":"https:\/\/blog.extremeoutdoor.com.tr\/index.php\/wp-json\/wp\/v2\/types\/post"}],"author":[{"embeddable":true,"href":"https:\/\/blog.extremeoutdoor.com.tr\/index.php\/wp-json\/wp\/v2\/users\/990005"}],"replies":[{"embeddable":true,"href":"https:\/\/blog.extremeoutdoor.com.tr\/index.php\/wp-json\/wp\/v2\/comments?post=3013"}],"version-history":[{"count":1,"href":"https:\/\/blog.extremeoutdoor.com.tr\/index.php\/wp-json\/wp\/v2\/posts\/3013\/revisions"}],"predecessor-version":[{"id":3015,"href":"https:\/\/blog.extremeoutdoor.com.tr\/index.php\/wp-json\/wp\/v2\/posts\/3013\/revisions\/3015"}],"wp:featuredmedia":[{"embeddable":true,"href":"https:\/\/blog.extremeoutdoor.com.tr\/index.php\/wp-json\/wp\/v2\/media\/3014"}],"wp:attachment":[{"href":"https:\/\/blog.extremeoutdoor.com.tr\/index.php\/wp-json\/wp\/v2\/media?parent=3013"}],"wp:term":[{"taxonomy":"category","embeddable":true,"href":"https:\/\/blog.extremeoutdoor.com.tr\/index.php\/wp-json\/wp\/v2\/categories?post=3013"},{"taxonomy":"post_tag","embeddable":true,"href":"https:\/\/blog.extremeoutdoor.com.tr\/index.php\/wp-json\/wp\/v2\/tags?post=3013"}],"curies":[{"name":"wp","href":"https:\/\/api.w.org\/{rel}","templated":true}]}}