{"id":3158,"date":"2023-04-20T17:29:51","date_gmt":"2023-04-20T14:29:51","guid":{"rendered":"https:\/\/www.blog.extremeoutdoor.com.tr\/?p=3158"},"modified":"2023-04-20T17:29:51","modified_gmt":"2023-04-20T14:29:51","slug":"alerji-ve-astima-neden-olan-polenler","status":"publish","type":"post","link":"https:\/\/blog.extremeoutdoor.com.tr\/index.php\/2023\/04\/20\/alerji-ve-astima-neden-olan-polenler\/","title":{"rendered":"Alerji ve Ast\u0131ma Neden Olan Polenler"},"content":{"rendered":"<p>Bitki ve a\u011fa\u00e7 t\u00fcrlerinin bir \u00e7o\u011fu t\u00fcrlerinin devam\u0131 i\u00e7in polen \u00fcretir ve yayarlar. \u00d6zellikle Bahar aylar\u0131 polen alerjisine meyilli ki\u015filer i\u00e7in adeta kabus gibi ge\u00e7er.<\/p><h2 class=\"wp-block-heading\">Polen nedir?<\/h2><p>Polen bitkilerin \u00e7o\u011falmak (d\u00f6llenme) i\u00e7in havaya yayd\u0131klar\u0131 par\u00e7ac\u0131klard\u0131r. Polenler ayn\u0131 t\u00fcr bir bitkiden di\u011ferine r\u00fczgar ve b\u00f6ceklerin yard\u0131m\u0131yla yay\u0131l\u0131r. \u00dclkemizde \u00f6zellikle k\u0131rsal kesimde bitki floras\u0131 olduk\u00e7a zengindir. T\u00fcrkiye geneline yay\u0131lm\u0131\u015f bitkiler y\u0131l\u0131n tamam\u0131nda polen yayma potansiyeline sahiptir. Ufak bitkilerin yan\u0131 s\u0131ra, ard\u0131\u00e7, k\u0131z\u0131la\u011fa\u00e7, kavak, hu\u015f, s\u00f6\u011f\u00fct, me\u015fe, \u0131hlamur ve kestane gibi a\u011fa\u00e7lar da polen yayarak d\u00f6llenirler.<\/p><figure class=\"wp-block-image size-full\"><img loading=\"lazy\" decoding=\"async\" width=\"800\" height=\"450\" src=\"https:\/\/www.blog.extremeoutdoor.com.tr\/wp-content\/uploads\/2023\/04\/EXT-polen-partikulleri.jpg\" alt=\"\" class=\"wp-image-3159\" srcset=\"https:\/\/blog.extremeoutdoor.com.tr\/wp-content\/uploads\/2023\/04\/EXT-polen-partikulleri.jpg 800w, https:\/\/blog.extremeoutdoor.com.tr\/wp-content\/uploads\/2023\/04\/EXT-polen-partikulleri-300x169.jpg 300w, https:\/\/blog.extremeoutdoor.com.tr\/wp-content\/uploads\/2023\/04\/EXT-polen-partikulleri-768x432.jpg 768w, https:\/\/blog.extremeoutdoor.com.tr\/wp-content\/uploads\/2023\/04\/EXT-polen-partikulleri-370x208.jpg 370w, https:\/\/blog.extremeoutdoor.com.tr\/wp-content\/uploads\/2023\/04\/EXT-polen-partikulleri-760x428.jpg 760w, https:\/\/blog.extremeoutdoor.com.tr\/wp-content\/uploads\/2023\/04\/EXT-polen-partikulleri-565x318.jpg 565w, https:\/\/blog.extremeoutdoor.com.tr\/wp-content\/uploads\/2023\/04\/EXT-polen-partikulleri-600x338.jpg 600w, https:\/\/blog.extremeoutdoor.com.tr\/wp-content\/uploads\/2023\/04\/EXT-polen-partikulleri-270x152.jpg 270w\" sizes=\"auto, (max-width: 800px) 100vw, 800px\" \/><\/figure><h3 class=\"wp-block-heading\">Polenlerden nas\u0131l etkileniriz?<\/h3><p>Polenler nefes yoluyla soluma sistemine girdikleri gibi, cilt ve g\u00f6zlere de yap\u0131\u015f\u0131rlar. Herkesi etkilemeyen bu durum, alerjik fakt\u00f6r g\u00f6steren ki\u015filerde ba\u011f\u0131\u015f\u0131kl\u0131k sistemini harekete ge\u00e7irerek ka\u015f\u0131nma, ak\u0131nt\u0131 ve nefes darl\u0131\u011f\u0131 gibi \u00e7e\u015fitli reaksiyonlara neden olur. \u00c7o\u011fu durumda polenlerin etkisi k\u0131sa ve ge\u00e7icidir, ancak baz\u0131 ki\u015filerde nefes darl\u0131\u011f\u0131 ve kuru \u00f6ks\u00fcr\u00fckle kendini g\u00f6steren alerjik ast\u0131ma neden olurlar. Coronavir\u00fcs salg\u0131n\u0131 ya\u015fad\u0131\u011f\u0131m\u0131z bu g\u00fcnlerde, polen alerjisi\u00a0coronavir\u00fcs belirtileriyle\u00a0kar\u0131\u015ft\u0131r\u0131labilmektedir.<\/p><figure class=\"wp-block-gallery has-nested-images columns-default is-cropped wp-block-gallery-1 is-layout-flex wp-block-gallery-is-layout-flex\"><figure class=\"wp-block-image size-large\"><img loading=\"lazy\" decoding=\"async\" width=\"800\" height=\"450\" data-id=\"3160\" src=\"https:\/\/www.blog.extremeoutdoor.com.tr\/wp-content\/uploads\/2023\/04\/EXT-alerji.jpg\" alt=\"\" class=\"wp-image-3160\" srcset=\"https:\/\/blog.extremeoutdoor.com.tr\/wp-content\/uploads\/2023\/04\/EXT-alerji.jpg 800w, https:\/\/blog.extremeoutdoor.com.tr\/wp-content\/uploads\/2023\/04\/EXT-alerji-300x169.jpg 300w, https:\/\/blog.extremeoutdoor.com.tr\/wp-content\/uploads\/2023\/04\/EXT-alerji-768x432.jpg 768w, https:\/\/blog.extremeoutdoor.com.tr\/wp-content\/uploads\/2023\/04\/EXT-alerji-370x208.jpg 370w, https:\/\/blog.extremeoutdoor.com.tr\/wp-content\/uploads\/2023\/04\/EXT-alerji-760x428.jpg 760w, https:\/\/blog.extremeoutdoor.com.tr\/wp-content\/uploads\/2023\/04\/EXT-alerji-565x318.jpg 565w, https:\/\/blog.extremeoutdoor.com.tr\/wp-content\/uploads\/2023\/04\/EXT-alerji-600x338.jpg 600w, https:\/\/blog.extremeoutdoor.com.tr\/wp-content\/uploads\/2023\/04\/EXT-alerji-270x152.jpg 270w\" sizes=\"auto, (max-width: 800px) 100vw, 800px\" \/><\/figure><\/figure><h3 class=\"wp-block-heading\">\u015eehirde olman\u0131za ra\u011fmen polenlerden etkilenebilir misiniz?<\/h3><p>\u00c7im ve \u00e7i\u00e7ek polenleri genellikle birka\u00e7 y\u00fcz metreye yay\u0131l\u0131m g\u00f6sterirken, a\u011fa\u00e7lardan yay\u0131lan polenlerin \u00fclkeler aras\u0131 mesafeleri kat etti\u011fi g\u00f6r\u00fclm\u00fc\u015ft\u00fcr. Bu y\u00fczden do\u011fadan uzak, betonarme \u015fehir ortam\u0131nda bile polenlerden etkilenebilirsiniz.<\/p><h3 class=\"wp-block-heading\">Polen alerjisi belirtileri nelerdir?<\/h3><p>Alerjik fakt\u00f6r\u00fc y\u00fcksek ki\u015filerde ba\u011f\u0131\u015f\u0131kl\u0131k sistemi harekete ge\u00e7erek, ciltte ve nefes yolunda ka\u015f\u0131nt\u0131, burun ak\u0131nt\u0131s\u0131 ve t\u0131kan\u0131kl\u0131k, hap\u015f\u0131rma, g\u00f6zlerde ka\u015f\u0131nt\u0131 ve k\u0131zar\u0131kl\u0131k \u015feklinde istenmeyen etkilere neden olur.<\/p><figure class=\"wp-block-image size-full\"><img loading=\"lazy\" decoding=\"async\" width=\"800\" height=\"450\" src=\"https:\/\/www.blog.extremeoutdoor.com.tr\/wp-content\/uploads\/2023\/04\/EXT-nefes-darligi-alerjik-astim.jpg\" alt=\"\" class=\"wp-image-3161\" srcset=\"https:\/\/blog.extremeoutdoor.com.tr\/wp-content\/uploads\/2023\/04\/EXT-nefes-darligi-alerjik-astim.jpg 800w, https:\/\/blog.extremeoutdoor.com.tr\/wp-content\/uploads\/2023\/04\/EXT-nefes-darligi-alerjik-astim-300x169.jpg 300w, https:\/\/blog.extremeoutdoor.com.tr\/wp-content\/uploads\/2023\/04\/EXT-nefes-darligi-alerjik-astim-768x432.jpg 768w, https:\/\/blog.extremeoutdoor.com.tr\/wp-content\/uploads\/2023\/04\/EXT-nefes-darligi-alerjik-astim-370x208.jpg 370w, https:\/\/blog.extremeoutdoor.com.tr\/wp-content\/uploads\/2023\/04\/EXT-nefes-darligi-alerjik-astim-760x428.jpg 760w, https:\/\/blog.extremeoutdoor.com.tr\/wp-content\/uploads\/2023\/04\/EXT-nefes-darligi-alerjik-astim-565x318.jpg 565w, https:\/\/blog.extremeoutdoor.com.tr\/wp-content\/uploads\/2023\/04\/EXT-nefes-darligi-alerjik-astim-600x338.jpg 600w, https:\/\/blog.extremeoutdoor.com.tr\/wp-content\/uploads\/2023\/04\/EXT-nefes-darligi-alerjik-astim-270x152.jpg 270w\" sizes=\"auto, (max-width: 800px) 100vw, 800px\" \/><\/figure><p>Burun t\u0131kal\u0131yken a\u011f\u0131zdan al\u0131nan nefes neticesinde akci\u011ferlere polen partik\u00fclleri daha \u00e7ok ula\u015f\u0131r. Bu durum alerjik ast\u0131m olarak nitelendirilen nefes darl\u0131\u011f\u0131n\u0131 tetikleyebilir. Nefes darl\u0131\u011f\u0131 g\u00f6r\u00fclen vakalarda kuru \u00f6ks\u00fcr\u00fck de meydana gelir.<\/p><h2 class=\"wp-block-heading\">Polenler ne zaman ba\u015flay\u0131p biter?<\/h2><p>Bitki ve a\u011fa\u00e7lar t\u00fcr\u00fcne g\u00f6re \u00e7ok geni\u015f bir zaman aral\u0131\u011f\u0131nda polen yayabilmektedir. Bir\u00e7ok t\u00fcr\u00fcn bir arada ya\u015fad\u0131\u011f\u0131 ortamlarda y\u0131l\u0131n 12 ay\u0131 polenle kar\u015f\u0131la\u015fmak m\u00fcmk\u00fcnd\u00fcr, ancak bitkilerin polen \u00fcretimlerinin tavan yapt\u0131\u011f\u0131 aylar vard\u0131r. \u00d6rne\u011fin \u0131s\u0131rgan otu y\u0131l\u0131n 6 ay\u0131 polen \u00fcretmesine kar\u015f\u0131n, en \u00e7ok Haziran ve Temmuz aylar\u0131nda polen yayar. K\u0131z\u0131l a\u011fa\u00e7 da benzer \u00f6zellikler g\u00f6sterip, y\u0131l\u0131n 6 ay\u0131 polen yay\u0131p, en \u00e7ok poleni Mart ay\u0131nda yayar.<\/p><figure class=\"wp-block-gallery has-nested-images columns-default is-cropped wp-block-gallery-2 is-layout-flex wp-block-gallery-is-layout-flex\"><figure class=\"wp-block-image size-large\"><img loading=\"lazy\" decoding=\"async\" width=\"800\" height=\"450\" data-id=\"3162\" src=\"https:\/\/www.blog.extremeoutdoor.com.tr\/wp-content\/uploads\/2023\/04\/EXT-ihlamur-agaci.jpg\" alt=\"\" class=\"wp-image-3162\" srcset=\"https:\/\/blog.extremeoutdoor.com.tr\/wp-content\/uploads\/2023\/04\/EXT-ihlamur-agaci.jpg 800w, https:\/\/blog.extremeoutdoor.com.tr\/wp-content\/uploads\/2023\/04\/EXT-ihlamur-agaci-300x169.jpg 300w, https:\/\/blog.extremeoutdoor.com.tr\/wp-content\/uploads\/2023\/04\/EXT-ihlamur-agaci-768x432.jpg 768w, https:\/\/blog.extremeoutdoor.com.tr\/wp-content\/uploads\/2023\/04\/EXT-ihlamur-agaci-370x208.jpg 370w, https:\/\/blog.extremeoutdoor.com.tr\/wp-content\/uploads\/2023\/04\/EXT-ihlamur-agaci-760x428.jpg 760w, https:\/\/blog.extremeoutdoor.com.tr\/wp-content\/uploads\/2023\/04\/EXT-ihlamur-agaci-565x318.jpg 565w, https:\/\/blog.extremeoutdoor.com.tr\/wp-content\/uploads\/2023\/04\/EXT-ihlamur-agaci-600x338.jpg 600w, https:\/\/blog.extremeoutdoor.com.tr\/wp-content\/uploads\/2023\/04\/EXT-ihlamur-agaci-270x152.jpg 270w\" sizes=\"auto, (max-width: 800px) 100vw, 800px\" \/><\/figure><\/figure><p>Ortalama verecek olursak, polenler en yo\u011fun bi\u00e7imde Mart, Nisan, May\u0131s ve Haziran aylar\u0131nda g\u00f6r\u00fcl\u00fcrler. Pek \u00e7ok t\u00fcr Haziran ay\u0131ndan itibaren etkinli\u011fini azalt\u0131r veya durdurur. Ancak a\u015fa\u011f\u0131daki tabloda da g\u00f6r\u00fclece\u011fi \u00fczere, yaz sonu ve sonbahar ba\u015flang\u0131c\u0131nda da etkin olan t\u00fcrler mevcuttur.<\/p><h2 class=\"wp-block-heading\">Polen Takvimi<\/h2><p>A\u015fa\u011f\u0131daki tabloda T\u00fcrkiye&#8217;de s\u0131k g\u00f6r\u00fclen bitki ve a\u011fa\u00e7 \u00e7e\u015fitlerinin hangi aylarda d\u00fc\u015f\u00fck ve y\u00fcksek polen sal\u0131n\u0131m\u0131 yapt\u0131\u011f\u0131n\u0131 g\u00f6r\u00fclebilir. Ayn\u0131 tabloyu kullanarak, \u00f6rne\u011fin yazl\u0131\u011f\u0131n\u0131za dikece\u011finiz a\u011fa\u00e7 ve bitkileri de se\u00e7ebilirsiniz.<\/p><figure class=\"wp-block-table alignleft\"><table><thead><tr><th>Bitki &#8211; A\u011fa\u00e7<\/th><th>Ocak<\/th><th>\u015eubat<\/th><th>Mart<\/th><th>Nisan<\/th><th>May\u0131s<\/th><th>Haziran<\/th><th>Temmuz<\/th><th>A\u011fustos<\/th><th>Eyl\u00fcl<\/th><th>Ekim<\/th><th>Kas\u0131m<\/th><th>Aral\u0131k<\/th><\/tr><\/thead><tbody><tr><td>F\u0131nd\u0131k<\/td><td>D\u00fc\u015f\u00fck<\/td><td>Y\u00fcksek<\/td><td>Y\u00fcksek<\/td><td>D\u00fc\u015f\u00fck<\/td><td>&nbsp;<\/td><td>&nbsp;<\/td><td>&nbsp;<\/td><td>&nbsp;<\/td><td>&nbsp;<\/td><td>&nbsp;<\/td><td>&nbsp;<\/td><td>&nbsp;<\/td><\/tr><tr><td>Ard\u0131\u00e7<\/td><td>D\u00fc\u015f\u00fck<\/td><td>D\u00fc\u015f\u00fck<\/td><td>Y\u00fcksek<\/td><td>Y\u00fcksek<\/td><td>D\u00fc\u015f\u00fck<\/td><td>D\u00fc\u015f\u00fck<\/td><td>D\u00fc\u015f\u00fck<\/td><td>&nbsp;<\/td><td>D\u00fc\u015f\u00fck<\/td><td>D\u00fc\u015f\u00fck<\/td><td>&nbsp;<\/td><td>&nbsp;<\/td><\/tr><tr><td><\/td><td><\/td><td><\/td><td><\/td><td><\/td><td><\/td><td><\/td><td><\/td><td><\/td><td><\/td><td><\/td><td><\/td><td><\/td><\/tr><tr><td>D\u0131\u015fbudak<\/td><td>D\u00fc\u015f\u00fck<\/td><td>D\u00fc\u015f\u00fck<\/td><td>Y\u00fcksek<\/td><td>Y\u00fcksek<\/td><td>D\u00fc\u015f\u00fck<\/td><td>&nbsp;<\/td><td>&nbsp;<\/td><td>&nbsp;<\/td><td>&nbsp;<\/td><td>&nbsp;<\/td><td>&nbsp;<\/td><td>&nbsp;<\/td><\/tr><tr><td>K\u0131z\u0131la\u011fa\u00e7<\/td><td>&nbsp;<\/td><td>D\u00fc\u015f\u00fck<\/td><td>Y\u00fcksek<\/td><td>Y\u00fcksek<\/td><td>D\u00fc\u015f\u00fck<\/td><td>D\u00fc\u015f\u00fck<\/td><td>D\u00fc\u015f\u00fck<\/td><td>D\u00fc\u015f\u00fck<\/td><td>&nbsp;<\/td><td>&nbsp;<\/td><td>&nbsp;<\/td><td>&nbsp;<\/td><\/tr><tr><td>Fundalar<\/td><td>&nbsp;<\/td><td>&nbsp;<\/td><td>D\u00fc\u015f\u00fck<\/td><td>D\u00fc\u015f\u00fck<\/td><td>Y\u00fcksek<\/td><td>Y\u00fcksek<\/td><td>D\u00fc\u015f\u00fck<\/td><td>D\u00fc\u015f\u00fck<\/td><td>Y\u00fcksek<\/td><td>Y\u00fcksek<\/td><td>D\u00fc\u015f\u00fck<\/td><td>D\u00fc\u015f\u00fck<\/td><\/tr><tr><td>Papatya<\/td><td>&nbsp;<\/td><td>&nbsp;<\/td><td>D\u00fc\u015f\u00fck<\/td><td>D\u00fc\u015f\u00fck<\/td><td>D\u00fc\u015f\u00fck<\/td><td>D\u00fc\u015f\u00fck<\/td><td>D\u00fc\u015f\u00fck<\/td><td>Y\u00fcksek<\/td><td>Y\u00fcksek<\/td><td>D\u00fc\u015f\u00fck<\/td><td>D\u00fc\u015f\u00fck<\/td><td>&nbsp;<\/td><\/tr><tr><td>\u00c7ay\u0131r Saz\u0131<\/td><td>&nbsp;<\/td><td>&nbsp;<\/td><td>D\u00fc\u015f\u00fck<\/td><td>Y\u00fcksek<\/td><td>Y\u00fcksek<\/td><td>D\u00fc\u015f\u00fck<\/td><td>&nbsp;<\/td><td>&nbsp;<\/td><td>&nbsp;<\/td><td>&nbsp;<\/td><td>&nbsp;<\/td><td>&nbsp;<\/td><\/tr><tr><td>Kavak<\/td><td>&nbsp;<\/td><td>&nbsp;<\/td><td>Y\u00fcksek<\/td><td>Y\u00fcksek<\/td><td>D\u00fc\u015f\u00fck<\/td><td>&nbsp;<\/td><td>&nbsp;<\/td><td>&nbsp;<\/td><td>&nbsp;<\/td><td>&nbsp;<\/td><td>&nbsp;<\/td><td>&nbsp;<\/td><\/tr><tr><td>Karaa\u011fa\u00e7<\/td><td>&nbsp;<\/td><td>&nbsp;<\/td><td>Y\u00fcksek<\/td><td>Y\u00fcksek<\/td><td>D\u00fc\u015f\u00fck<\/td><td>&nbsp;<\/td><td>&nbsp;<\/td><td>&nbsp;<\/td><td>&nbsp;<\/td><td>&nbsp;<\/td><td>&nbsp;<\/td><td>&nbsp;<\/td><\/tr><tr><td>G\u00fcrgen<\/td><td>&nbsp;<\/td><td>&nbsp;<\/td><td>D\u00fc\u015f\u00fck<\/td><td>D\u00fc\u015f\u00fck<\/td><td>&nbsp;<\/td><td>&nbsp;<\/td><td>&nbsp;<\/td><td>&nbsp;<\/td><td>&nbsp;<\/td><td>&nbsp;<\/td><td>&nbsp;<\/td><td>&nbsp;<\/td><\/tr><tr><td>Is\u0131rganlar<\/td><td>&nbsp;<\/td><td>&nbsp;<\/td><td>D\u00fc\u015f\u00fck<\/td><td>Y\u00fcksek<\/td><td>Y\u00fcksek<\/td><td>Y\u00fcksek<\/td><td>Y\u00fcksek<\/td><td>D\u00fc\u015f\u00fck<\/td><td>D\u00fc\u015f\u00fck<\/td><td>D\u00fc\u015f\u00fck<\/td><td>&nbsp;<\/td><td>&nbsp;<\/td><\/tr><tr><td>Hu\u015f<\/td><td>&nbsp;<\/td><td>&nbsp;<\/td><td>&nbsp;<\/td><td>D\u00fc\u015f\u00fck<\/td><td>&nbsp;<\/td><td>&nbsp;<\/td><td>&nbsp;<\/td><td>&nbsp;<\/td><td>&nbsp;<\/td><td>&nbsp;<\/td><td>&nbsp;<\/td><td>&nbsp;<\/td><\/tr><tr><td>S\u00f6\u011f\u00fct<\/td><td>&nbsp;<\/td><td>&nbsp;<\/td><td>&nbsp;<\/td><td>D\u00fc\u015f\u00fck<\/td><td>&nbsp;<\/td><td>&nbsp;<\/td><td>&nbsp;<\/td><td>&nbsp;<\/td><td>&nbsp;<\/td><td>&nbsp;<\/td><td>&nbsp;<\/td><td>&nbsp;<\/td><\/tr><tr><td>Kalp Kuyru\u011fu<\/td><td>&nbsp;<\/td><td>&nbsp;<\/td><td>&nbsp;<\/td><td>D\u00fc\u015f\u00fck<\/td><td>&nbsp;<\/td><td>&nbsp;<\/td><td>&nbsp;<\/td><td>D\u00fc\u015f\u00fck<\/td><td>&nbsp;<\/td><td>&nbsp;<\/td><td>&nbsp;<\/td><td>&nbsp;<\/td><\/tr><tr><td>Salk\u0131m<\/td><td>&nbsp;<\/td><td>&nbsp;<\/td><td>&nbsp;<\/td><td>D\u00fc\u015f\u00fck<\/td><td>D\u00fc\u015f\u00fck<\/td><td>&nbsp;<\/td><td>&nbsp;<\/td><td>&nbsp;<\/td><td>&nbsp;<\/td><td>&nbsp;<\/td><td>&nbsp;<\/td><td>&nbsp;<\/td><\/tr><tr><td>\u00c7avdar<\/td><td>&nbsp;<\/td><td>&nbsp;<\/td><td>&nbsp;<\/td><td>D\u00fc\u015f\u00fck<\/td><td>Y\u00fcksek<\/td><td>Y\u00fcksek<\/td><td>Y\u00fcksek<\/td><td>D\u00fc\u015f\u00fck<\/td><td>&nbsp;<\/td><td>&nbsp;<\/td><td>&nbsp;<\/td><td>&nbsp;<\/td><\/tr><tr><td>Sinir Otu<\/td><td>&nbsp;<\/td><td>&nbsp;<\/td><td>&nbsp;<\/td><td>D\u00fc\u015f\u00fck<\/td><td>D\u00fc\u015f\u00fck<\/td><td>Y\u00fcksek<\/td><td>Y\u00fcksek<\/td><td>Y\u00fcksek<\/td><td>D\u00fc\u015f\u00fck<\/td><td>D\u00fc\u015f\u00fck<\/td><td>&nbsp;<\/td><td>&nbsp;<\/td><\/tr><tr><td>\u00c7\u0131nar<\/td><td>&nbsp;<\/td><td>&nbsp;<\/td><td>&nbsp;<\/td><td>Y\u00fcksek<\/td><td>Y\u00fcksek<\/td><td>Y\u00fcksek<\/td><td>&nbsp;<\/td><td>&nbsp;<\/td><td>&nbsp;<\/td><td>&nbsp;<\/td><td>&nbsp;<\/td><td>&nbsp;<\/td><\/tr><tr><td>\u015eemsiye \u00c7i\u00e7e\u011fi<\/td><td>&nbsp;<\/td><td>&nbsp;<\/td><td>&nbsp;<\/td><td>D\u00fc\u015f\u00fck<\/td><td>Y\u00fcksek<\/td><td>Y\u00fcksek<\/td><td>D\u00fc\u015f\u00fck<\/td><td>D\u00fc\u015f\u00fck<\/td><td>D\u00fc\u015f\u00fck<\/td><td>&nbsp;<\/td><td>&nbsp;<\/td><td>&nbsp;<\/td><\/tr><tr><td>At Kestanesi<\/td><td>&nbsp;<\/td><td>&nbsp;<\/td><td>&nbsp;<\/td><td>D\u00fc\u015f\u00fck<\/td><td>D\u00fc\u015f\u00fck<\/td><td>D\u00fc\u015f\u00fck<\/td><td>&nbsp;<\/td><td>&nbsp;<\/td><td>&nbsp;<\/td><td>&nbsp;<\/td><td>&nbsp;<\/td><td>&nbsp;<\/td><\/tr><tr><td>Me\u015fe<\/td><td>&nbsp;<\/td><td>&nbsp;<\/td><td>&nbsp;<\/td><td>Y\u00fcksek<\/td><td>Y\u00fcksek<\/td><td>Y\u00fcksek<\/td><td>&nbsp;<\/td><td>&nbsp;<\/td><td>&nbsp;<\/td><td>&nbsp;<\/td><td>&nbsp;<\/td><td>&nbsp;<\/td><\/tr><tr><td>Kokulu \u00c7im<\/td><td>&nbsp;<\/td><td>&nbsp;<\/td><td>&nbsp;<\/td><td>&nbsp;<\/td><td>D\u00fc\u015f\u00fck<\/td><td>&nbsp;<\/td><td>&nbsp;<\/td><td>&nbsp;<\/td><td>&nbsp;<\/td><td>&nbsp;<\/td><td>&nbsp;<\/td><td>&nbsp;<\/td><\/tr><tr><td>Yulaf<\/td><td>&nbsp;<\/td><td>&nbsp;<\/td><td>&nbsp;<\/td><td>&nbsp;<\/td><td>D\u00fc\u015f\u00fck<\/td><td>D\u00fc\u015f\u00fck<\/td><td>&nbsp;<\/td><td>&nbsp;<\/td><td>&nbsp;<\/td><td>&nbsp;<\/td><td>&nbsp;<\/td><td>&nbsp;<\/td><\/tr><tr><td>Brom<\/td><td>&nbsp;<\/td><td>&nbsp;<\/td><td>&nbsp;<\/td><td>&nbsp;<\/td><td>D\u00fc\u015f\u00fck<\/td><td>D\u00fc\u015f\u00fck<\/td><td>D\u00fc\u015f\u00fck<\/td><td>&nbsp;<\/td><td>&nbsp;<\/td><td>&nbsp;<\/td><td>&nbsp;<\/td><td>&nbsp;<\/td><\/tr><tr><td>Dut<\/td><td>&nbsp;<\/td><td>&nbsp;<\/td><td>&nbsp;<\/td><td>&nbsp;<\/td><td>Y\u00fcksek<\/td><td>Y\u00fcksek<\/td><td>D\u00fc\u015f\u00fck<\/td><td>&nbsp;<\/td><td>&nbsp;<\/td><td>&nbsp;<\/td><td>&nbsp;<\/td><td>&nbsp;<\/td><\/tr><tr><td>Ak\u00e7aa\u011fa\u00e7<\/td><td>&nbsp;<\/td><td>&nbsp;<\/td><td>&nbsp;<\/td><td>&nbsp;<\/td><td>D\u00fc\u015f\u00fck<\/td><td>&nbsp;<\/td><td>&nbsp;<\/td><td>&nbsp;<\/td><td>&nbsp;<\/td><td>&nbsp;<\/td><td>&nbsp;<\/td><td>&nbsp;<\/td><\/tr><tr><td>Yumak \u00c7imi<\/td><td>&nbsp;<\/td><td>&nbsp;<\/td><td>&nbsp;<\/td><td>&nbsp;<\/td><td>D\u00fc\u015f\u00fck<\/td><td>&nbsp;<\/td><td>&nbsp;<\/td><td>&nbsp;<\/td><td>&nbsp;<\/td><td>&nbsp;<\/td><td>&nbsp;<\/td><td>&nbsp;<\/td><\/tr><tr><td>Balotu<\/td><td>&nbsp;<\/td><td>&nbsp;<\/td><td>&nbsp;<\/td><td>&nbsp;<\/td><td>D\u00fc\u015f\u00fck<\/td><td>&nbsp;<\/td><td>&nbsp;<\/td><td>&nbsp;<\/td><td>&nbsp;<\/td><td>&nbsp;<\/td><td>&nbsp;<\/td><td>&nbsp;<\/td><\/tr><tr><td>\u00c7im<\/td><td>&nbsp;<\/td><td>&nbsp;<\/td><td>&nbsp;<\/td><td>&nbsp;<\/td><td>D\u00fc\u015f\u00fck<\/td><td>&nbsp;<\/td><td>&nbsp;<\/td><td>&nbsp;<\/td><td>&nbsp;<\/td><td>&nbsp;<\/td><td>&nbsp;<\/td><td>&nbsp;<\/td><\/tr><tr><td>Bu\u011fday<\/td><td>&nbsp;<\/td><td>&nbsp;<\/td><td>&nbsp;<\/td><td>&nbsp;<\/td><td>D\u00fc\u015f\u00fck<\/td><td>&nbsp;<\/td><td>&nbsp;<\/td><td>&nbsp;<\/td><td>&nbsp;<\/td><td>&nbsp;<\/td><td>&nbsp;<\/td><td>&nbsp;<\/td><\/tr><tr><td>Zeytin<\/td><td>&nbsp;<\/td><td>&nbsp;<\/td><td>&nbsp;<\/td><td>&nbsp;<\/td><td>D\u00fc\u015f\u00fck<\/td><td>&nbsp;<\/td><td>D\u00fc\u015f\u00fck<\/td><td>D\u00fc\u015f\u00fck<\/td><td>D\u00fc\u015f\u00fck<\/td><td>&nbsp;<\/td><td>&nbsp;<\/td><td>&nbsp;<\/td><\/tr><tr><td>Akasya<\/td><td>&nbsp;<\/td><td>&nbsp;<\/td><td>&nbsp;<\/td><td>&nbsp;<\/td><td>D\u00fc\u015f\u00fck<\/td><td>&nbsp;<\/td><td>&nbsp;<\/td><td>&nbsp;<\/td><td>&nbsp;<\/td><td>&nbsp;<\/td><td>&nbsp;<\/td><td>&nbsp;<\/td><\/tr><tr><td>Porsuk<\/td><td>&nbsp;<\/td><td>&nbsp;<\/td><td>&nbsp;<\/td><td>&nbsp;<\/td><td>D\u00fc\u015f\u00fck<\/td><td>&nbsp;<\/td><td>&nbsp;<\/td><td>&nbsp;<\/td><td>&nbsp;<\/td><td>&nbsp;<\/td><td>&nbsp;<\/td><td>&nbsp;<\/td><\/tr><tr><td>Tavusotu<\/td><td>&nbsp;<\/td><td>&nbsp;<\/td><td>&nbsp;<\/td><td>&nbsp;<\/td><td>D\u00fc\u015f\u00fck<\/td><td>&nbsp;<\/td><td>&nbsp;<\/td><td>&nbsp;<\/td><td>&nbsp;<\/td><td>&nbsp;<\/td><td>&nbsp;<\/td><td>&nbsp;<\/td><\/tr><tr><td>Domuz Ayr\u0131\u011f\u0131<\/td><td>&nbsp;<\/td><td>&nbsp;<\/td><td>&nbsp;<\/td><td>&nbsp;<\/td><td>&nbsp;<\/td><td>D\u00fc\u015f\u00fck<\/td><td>&nbsp;<\/td><td>&nbsp;<\/td><td>&nbsp;<\/td><td>&nbsp;<\/td><td>&nbsp;<\/td><td>&nbsp;<\/td><\/tr><tr><td>Ihlamur<\/td><td>&nbsp;<\/td><td>&nbsp;<\/td><td>&nbsp;<\/td><td>&nbsp;<\/td><td>&nbsp;<\/td><td>Y\u00fcksek<\/td><td>Y\u00fcksek<\/td><td>D\u00fc\u015f\u00fck<\/td><td>&nbsp;<\/td><td>&nbsp;<\/td><td>&nbsp;<\/td><td>&nbsp;<\/td><\/tr><tr><td>Kestane<\/td><td>&nbsp;<\/td><td>&nbsp;<\/td><td>&nbsp;<\/td><td>&nbsp;<\/td><td>&nbsp;<\/td><td>D\u00fc\u015f\u00fck<\/td><td>&nbsp;<\/td><td>&nbsp;<\/td><td>&nbsp;<\/td><td>&nbsp;<\/td><td>&nbsp;<\/td><td>&nbsp;<\/td><\/tr><tr><td>M\u00fcnver<\/td><td>&nbsp;<\/td><td>&nbsp;<\/td><td>&nbsp;<\/td><td>&nbsp;<\/td><td>&nbsp;<\/td><td>&nbsp;<\/td><td>D\u00fc\u015f\u00fck<\/td><td>&nbsp;<\/td><td>&nbsp;<\/td><td>&nbsp;<\/td><td>&nbsp;<\/td><td>&nbsp;<\/td><\/tr><tr><td>Sedir<\/td><td>&nbsp;<\/td><td>&nbsp;<\/td><td>&nbsp;<\/td><td>&nbsp;<\/td><td>&nbsp;<\/td><td>&nbsp;<\/td><td>&nbsp;<\/td><td>&nbsp;<\/td><td>Y\u00fcksek<\/td><td>Y\u00fcksek<\/td><td>&nbsp;<\/td><td>&nbsp;<\/td><\/tr><\/tbody><\/table><\/figure>\n\n<div class=\"kk-star-ratings kksr-auto kksr-align-right kksr-valign-bottom\"\n    data-payload='{&quot;align&quot;:&quot;right&quot;,&quot;id&quot;:&quot;3158&quot;,&quot;slug&quot;:&quot;default&quot;,&quot;valign&quot;:&quot;bottom&quot;,&quot;ignore&quot;:&quot;&quot;,&quot;reference&quot;:&quot;auto&quot;,&quot;class&quot;:&quot;&quot;,&quot;count&quot;:&quot;0&quot;,&quot;legendonly&quot;:&quot;&quot;,&quot;readonly&quot;:&quot;&quot;,&quot;score&quot;:&quot;0&quot;,&quot;starsonly&quot;:&quot;&quot;,&quot;best&quot;:&quot;5&quot;,&quot;gap&quot;:&quot;5&quot;,&quot;greet&quot;:&quot;Oylama Yap&quot;,&quot;legend&quot;:&quot;0\\\/5 - (0 votes)&quot;,&quot;size&quot;:&quot;24&quot;,&quot;title&quot;:&quot;Alerji ve Ast\u0131ma Neden Olan Polenler&quot;,&quot;width&quot;:&quot;0&quot;,&quot;_legend&quot;:&quot;{score}\\\/{best} - ({count} {votes})&quot;,&quot;font_factor&quot;:&quot;1.25&quot;}'>\n            \n<div class=\"kksr-stars\">\n    \n<div class=\"kksr-stars-inactive\">\n            <div class=\"kksr-star\" data-star=\"1\" style=\"padding-right: 5px\">\n            \n\n<div class=\"kksr-icon\" style=\"width: 24px; height: 24px;\"><\/div>\n        <\/div>\n            <div class=\"kksr-star\" data-star=\"2\" style=\"padding-right: 5px\">\n            \n\n<div class=\"kksr-icon\" style=\"width: 24px; height: 24px;\"><\/div>\n        <\/div>\n            <div class=\"kksr-star\" data-star=\"3\" style=\"padding-right: 5px\">\n            \n\n<div class=\"kksr-icon\" style=\"width: 24px; height: 24px;\"><\/div>\n        <\/div>\n            <div class=\"kksr-star\" data-star=\"4\" style=\"padding-right: 5px\">\n            \n\n<div class=\"kksr-icon\" style=\"width: 24px; height: 24px;\"><\/div>\n        <\/div>\n            <div class=\"kksr-star\" data-star=\"5\" style=\"padding-right: 5px\">\n            \n\n<div class=\"kksr-icon\" style=\"width: 24px; height: 24px;\"><\/div>\n        <\/div>\n    <\/div>\n    \n<div class=\"kksr-stars-active\" style=\"width: 0px;\">\n            <div class=\"kksr-star\" style=\"padding-right: 5px\">\n            \n\n<div class=\"kksr-icon\" style=\"width: 24px; height: 24px;\"><\/div>\n        <\/div>\n            <div class=\"kksr-star\" style=\"padding-right: 5px\">\n            \n\n<div class=\"kksr-icon\" style=\"width: 24px; height: 24px;\"><\/div>\n        <\/div>\n            <div class=\"kksr-star\" style=\"padding-right: 5px\">\n            \n\n<div class=\"kksr-icon\" style=\"width: 24px; height: 24px;\"><\/div>\n        <\/div>\n            <div class=\"kksr-star\" style=\"padding-right: 5px\">\n            \n\n<div class=\"kksr-icon\" style=\"width: 24px; height: 24px;\"><\/div>\n        <\/div>\n            <div class=\"kksr-star\" style=\"padding-right: 5px\">\n            \n\n<div class=\"kksr-icon\" style=\"width: 24px; height: 24px;\"><\/div>\n        <\/div>\n    <\/div>\n<\/div>\n                \n\n<div class=\"kksr-legend\" style=\"font-size: 19.2px;\">\n            <span class=\"kksr-muted\">Oylama Yap<\/span>\n    <\/div>\n    <\/div>\n","protected":false},"excerpt":{"rendered":"<p>Bitki ve a\u011fa\u00e7 t\u00fcrlerinin bir \u00e7o\u011fu t\u00fcrlerinin devam\u0131 i\u00e7in polen \u00fcretir ve yayarlar. \u00d6zellikle Bahar aylar\u0131 polen alerjisine meyilli ki\u015filer&hellip;<\/p>\n","protected":false},"author":990003,"featured_media":3163,"comment_status":"open","ping_status":"open","sticky":false,"template":"","format":"standard","meta":{"footnotes":""},"categories":[21],"tags":[],"class_list":["post-3158","post","type-post","status-publish","format-standard","has-post-thumbnail","hentry","category-saglik"],"_links":{"self":[{"href":"https:\/\/blog.extremeoutdoor.com.tr\/index.php\/wp-json\/wp\/v2\/posts\/3158","targetHints":{"allow":["GET"]}}],"collection":[{"href":"https:\/\/blog.extremeoutdoor.com.tr\/index.php\/wp-json\/wp\/v2\/posts"}],"about":[{"href":"https:\/\/blog.extremeoutdoor.com.tr\/index.php\/wp-json\/wp\/v2\/types\/post"}],"author":[{"embeddable":true,"href":"https:\/\/blog.extremeoutdoor.com.tr\/index.php\/wp-json\/wp\/v2\/users\/990003"}],"replies":[{"embeddable":true,"href":"https:\/\/blog.extremeoutdoor.com.tr\/index.php\/wp-json\/wp\/v2\/comments?post=3158"}],"version-history":[{"count":2,"href":"https:\/\/blog.extremeoutdoor.com.tr\/index.php\/wp-json\/wp\/v2\/posts\/3158\/revisions"}],"predecessor-version":[{"id":3165,"href":"https:\/\/blog.extremeoutdoor.com.tr\/index.php\/wp-json\/wp\/v2\/posts\/3158\/revisions\/3165"}],"wp:featuredmedia":[{"embeddable":true,"href":"https:\/\/blog.extremeoutdoor.com.tr\/index.php\/wp-json\/wp\/v2\/media\/3163"}],"wp:attachment":[{"href":"https:\/\/blog.extremeoutdoor.com.tr\/index.php\/wp-json\/wp\/v2\/media?parent=3158"}],"wp:term":[{"taxonomy":"category","embeddable":true,"href":"https:\/\/blog.extremeoutdoor.com.tr\/index.php\/wp-json\/wp\/v2\/categories?post=3158"},{"taxonomy":"post_tag","embeddable":true,"href":"https:\/\/blog.extremeoutdoor.com.tr\/index.php\/wp-json\/wp\/v2\/tags?post=3158"}],"curies":[{"name":"wp","href":"https:\/\/api.w.org\/{rel}","templated":true}]}}