{"id":3238,"date":"2023-04-24T13:31:57","date_gmt":"2023-04-24T10:31:57","guid":{"rendered":"https:\/\/www.blog.extremeoutdoor.com.tr\/?p=3238"},"modified":"2023-04-24T13:32:54","modified_gmt":"2023-04-24T10:32:54","slug":"2024-yaz-olimpiyatlari-paris","status":"publish","type":"post","link":"https:\/\/blog.extremeoutdoor.com.tr\/index.php\/2023\/04\/24\/2024-yaz-olimpiyatlari-paris\/","title":{"rendered":"2024 Yaz Olimpiyatlar\u0131 : PAR\u0130S"},"content":{"rendered":"<p>S<em>porun ve d\u00fcnya g\u00fcndeminin kalbini h\u0131zland\u0131ran Paris 2024 Yaz Olimpiyatlar\u0131 i\u00e7in geri say\u0131m devam ediyor.<\/em><\/p><p>D\u00f6rt y\u0131lda bir; Yaz, K\u0131\u015f ve Paralimpik olarak d\u00fczenlenen Olimpiyat Oyunlar\u0131, milyonlarca insan\u0131 \u015fehirlerde ve televizyon ba\u015flar\u0131nda bir araya getiriyor. D\u00fcnyan\u0131n en b\u00fcy\u00fck ve geni\u015f \u00e7apl\u0131 spor organizasyonu olan Yaz Olimpiyat Oyunlar\u0131, y\u00fcz y\u0131l sonra yeniden Paris\u2019te ger\u00e7ekle\u015ftirilecek. Paris 2024 Yaz Olimpiyatlar\u0131n\u0131n haz\u0131rl\u0131k heyecan\u0131 devam ederken, etkinlik detaylar\u0131yla ilgili rehberimizi sizler i\u00e7in haz\u0131rlad\u0131k.<\/p><p><strong>Paris 2024 Yaz Olimpiyatlar\u0131 Ne Zaman Ba\u015fl\u0131yor?<\/strong><\/p><figure class=\"wp-block-image size-full\"><img loading=\"lazy\" decoding=\"async\" width=\"750\" height=\"489\" src=\"https:\/\/www.blog.extremeoutdoor.com.tr\/wp-content\/uploads\/2023\/04\/EXT-Maraton-1024x667-1.jpg\" alt=\"\" class=\"wp-image-3239\" srcset=\"https:\/\/blog.extremeoutdoor.com.tr\/wp-content\/uploads\/2023\/04\/EXT-Maraton-1024x667-1.jpg 750w, https:\/\/blog.extremeoutdoor.com.tr\/wp-content\/uploads\/2023\/04\/EXT-Maraton-1024x667-1-300x196.jpg 300w, https:\/\/blog.extremeoutdoor.com.tr\/wp-content\/uploads\/2023\/04\/EXT-Maraton-1024x667-1-370x241.jpg 370w, https:\/\/blog.extremeoutdoor.com.tr\/wp-content\/uploads\/2023\/04\/EXT-Maraton-1024x667-1-565x368.jpg 565w, https:\/\/blog.extremeoutdoor.com.tr\/wp-content\/uploads\/2023\/04\/EXT-Maraton-1024x667-1-600x391.jpg 600w\" sizes=\"auto, (max-width: 750px) 100vw, 750px\" \/><\/figure><p>26 Temmuz- 11 A\u011fustos 2024 tarihleri aras\u0131nda d\u00fczenlenecek olan Olimpiyat Oyunlar\u0131na, tarihinde alt\u0131nc\u0131 kez olmak \u00fczere Fransa ev sahipli\u011fi yap\u0131yor. Ba\u015fkent Paris\u2019te yakla\u015f\u0131k 10.500 yar\u0131\u015fmac\u0131n\u0131n kat\u0131l\u0131m\u0131yla d\u00fczenlenecek etkinlik, 35 ayr\u0131 spor dal\u0131nda d\u00fczenlenecek. Programda bulunan 28 sabit spor dal\u0131na ek olarak; dalga s\u00f6rf\u00fc, kaykay, spor t\u0131rman\u0131\u015f ve break dans dallar\u0131 da yer alacak. Cinsiyet e\u015fitli\u011fi hedefiyle, e\u015fit say\u0131da kad\u0131n ve erkek kat\u0131l\u0131mc\u0131n\u0131n bulunaca\u011f\u0131 yar\u0131\u015flarda, tarihte ilk kez olmak \u00fczere halka a\u00e7\u0131k maraton ko\u015fusu da ger\u00e7ekle\u015ftirilecek. B\u00f6ylece \u00fclkede yap\u0131lan \u00e7e\u015fitli ko\u015fu organizasyonlar\u0131nda derece alan amat\u00f6r sporcular, olimpiyat yar\u0131\u015fmac\u0131lar\u0131yla ayn\u0131 parkurda ko\u015fabilecekler.<\/p><p>G\u00f6rkemli a\u00e7\u0131l\u0131\u015f t\u00f6reni ise 26 Temmuz 2024\u2019te \u015fehrin simgesel nehri olan Sen Nehri \u00fczerinde ve \u00e7evresinde ger\u00e7ekle\u015ftirilecek. Sporcular\u0131 selamlayan tekneler ve \u00f6zel \u0131\u015f\u0131kland\u0131rmalarla unutulmaz bir a\u00e7\u0131l\u0131\u015f t\u00f6reni \u00f6n g\u00f6r\u00fcl\u00fcyor. Paralimpik Oyunlar\u0131n a\u00e7\u0131l\u0131\u015f t\u00f6reni ise \u00fcnl\u00fc Champs-\u00c9lys\u00e9es meydan\u0131nda; d\u00fcnyan\u0131n farkl\u0131 yerlerinden 180 delegasyon ve 4000\u2019den fazla yar\u0131\u015fmac\u0131n\u0131n kat\u0131l\u0131m\u0131yla d\u00fczenlenecek.<\/p><p>Daha \u00f6nce 1900 ve 1924 y\u0131llar\u0131nda Yaz Olimpiyatlar\u0131n\u0131n d\u00fczenlendi\u011fi Paris; 1924, 1988 ve 1992 y\u0131llar\u0131nda K\u0131\u015f Olimpiyatlar\u0131na da ev sahipli\u011fi yapm\u0131\u015ft\u0131.<\/p><p><strong>2024 Paris Olimpiyatlar\u0131 Etkinlik Takvimi<\/strong><\/p><figure class=\"wp-block-image size-full\"><img loading=\"lazy\" decoding=\"async\" width=\"750\" height=\"500\" src=\"https:\/\/www.blog.extremeoutdoor.com.tr\/wp-content\/uploads\/2023\/04\/EXT-tenis-kort-1024x683-1.jpg\" alt=\"\" class=\"wp-image-3240\" srcset=\"https:\/\/blog.extremeoutdoor.com.tr\/wp-content\/uploads\/2023\/04\/EXT-tenis-kort-1024x683-1.jpg 750w, https:\/\/blog.extremeoutdoor.com.tr\/wp-content\/uploads\/2023\/04\/EXT-tenis-kort-1024x683-1-300x200.jpg 300w, https:\/\/blog.extremeoutdoor.com.tr\/wp-content\/uploads\/2023\/04\/EXT-tenis-kort-1024x683-1-370x247.jpg 370w, https:\/\/blog.extremeoutdoor.com.tr\/wp-content\/uploads\/2023\/04\/EXT-tenis-kort-1024x683-1-565x377.jpg 565w, https:\/\/blog.extremeoutdoor.com.tr\/wp-content\/uploads\/2023\/04\/EXT-tenis-kort-1024x683-1-600x400.jpg 600w\" sizes=\"auto, (max-width: 750px) 100vw, 750px\" \/><\/figure><p>Ge\u00e7ti\u011fimiz aylarda a\u00e7\u0131klanan etkinlik takvimine g\u00f6re, 27 Temmuz\u2019dan itibaren d\u00fczenlenen t\u00f6renlerle Alt\u0131n Madalya sahipleri a\u00e7\u0131klanacak.<\/p><p>Eskrim etkinlikleri, Grand Palais tarihi alan\u0131nda; judo ise olimpiyatlar i\u00e7in kurulan b\u00fcy\u00fck bir salon olan Arena Champ-de-Mars\u2019da ger\u00e7ekle\u015fecek. Sokak kaykay\u0131 ve yol bisiklet turnuvalar\u0131 ise Alexandre III K\u00f6pr\u00fcs\u00fc \u00e7evresinde ve Place de la Concorde meydan\u0131nda d\u00fczenlenecek.<\/p><p>Tenis severler, 27 Temmuz \u2013 4 A\u011fustos tarihleri aras\u0131nda; efsanevi tenis kompleksi\u00a0<a rel=\"noreferrer noopener\" href=\"https:\/\/www.rolandgarros.com\/en-us\/\" target=\"_blank\"><mark style=\"background-color:rgba(0, 0, 0, 0)\" class=\"has-inline-color has-vivid-cyan-blue-color\">Stade Roland-Garros\u2019a<\/mark><\/a>\u00a0d\u00fczenlenen turnuvay\u0131 takip edebilirler. Programda tek ve \u00e7ift m\u00fcsabakalar\u0131 ile kar\u0131\u015f\u0131k \u00e7iftler (kad\u0131n-erkek) m\u00fcsabakalar\u0131 yer alacak.<\/p><p>Yine 27 Temmuz \u2013 4 A\u011fustos tarihleri aras\u0131nda olimpiyatlar\u0131n temel sporlar\u0131ndan olan y\u00fczme ve atletizm turnuvalar\u0131 yap\u0131lacak. Bu turnuvalar, d\u00fcnyadaki t\u00fcm televizyon izleyicilerinin \u00e7o\u011funlukla izleyebilece\u011fi ak\u015fam saatlerinde ger\u00e7ekle\u015ftiriliyor. Finallerin ise 1-11 A\u011fustos aral\u0131\u011f\u0131nda\u00a0<a rel=\"noreferrer noopener\" href=\"https:\/\/www.stadefrance.com\/en\" target=\"_blank\"><mark style=\"background-color:rgba(0, 0, 0, 0)\" class=\"has-inline-color has-vivid-cyan-blue-color\">Stade de France<\/mark><\/a>\u00a0stadyumunda yap\u0131lmas\u0131 planlan\u0131yor.<\/p><p>Erkekler aras\u0131 futbol turnuvas\u0131 finallerini 9 a\u011fustos 2024\u2019te; kad\u0131nlar finalini ise ertesi g\u00fcn, 10 A\u011fustos\u2019ta izleyebilirsiniz. Futbol turnuvalar\u0131 ve finalleri, Paris\u2019teki farkl\u0131 stadyumlarda yap\u0131laca\u011f\u0131 i\u00e7in etkinlik takvimini tarih yakla\u015ft\u0131k\u00e7a g\u00f6zden ge\u00e7irmek gerekebilir.<\/p><p>Basketbol ve hentbol turnuvalar\u0131 ise 6 -11 A\u011fustos 2024 tarihleri aras\u0131nda;\u00a0<a rel=\"noreferrer noopener\" href=\"https:\/\/www.accorarena.com\/en\" target=\"_blank\"><mark style=\"background-color:rgba(0, 0, 0, 0)\" class=\"has-inline-color has-vivid-cyan-blue-color\">Accor Arena<\/mark><\/a>\u00a0ve\u00a0<a rel=\"noreferrer noopener\" href=\"https:\/\/www.stade-pierre-mauroy.co.uk\/\" target=\"_blank\"><mark style=\"background-color:rgba(0, 0, 0, 0)\" class=\"has-inline-color has-vivid-cyan-blue-color\">Pierre de Mauroy kapal\u0131<\/mark><\/a>\u00a0stadyumlar\u0131nda ger\u00e7ekle\u015fecek.<\/p><p>Voleybol turnuvalar\u0131 ise 27 Temmuz- 11 A\u011fustos aras\u0131nda; Paris\u2019in en bilinen sergi ve konferans alan\u0131 olan&nbsp;<a href=\"https:\/\/www.viparis.com\/en\/our-venues\/paris-expo-porte-de-versailles-en\" target=\"_blank\" rel=\"noreferrer noopener\">Expo Porte de Versailles<\/a>&nbsp;i\u00e7ine kurulacak bir spor salonunda yer alacak.<\/p><p><a rel=\"noreferrer noopener\" href=\"https:\/\/olympics.com\/en\/news\/olympic-games-paris-2024-full-schedule-and-day-by-day-competitions\" target=\"_blank\"><strong><mark style=\"background-color:rgba(0, 0, 0, 0)\" class=\"has-inline-color has-vivid-cyan-blue-color\">Paris 2024 Yaz Olimpiyatlar\u0131 t\u00fcm etkinlikleri g\u00f6rmek i\u00e7in bu linke t\u0131klayabilirsiniz!<\/mark><\/strong><\/a><\/p><h2 class=\"wp-block-heading\">Olimpiyatlara Nas\u0131l Bilet Al\u0131n\u0131r?<\/h2><figure class=\"wp-block-image size-full\"><img loading=\"lazy\" decoding=\"async\" width=\"750\" height=\"500\" src=\"https:\/\/www.blog.extremeoutdoor.com.tr\/wp-content\/uploads\/2023\/04\/EXT-yuzen-kadin-1024x683-1.jpg\" alt=\"\" class=\"wp-image-3241\" srcset=\"https:\/\/blog.extremeoutdoor.com.tr\/wp-content\/uploads\/2023\/04\/EXT-yuzen-kadin-1024x683-1.jpg 750w, https:\/\/blog.extremeoutdoor.com.tr\/wp-content\/uploads\/2023\/04\/EXT-yuzen-kadin-1024x683-1-300x200.jpg 300w, https:\/\/blog.extremeoutdoor.com.tr\/wp-content\/uploads\/2023\/04\/EXT-yuzen-kadin-1024x683-1-370x247.jpg 370w, https:\/\/blog.extremeoutdoor.com.tr\/wp-content\/uploads\/2023\/04\/EXT-yuzen-kadin-1024x683-1-565x377.jpg 565w, https:\/\/blog.extremeoutdoor.com.tr\/wp-content\/uploads\/2023\/04\/EXT-yuzen-kadin-1024x683-1-600x400.jpg 600w\" sizes=\"auto, (max-width: 750px) 100vw, 750px\" \/><\/figure><p>1 Aral\u0131k 2022 tarihinden itibaren olimpiyatlar i\u00e7in bilet sat\u0131\u015flar\u0131 a\u00e7\u0131ld\u0131. Etkinliklere kat\u0131lmak; bir ya da daha fazla turnuva i\u00e7in bilet almak istiyorsan\u0131z \u00f6ncelikli olarak \u00e7ekili\u015fe kay\u0131t olman\u0131z gerekiyor. Bunun i\u00e7in olimpiyatlar\u0131n resmi sitesinden bir bilet alma hesab\u0131 olu\u015fturuyorsunuz. Daha sonra ise kat\u0131lmak istedi\u011finiz etkinlikleri ya da \u00e7ekili\u015fleri belirliyorsunuz.<\/p><p>1 Aral\u0131k 2022 \u2013 31 Aral\u0131k 2023 tarihleri aras\u0131nda yap\u0131lacak olan \u00e7ekili\u015f sonras\u0131, kat\u0131l\u0131m kayd\u0131 olanlar\u0131n aras\u0131ndan se\u00e7ilen ki\u015filer, mail yoluyla a\u00e7\u0131klan\u0131yor. Bu ki\u015filer Make Yor Games (Kendi Oyununu Yap) paketi ile bir ya da birden fazla turnuvaya, kendi se\u00e7eneklerini olu\u015fturarak kat\u0131labilirler. Her bir yar\u0131\u015fma i\u00e7in 6 bilet alabilen bu ki\u015filer; toplamda 30 bilete kadar sat\u0131n al\u0131m yapabilecekler.<\/p><p>Yo\u011fun olan a\u00e7\u0131l\u0131\u015f ve turnuvalar\u0131n biletleri ise Make Your Games paketlerine d\u00e2hil edilmiyor. Bu m\u00fcsabakalar i\u00e7in al\u0131m biletleri, tek al\u0131m biletlerinin a\u00e7\u0131klanaca\u011f\u0131 May\u0131s 2023\u2019te belirlenecek. Tek al\u0131m biletlerine sahip olmak i\u00e7in de yine \u00e7ekili\u015f kayd\u0131 olu\u015fturman\u0131z gerekiyor.<\/p><p><strong><em>Bilet almak i\u00e7in kay\u0131t<\/em><\/strong>:\u00a0<a rel=\"noreferrer noopener\" href=\"https:\/\/tickets.paris2024.org\/en\/\" target=\"_blank\"><strong><mark style=\"background-color:rgba(0, 0, 0, 0)\" class=\"has-inline-color has-vivid-cyan-blue-color\">Paris 2024 Yaz Olimpiyatlar\u0131 Resmi Kay\u0131t Sitesi<\/mark><\/strong><\/a><\/p><p class=\"has-medium-font-size\"><strong>Olimpiyatlarda Nas\u0131l G\u00f6n\u00fcll\u00fc Olunur?<\/strong><\/p><figure class=\"wp-block-image size-full\"><img loading=\"lazy\" decoding=\"async\" width=\"750\" height=\"500\" src=\"https:\/\/www.blog.extremeoutdoor.com.tr\/wp-content\/uploads\/2023\/04\/EXT-gonulluler-webp-1024x683-1.jpg\" alt=\"\" class=\"wp-image-3242\" srcset=\"https:\/\/blog.extremeoutdoor.com.tr\/wp-content\/uploads\/2023\/04\/EXT-gonulluler-webp-1024x683-1.jpg 750w, https:\/\/blog.extremeoutdoor.com.tr\/wp-content\/uploads\/2023\/04\/EXT-gonulluler-webp-1024x683-1-300x200.jpg 300w, https:\/\/blog.extremeoutdoor.com.tr\/wp-content\/uploads\/2023\/04\/EXT-gonulluler-webp-1024x683-1-370x247.jpg 370w, https:\/\/blog.extremeoutdoor.com.tr\/wp-content\/uploads\/2023\/04\/EXT-gonulluler-webp-1024x683-1-565x377.jpg 565w, https:\/\/blog.extremeoutdoor.com.tr\/wp-content\/uploads\/2023\/04\/EXT-gonulluler-webp-1024x683-1-600x400.jpg 600w\" sizes=\"auto, (max-width: 750px) 100vw, 750px\" \/><\/figure><p>Paris 2024 Olimpiyatlar\u0131nda ve Paralimpik Oyunlar\u0131nda yer almak i\u00e7in 45 bin g\u00f6n\u00fcll\u00fc arand\u0131\u011f\u0131 resmi olarak duyuruldu. G\u00f6n\u00fcll\u00fcler d\u00fcnyan\u0131n her yerinden alan\u0131nda profesyonel olan farkl\u0131\u00a0sporcularla\u00a0tan\u0131\u015f\u0131rken; olimpiyat atmosferini de tecr\u00fcbe edebilecek.<\/p><p>G\u00f6n\u00fcll\u00fcl\u00fck ba\u015fvurular\u0131 3 May\u0131s 2023 tarihinde sona erecek. Ba\u015fvurular\u0131 kabul edilen adaylar ise Eyl\u00fcl-Aral\u0131k 2023 tarihleri aras\u0131nda, yer alacaklar\u0131 pozisyonlarla birlikte a\u00e7\u0131klanacak. G\u00f6n\u00fcll\u00fc olmak i\u00e7in aranan \u00f6zelliklerin ba\u015f\u0131nda ak\u0131c\u0131 \u015fekilde Frans\u0131zca ve\/veya \u0130ngilizce konu\u015fmak geliyor. Ayr\u0131ca 18 ya\u015f\u0131ndan b\u00fcy\u00fck olmak ve Paralimpik Oyunlar\u0131n sona erece\u011fi 8 Eyl\u00fcl tarihine kadar \u00e7al\u0131\u015fabilir olmak da ko\u015fullar\u0131n aras\u0131nda yer al\u0131yor.<\/p><p><strong><em>Ba\u015fvuruda bulunmak i\u00e7in<\/em><\/strong>\u00a0<strong><em>kay\u0131t<\/em><\/strong>\u00a0:\u00a0<a rel=\"noreferrer noopener\" href=\"https:\/\/www.paris2024.org\/en\/volunteers\/?utm_source=crm_email&amp;utm_medium=email_broadcast&amp;utm_campaign=20230321_LANCEMENTVOL_EN_MembresClub\" target=\"_blank\"><mark style=\"background-color:rgba(0, 0, 0, 0)\" class=\"has-inline-color has-vivid-cyan-blue-color\">Paris 2024 Yaz Olimpiyatlar\u0131 G\u00f6n\u00fcll\u00fc Ba\u015fvurusu<\/mark><\/a><\/p><h2 class=\"wp-block-heading\">Paris 2024 Yaz Olimpiyatlar\u0131n\u0131n Maskotu Nedir?<\/h2><figure class=\"wp-block-image size-full\"><img loading=\"lazy\" decoding=\"async\" width=\"750\" height=\"412\" src=\"https:\/\/www.blog.extremeoutdoor.com.tr\/wp-content\/uploads\/2023\/04\/EXT-2024-paris-olimpiyat-maskotu.jpg\" alt=\"\" class=\"wp-image-3243\" srcset=\"https:\/\/blog.extremeoutdoor.com.tr\/wp-content\/uploads\/2023\/04\/EXT-2024-paris-olimpiyat-maskotu.jpg 750w, https:\/\/blog.extremeoutdoor.com.tr\/wp-content\/uploads\/2023\/04\/EXT-2024-paris-olimpiyat-maskotu-300x165.jpg 300w, https:\/\/blog.extremeoutdoor.com.tr\/wp-content\/uploads\/2023\/04\/EXT-2024-paris-olimpiyat-maskotu-370x203.jpg 370w, https:\/\/blog.extremeoutdoor.com.tr\/wp-content\/uploads\/2023\/04\/EXT-2024-paris-olimpiyat-maskotu-565x310.jpg 565w, https:\/\/blog.extremeoutdoor.com.tr\/wp-content\/uploads\/2023\/04\/EXT-2024-paris-olimpiyat-maskotu-600x330.jpg 600w\" sizes=\"auto, (max-width: 750px) 100vw, 750px\" \/><\/figure><p>Olimpiyatlar tarihi boyunca \u00fclkeler, k\u00fclt\u00fcrel miraslar\u0131n\u0131 aktarmak ve t\u00fcm d\u00fcnyaya g\u00f6stermek i\u00e7in olimpik yar\u0131\u015flar\u0131n simgesi olarak maskot se\u00e7erler. Yerel fig\u00fcrlerin kullan\u0131ld\u0131\u011f\u0131 bu simgeler genellikle hayvan maskotlar\u0131yla belirlenir. Paris 2024 Olimpiyatlar\u0131nda ise Fransa\u2019n\u0131n \u00f6zg\u00fcrl\u00fck simgesi olan\u00a0<em><strong>Frig \u015eapkas\u0131<\/strong><\/em>\u00a0kullan\u0131lacak. Fransa tarihinde halka uzun d\u00f6nem e\u015flik eden bu\u00a0\u015fapkalar, 1789 Frans\u0131z Devrimi\u2019ndeki varl\u0131klar\u0131yla ise \u00f6zellikle biliniyor.<\/p><h2 class=\"wp-block-heading\">T\u00fcrkiye\u2019nin Olimpiyatlardaki Ba\u015far\u0131lar\u0131<\/h2><figure class=\"wp-block-image size-full\"><img loading=\"lazy\" decoding=\"async\" width=\"750\" height=\"462\" src=\"https:\/\/www.blog.extremeoutdoor.com.tr\/wp-content\/uploads\/2023\/04\/EXT-mete-gazoz.jpg\" alt=\"\" class=\"wp-image-3244\" srcset=\"https:\/\/blog.extremeoutdoor.com.tr\/wp-content\/uploads\/2023\/04\/EXT-mete-gazoz.jpg 750w, https:\/\/blog.extremeoutdoor.com.tr\/wp-content\/uploads\/2023\/04\/EXT-mete-gazoz-300x185.jpg 300w, https:\/\/blog.extremeoutdoor.com.tr\/wp-content\/uploads\/2023\/04\/EXT-mete-gazoz-370x228.jpg 370w, https:\/\/blog.extremeoutdoor.com.tr\/wp-content\/uploads\/2023\/04\/EXT-mete-gazoz-565x348.jpg 565w, https:\/\/blog.extremeoutdoor.com.tr\/wp-content\/uploads\/2023\/04\/EXT-mete-gazoz-600x370.jpg 600w\" sizes=\"auto, (max-width: 750px) 100vw, 750px\" \/><\/figure><p>1896 y\u0131l\u0131nda Atina\u2019da ba\u015flayan ve 4 y\u0131lda bir farkl\u0131 \u00fclkelerde d\u00fczenlenen\u00a0Modern Olimpik Oyunlar\u2019a, T\u00fcrkiye ilk kez 1908 y\u0131l\u0131nda kat\u0131ld\u0131. 1936 y\u0131l\u0131nda Berlin\u2019de d\u00fczenlenen turnuvalarda ise g\u00fcre\u015f\u00e7i Ya\u015far Erken, alt\u0131n madalya kazan\u0131rken; g\u00fcre\u015f\u00e7i Ahmet Kiri\u015f ise bronz madalyay\u0131 kazand\u0131 ve Olimpiyat Oyunlar\u0131ndaki ilk resmi ba\u015far\u0131lar elde edildi.<\/p><p>1936 tarihinden 2000 y\u0131l\u0131na kadar d\u00fczenlenen olimpiyatlarda T\u00fcrkler; 41 alt\u0131n, 26 g\u00fcm\u00fc\u015f, 37 bronz olmak \u00fczere toplamda 104 madalya kazanm\u0131\u015ft\u0131r. Madalyalar\u0131n t\u00fcm\u00fc Yaz Olimpiyatlar\u0131\u2019nda kazan\u0131l\u0131rken; K\u0131\u015f Olimiyatlar\u0131\u2019nda hen\u00fcz madalya kazan\u0131lamam\u0131\u015ft\u0131r.<\/p><p>T\u00fcrkiye ad\u0131na madalya kazanan 85 sporcunun 16\u2019s\u0131, birden fazla madalya sevinci ya\u015fam\u0131\u015ft\u0131r. Mustafa Da\u011f\u0131stanl\u0131 ve Mithat Bayrak g\u00fcre\u015fte 2 kez alt\u0131n madalya kazan\u0131rken; Naim S\u00fcleymano\u011flu ve Halil Mutlu halterde 3 kez kazanm\u015ft\u0131r.<\/p><p>1992 y\u0131l\u0131nda Barselona\u2019da d\u00fczenlenen turnuvalarda, judocu H\u00fclya \u015eenyurt bronz madalyay\u0131 kazanarak olimpiyatlarda derece alan ilk kad\u0131n sporcumuz olmu\u015ftur. 2004 y\u0131l\u0131nda Atina\u2019daki tunuvalarda ise alt\u0131n madalyay\u0131 alarak tarihe ismini yazd\u0131ran halterci Nurcan Taylan\u2019d\u0131r. Tekvandocu Nur Tatar ise farkl\u0131 olimpiyatlarda madalya kazanan tek kad\u0131n sporcumuzdur.<\/p><p>Pandemi nedeniyle 2020 y\u0131l\u0131 atlanarak 2021 y\u0131l\u0131nda ger\u00e7ekle\u015ftirilen Olimpiyat Oyunlar\u0131nda ise T\u00fcrkler 6 bran\u015fta toplam 13 madalya elde etti. Tarihte T\u00fcrklerin en \u00e7ok madalya kazand\u0131\u011f\u0131 turnuvalardaki bu bran\u015flar; g\u00fcre\u015f, tekvando, karete, boks, ok\u00e7uluk ve cimnastik oldu. Ok\u00e7ulukta Mete Gazoz, bu bran\u015fta alt\u0131n madalya kazanan ilk T\u00fcrk oldu. Cimnastikte ise Ferhat Arcan, bronz madalya alarak tarihi bir di\u011fer ba\u015far\u0131ya imza att\u0131.\u00a0Kad\u0131n boks sporcular\u0131m\u0131zdan\u00a0Buse Naz \u00c7ak\u0131ro\u011flu g\u00fcm\u00fc\u015f madalya alarak bu bran\u015fta madalya kazanan ilk T\u00fcrk sporcu \u00fcnvan\u0131n\u0131 al\u0131rken; Busenaz S\u00fcrmeneli ise alt\u0131n madalyay\u0131 alarak yine tarihe ge\u00e7ti. Tekvandoda 2 bronz madalya kazan\u0131l\u0131rken; karate bran\u015f\u0131nda ise milli sporcular\u0131m\u0131z bir g\u00fcm\u00fc\u015f yan\u0131 s\u0131ra 3 bronz madalya kazand\u0131lar.<\/p>\n\n<div class=\"kk-star-ratings kksr-auto kksr-align-right kksr-valign-bottom\"\n    data-payload='{&quot;align&quot;:&quot;right&quot;,&quot;id&quot;:&quot;3238&quot;,&quot;slug&quot;:&quot;default&quot;,&quot;valign&quot;:&quot;bottom&quot;,&quot;ignore&quot;:&quot;&quot;,&quot;reference&quot;:&quot;auto&quot;,&quot;class&quot;:&quot;&quot;,&quot;count&quot;:&quot;0&quot;,&quot;legendonly&quot;:&quot;&quot;,&quot;readonly&quot;:&quot;&quot;,&quot;score&quot;:&quot;0&quot;,&quot;starsonly&quot;:&quot;&quot;,&quot;best&quot;:&quot;5&quot;,&quot;gap&quot;:&quot;5&quot;,&quot;greet&quot;:&quot;Oylama Yap&quot;,&quot;legend&quot;:&quot;0\\\/5 - (0 votes)&quot;,&quot;size&quot;:&quot;24&quot;,&quot;title&quot;:&quot;2024 Yaz Olimpiyatlar\u0131 : PAR\u0130S&quot;,&quot;width&quot;:&quot;0&quot;,&quot;_legend&quot;:&quot;{score}\\\/{best} - ({count} {votes})&quot;,&quot;font_factor&quot;:&quot;1.25&quot;}'>\n            \n<div class=\"kksr-stars\">\n    \n<div class=\"kksr-stars-inactive\">\n            <div class=\"kksr-star\" data-star=\"1\" style=\"padding-right: 5px\">\n            \n\n<div class=\"kksr-icon\" style=\"width: 24px; height: 24px;\"><\/div>\n        <\/div>\n            <div class=\"kksr-star\" data-star=\"2\" style=\"padding-right: 5px\">\n            \n\n<div class=\"kksr-icon\" style=\"width: 24px; height: 24px;\"><\/div>\n        <\/div>\n            <div class=\"kksr-star\" data-star=\"3\" style=\"padding-right: 5px\">\n            \n\n<div class=\"kksr-icon\" style=\"width: 24px; height: 24px;\"><\/div>\n        <\/div>\n            <div class=\"kksr-star\" data-star=\"4\" style=\"padding-right: 5px\">\n            \n\n<div class=\"kksr-icon\" style=\"width: 24px; height: 24px;\"><\/div>\n        <\/div>\n            <div class=\"kksr-star\" data-star=\"5\" style=\"padding-right: 5px\">\n            \n\n<div class=\"kksr-icon\" style=\"width: 24px; height: 24px;\"><\/div>\n        <\/div>\n    <\/div>\n    \n<div class=\"kksr-stars-active\" style=\"width: 0px;\">\n            <div class=\"kksr-star\" style=\"padding-right: 5px\">\n            \n\n<div class=\"kksr-icon\" style=\"width: 24px; height: 24px;\"><\/div>\n        <\/div>\n            <div class=\"kksr-star\" style=\"padding-right: 5px\">\n            \n\n<div class=\"kksr-icon\" style=\"width: 24px; height: 24px;\"><\/div>\n        <\/div>\n            <div class=\"kksr-star\" style=\"padding-right: 5px\">\n            \n\n<div class=\"kksr-icon\" style=\"width: 24px; height: 24px;\"><\/div>\n        <\/div>\n            <div class=\"kksr-star\" style=\"padding-right: 5px\">\n            \n\n<div class=\"kksr-icon\" style=\"width: 24px; height: 24px;\"><\/div>\n        <\/div>\n            <div class=\"kksr-star\" style=\"padding-right: 5px\">\n            \n\n<div class=\"kksr-icon\" style=\"width: 24px; height: 24px;\"><\/div>\n        <\/div>\n    <\/div>\n<\/div>\n                \n\n<div class=\"kksr-legend\" style=\"font-size: 19.2px;\">\n            <span class=\"kksr-muted\">Oylama Yap<\/span>\n    <\/div>\n    <\/div>\n","protected":false},"excerpt":{"rendered":"<p>Sporun ve d\u00fcnya g\u00fcndeminin kalbini h\u0131zland\u0131ran Paris 2024 Yaz Olimpiyatlar\u0131 i\u00e7in geri say\u0131m devam ediyor. D\u00f6rt y\u0131lda bir; Yaz, K\u0131\u015f&hellip;<\/p>\n","protected":false},"author":990005,"featured_media":3246,"comment_status":"open","ping_status":"open","sticky":false,"template":"","format":"standard","meta":{"footnotes":""},"categories":[398],"tags":[725,727,726],"class_list":["post-3238","post","type-post","status-publish","format-standard","has-post-thumbnail","hentry","category-haber","tag-2024-yaz-olimpiyatlari","tag-olimpiyat","tag-paris-yaz-olimpiyatlari"],"_links":{"self":[{"href":"https:\/\/blog.extremeoutdoor.com.tr\/index.php\/wp-json\/wp\/v2\/posts\/3238","targetHints":{"allow":["GET"]}}],"collection":[{"href":"https:\/\/blog.extremeoutdoor.com.tr\/index.php\/wp-json\/wp\/v2\/posts"}],"about":[{"href":"https:\/\/blog.extremeoutdoor.com.tr\/index.php\/wp-json\/wp\/v2\/types\/post"}],"author":[{"embeddable":true,"href":"https:\/\/blog.extremeoutdoor.com.tr\/index.php\/wp-json\/wp\/v2\/users\/990005"}],"replies":[{"embeddable":true,"href":"https:\/\/blog.extremeoutdoor.com.tr\/index.php\/wp-json\/wp\/v2\/comments?post=3238"}],"version-history":[{"count":3,"href":"https:\/\/blog.extremeoutdoor.com.tr\/index.php\/wp-json\/wp\/v2\/posts\/3238\/revisions"}],"predecessor-version":[{"id":3248,"href":"https:\/\/blog.extremeoutdoor.com.tr\/index.php\/wp-json\/wp\/v2\/posts\/3238\/revisions\/3248"}],"wp:featuredmedia":[{"embeddable":true,"href":"https:\/\/blog.extremeoutdoor.com.tr\/index.php\/wp-json\/wp\/v2\/media\/3246"}],"wp:attachment":[{"href":"https:\/\/blog.extremeoutdoor.com.tr\/index.php\/wp-json\/wp\/v2\/media?parent=3238"}],"wp:term":[{"taxonomy":"category","embeddable":true,"href":"https:\/\/blog.extremeoutdoor.com.tr\/index.php\/wp-json\/wp\/v2\/categories?post=3238"},{"taxonomy":"post_tag","embeddable":true,"href":"https:\/\/blog.extremeoutdoor.com.tr\/index.php\/wp-json\/wp\/v2\/tags?post=3238"}],"curies":[{"name":"wp","href":"https:\/\/api.w.org\/{rel}","templated":true}]}}