{"id":3368,"date":"2023-04-24T17:37:26","date_gmt":"2023-04-24T14:37:26","guid":{"rendered":"https:\/\/www.blog.extremeoutdoor.com.tr\/?p=3368"},"modified":"2023-04-24T17:37:28","modified_gmt":"2023-04-24T14:37:28","slug":"hangi-boyutta-opinel-secmeliyim-opinel-boyutlarini-anlama","status":"publish","type":"post","link":"https:\/\/blog.extremeoutdoor.com.tr\/index.php\/2023\/04\/24\/hangi-boyutta-opinel-secmeliyim-opinel-boyutlarini-anlama\/","title":{"rendered":"Hangi boyutta Opinel se\u00e7meliyim?\u00a0Opinel boyutlar\u0131n\u0131 anlama"},"content":{"rendered":"<p><strong>Her \u0130\u015fe Bir Beden: Opinel \u00c7ak\u0131n\u0131z\u0131 Se\u00e7mek<\/strong><\/p><p>Opinel \u00e7ak\u0131, Fransa&#8217;da ve t\u00fcm d\u00fcnyada sevilen, an\u0131nda tan\u0131nan bir nesnedir.&nbsp;En \u00fcnl\u00fcs\u00fc, \u015f\u00fcphesiz klasik No.08 olsa da, Opinel uzun s\u00fcredir ikonik katlan\u0131r b\u0131\u00e7a\u011f\u0131, k\u00fc\u00e7\u00fcc\u00fck anahtarl\u0131k b\u0131\u00e7aklar\u0131ndan devasa koleksiyon \u00f6\u011felerine kadar \u00e7e\u015fitli boyutlarda \u00fcretmektedir.&nbsp;<\/p><p>Bu boyut yelpazesi, Opinel tarihinin ilk g\u00fcnlerine kadar uzan\u0131r;&nbsp;1897&#8217;de, i\u015fini kurduktan yedi y\u0131l sonra, Joseph Opinel \u00e7ak\u0131s\u0131 i\u00e7in 1&#8217;den 12&#8217;ye kadar numaraland\u0131r\u0131lm\u0131\u015f 12 farkl\u0131 boy geli\u015ftirmi\u015fti.&nbsp;en b\u00fcy\u00fc\u011f\u00fc olan No. 12, yerinde bir \u015fekilde 12 cm&#8217;lik bir b\u0131\u00e7a\u011fa sahipti.&nbsp;1930&#8217;larda Opinel, No.01 ve No.011&#8217;in \u00fcretimini durdurdu, ancak bug\u00fcn\u00fcn teklifleri, Opinel&#8217;in orijinal serisinden ilham alan \u00e7ok \u00e7e\u015fitli boyutlar\u0131 i\u00e7eriyor.<\/p><p>Hangi b\u0131\u00e7ak boyutunun size uygun oldu\u011funa karar vermeye mi \u00e7al\u0131\u015f\u0131yorsunuz?&nbsp;Baz\u0131 m\u00fc\u015fterilerimizin en sevdikleri b\u0131\u00e7aklar\u0131 nas\u0131l kulland\u0131\u011f\u0131n\u0131 \u00f6\u011frenmek i\u00e7in okumaya devam edin.&nbsp;<\/p><figure class=\"wp-block-image size-full\"><img loading=\"lazy\" decoding=\"async\" width=\"750\" height=\"896\" src=\"https:\/\/www.blog.extremeoutdoor.com.tr\/wp-content\/uploads\/2023\/04\/EXT-Size_Chart_PocketKnives_003_Small_6148628d-03ff-4963-9979-44d3ef99592f.jpg\" alt=\"\" class=\"wp-image-3369\" srcset=\"https:\/\/blog.extremeoutdoor.com.tr\/wp-content\/uploads\/2023\/04\/EXT-Size_Chart_PocketKnives_003_Small_6148628d-03ff-4963-9979-44d3ef99592f.jpg 750w, https:\/\/blog.extremeoutdoor.com.tr\/wp-content\/uploads\/2023\/04\/EXT-Size_Chart_PocketKnives_003_Small_6148628d-03ff-4963-9979-44d3ef99592f-251x300.jpg 251w, https:\/\/blog.extremeoutdoor.com.tr\/wp-content\/uploads\/2023\/04\/EXT-Size_Chart_PocketKnives_003_Small_6148628d-03ff-4963-9979-44d3ef99592f-370x442.jpg 370w, https:\/\/blog.extremeoutdoor.com.tr\/wp-content\/uploads\/2023\/04\/EXT-Size_Chart_PocketKnives_003_Small_6148628d-03ff-4963-9979-44d3ef99592f-565x675.jpg 565w, https:\/\/blog.extremeoutdoor.com.tr\/wp-content\/uploads\/2023\/04\/EXT-Size_Chart_PocketKnives_003_Small_6148628d-03ff-4963-9979-44d3ef99592f-600x717.jpg 600w\" sizes=\"auto, (max-width: 750px) 100vw, 750px\" \/><\/figure><p><strong>K\u00fc\u00e7\u00fck Maket B\u0131\u00e7aklar\u0131: No.02, No.03, No.04, No.05<\/strong><\/p><p>Opinel, Joseph&#8217;in 1800&#8217;lerin sonlar\u0131nda tasarlad\u0131\u011f\u0131 ufac\u0131k No.01&#8217;i art\u0131k \u00fcretmese de, yine de birka\u00e7 k\u00fc\u00e7\u00fcc\u00fck b\u0131\u00e7ak sunuyoruz.&nbsp;Kullan\u0131\u015fl\u0131 anahtarl\u0131kl\u0131 minik No.02 b\u0131\u00e7a\u011f\u0131m\u0131z, k\u00fc\u00e7\u00fck i\u015fler i\u00e7in harika bir el aletidir.&nbsp;Bir yorumcu, bunu &#8220;ihtiyac\u0131n\u0131z olan en b\u00fcy\u00fck k\u00fc\u00e7\u00fck b\u0131\u00e7ak&#8221; olarak adland\u0131rd\u0131 ve &#8220;mektuplar\u0131 a\u00e7mak, karton kutular\u0131 a\u00e7mak, paketlerden bant kesmek, giysilerden iplik kesmek, kalemleri keskinle\u015ftirmek &#8230; olas\u0131l\u0131klar sonsuzdur!&#8221; \u201d<\/p><p>Ancak dikkatli olun ve bir b\u0131\u00e7a\u011f\u0131 boyutuna g\u00f6re yarg\u0131lamay\u0131n: Bu k\u00fc\u00e7\u00fck b\u0131\u00e7aklar, Opinel serisindeki b\u00fcy\u00fck karde\u015fleri kadar keskindir ve 2 ila 5 aras\u0131ndaki boyutlar, daha b\u00fcy\u00fck Opinel&#8217;in karakteristik kilitleme halkas\u0131 mekanizmas\u0131na sahip de\u011fildir. b\u0131\u00e7aklar.\u00a0<\/p><figure class=\"wp-block-image size-full\"><img loading=\"lazy\" decoding=\"async\" width=\"750\" height=\"300\" src=\"https:\/\/www.blog.extremeoutdoor.com.tr\/wp-content\/uploads\/2023\/04\/EXT-Blog_OpinelSize_Content_004.jpg\" alt=\"\" class=\"wp-image-3370\" srcset=\"https:\/\/blog.extremeoutdoor.com.tr\/wp-content\/uploads\/2023\/04\/EXT-Blog_OpinelSize_Content_004.jpg 750w, https:\/\/blog.extremeoutdoor.com.tr\/wp-content\/uploads\/2023\/04\/EXT-Blog_OpinelSize_Content_004-300x120.jpg 300w, https:\/\/blog.extremeoutdoor.com.tr\/wp-content\/uploads\/2023\/04\/EXT-Blog_OpinelSize_Content_004-370x148.jpg 370w, https:\/\/blog.extremeoutdoor.com.tr\/wp-content\/uploads\/2023\/04\/EXT-Blog_OpinelSize_Content_004-565x226.jpg 565w, https:\/\/blog.extremeoutdoor.com.tr\/wp-content\/uploads\/2023\/04\/EXT-Blog_OpinelSize_Content_004-600x240.jpg 600w\" sizes=\"auto, (max-width: 750px) 100vw, 750px\" \/><\/figure><p><strong>G\u00fcnl\u00fck Ta\u015f\u0131ma: No.06, No.07, No.08<\/strong><\/p><p>Bunlar, en pop\u00fcler ve \u00e7ok y\u00f6nl\u00fc boyutlar\u0131m\u0131z olan Opinel serisinin beygirleridir.&nbsp;&#8220;\u00c7ak\u0131&#8221; d\u00fc\u015f\u00fcnd\u00fc\u011f\u00fcn\u00fczde, hayal etti\u011finiz \u015fey budur &#8211; katlanmaya ve bir cebe, s\u0131rt \u00e7antas\u0131na veya el \u00e7antas\u0131na konmaya haz\u0131r kullan\u0131\u015fl\u0131 bir b\u0131\u00e7ak.&nbsp;<\/p><p>No.08, bu g\u00fcnl\u00fck ta\u015f\u0131ma b\u0131\u00e7aklar\u0131n\u0131n en \u00fcnl\u00fcs\u00fc olsa da, No.07 ve No.06 se\u00e7enekleri biraz daha k\u00fc\u00e7\u00fck bir b\u0131\u00e7ak ve sap sunar, daha k\u00fc\u00e7\u00fck eller veya daha gen\u00e7 sahipler i\u00e7in idealdir.&nbsp;Deri kordon se\u00e7ene\u011finin yan\u0131 s\u0131ra aralar\u0131ndan se\u00e7im yapabilece\u011finiz \u00e7e\u015fitli ah\u015fap saplarla, neredeyse kesinlikle her EDC se\u00e7imi i\u00e7in bir Opinel \u00e7ak\u0131 vard\u0131r.&nbsp;<\/p><p>\u0130ncelemeler kendileri i\u00e7in konu\u015fur.\u00a0No.08 klasi\u011finin bir ele\u015ftirmeni \u015f\u00f6yle yaz\u0131yor: &#8220;Bu paslanmaz \u00e7eli\u011fin g\u00fczelli\u011finin, abart\u0131ya kadar ya\u015fayan bir klasik oldu\u011funu her zerresiyle kan\u0131tlam\u0131\u015f olmas\u0131 beni \u00e7ok mutlu etti.\u00a0O kadar hafif ki ta\u015f\u0131d\u0131\u011f\u0131n\u0131z\u0131 anlamazs\u0131n\u0131z.\u00a0Zarif, sonsuza dek klasik tarz.\u00a0Ve mekanizman\u0131n basitli\u011fi sadece aldat\u0131c\u0131d\u0131r.\u00a0O kadar \u00e7ok sevdim ki iki arkada\u015f\u0131ma daha hediye ettim.\u201d<\/p><figure class=\"wp-block-image size-full\"><img loading=\"lazy\" decoding=\"async\" width=\"750\" height=\"300\" src=\"https:\/\/www.blog.extremeoutdoor.com.tr\/wp-content\/uploads\/2023\/04\/EXT-Blog_OpinelSize_Content_002.jpg\" alt=\"\" class=\"wp-image-3371\" srcset=\"https:\/\/blog.extremeoutdoor.com.tr\/wp-content\/uploads\/2023\/04\/EXT-Blog_OpinelSize_Content_002.jpg 750w, https:\/\/blog.extremeoutdoor.com.tr\/wp-content\/uploads\/2023\/04\/EXT-Blog_OpinelSize_Content_002-300x120.jpg 300w, https:\/\/blog.extremeoutdoor.com.tr\/wp-content\/uploads\/2023\/04\/EXT-Blog_OpinelSize_Content_002-370x148.jpg 370w, https:\/\/blog.extremeoutdoor.com.tr\/wp-content\/uploads\/2023\/04\/EXT-Blog_OpinelSize_Content_002-565x226.jpg 565w, https:\/\/blog.extremeoutdoor.com.tr\/wp-content\/uploads\/2023\/04\/EXT-Blog_OpinelSize_Content_002-600x240.jpg 600w\" sizes=\"auto, (max-width: 750px) 100vw, 750px\" \/><\/figure><p><strong>\u0130\u015f B\u0131\u00e7aklar\u0131: No.09, No.10, No.12<\/strong><\/p><p>Ortalama bir \u00e7ak\u0131dan biraz daha a\u011f\u0131r bir \u015fey mi ar\u0131yorsunuz?&nbsp;Katlan\u0131r b\u0131\u00e7ak koleksiyonumuzun b\u00fcy\u00fck ucunu \u00e7evirin.&nbsp;Bu b\u0131\u00e7aklar\u0131 bir alet kutusuna veya kamp kitine koyun ve bunlar\u0131 kampta odun kesmek veya yemek haz\u0131rlamak i\u00e7in kullan\u0131n.&nbsp;Dayan\u0131kl\u0131 ve g\u00fc\u00e7l\u00fc olan bu b\u0131\u00e7aklar ayn\u0131 zamanda boyutlar\u0131na g\u00f6re hafiftir &#8211; g\u00fc\u00e7 ve ta\u015f\u0131nabilirli\u011fin harika bir kar\u0131\u015f\u0131m\u0131.&nbsp;<\/p><p>No.10&#8217;un bir ele\u015ftirmeni, &#8220;A\u00e7\u0131k havada, kendin yap projeleriyle ilgileniyorsan\u0131z veya sadece \u00e7e\u015fitli b\u0131\u00e7aklar\u0131 toplamay\u0131 seviyorsan\u0131z, bu b\u0131\u00e7ak bir zorunluluktur&#8221; diye yaz\u0131yor.\u00a0&#8220;Bu kategorilerin her birine giriyorum ve Opinel No.10&#8217;un zarif sadeli\u011fi ve \u015fa\u015f\u0131rt\u0131c\u0131 g\u00fcvenilirli\u011finden s\u00fcrekli olarak etkileniyorum.\u00a0\u00dcr\u00fcn listesinin dedi\u011fi gibi, (benim gibi) kendinizi bir \u00f6nl\u00fck, alet kemeri \/ \u00e7antas\u0131 tak\u0131yor veya bir paket ta\u015f\u0131yorsan\u0131z, g\u00fcnl\u00fck ta\u015f\u0131ma i\u00e7in rahat bir \u00e7ak\u0131 olamayacak kadar b\u00fcy\u00fck bir sa\u00e7.\u00a0Bununla birlikte, ellerim b\u00fcy\u00fck ve tutmas\u0131 ve kullanmas\u0131 \u00e7ok rahat.&#8221;<\/p><figure class=\"wp-block-image size-full\"><img loading=\"lazy\" decoding=\"async\" width=\"750\" height=\"300\" src=\"https:\/\/www.blog.extremeoutdoor.com.tr\/wp-content\/uploads\/2023\/04\/EXT-Blog_OpinelSize_Content_005.jpg\" alt=\"\" class=\"wp-image-3372\" srcset=\"https:\/\/blog.extremeoutdoor.com.tr\/wp-content\/uploads\/2023\/04\/EXT-Blog_OpinelSize_Content_005.jpg 750w, https:\/\/blog.extremeoutdoor.com.tr\/wp-content\/uploads\/2023\/04\/EXT-Blog_OpinelSize_Content_005-300x120.jpg 300w, https:\/\/blog.extremeoutdoor.com.tr\/wp-content\/uploads\/2023\/04\/EXT-Blog_OpinelSize_Content_005-370x148.jpg 370w, https:\/\/blog.extremeoutdoor.com.tr\/wp-content\/uploads\/2023\/04\/EXT-Blog_OpinelSize_Content_005-565x226.jpg 565w, https:\/\/blog.extremeoutdoor.com.tr\/wp-content\/uploads\/2023\/04\/EXT-Blog_OpinelSize_Content_005-600x240.jpg 600w\" sizes=\"auto, (max-width: 750px) 100vw, 750px\" \/><\/figure><p><strong>Dev: No.13<\/strong><\/p><p>1970&#8217;lerde Opinel b\u00fcy\u00fck d\u00fc\u015f\u00fcnmeye karar verdi &#8211; ger\u00e7ekten B\u00dcY\u00dcK.\u00a0Ve b\u00f6ylece orijinal olarak vitrinlerde kullan\u0131lmak \u00fczere bir promosyon \u00fcr\u00fcn\u00fc olarak tasarlanan No.13 do\u011fdu.\u00a0Tamamen a\u00e7\u0131kken yakla\u015f\u0131k 20 in\u00e7 uzunlu\u011funda olan 13 numara bir hit oldu.\u00a0Hem perakendeciler hem de m\u00fc\u015fteriler b\u0131\u00e7a\u011f\u0131n etrafta dola\u015fmas\u0131n\u0131 istedi ve bug\u00fcn \u00fcretimde ve perakendeciler, koleksiyoncular ve benzer \u015fekilde merakl\u0131lar i\u00e7in mevcut.\u00a0Bunu koleksiyonunuza ekleyin ve arkada\u015flar\u0131n\u0131z ve aileniz aras\u0131nda en son sohbet ba\u015flat\u0131c\u0131 olaca\u011f\u0131ndan emin olabilirsiniz.\u00a0<\/p><figure class=\"wp-block-image size-full\"><img loading=\"lazy\" decoding=\"async\" width=\"750\" height=\"300\" src=\"https:\/\/www.blog.extremeoutdoor.com.tr\/wp-content\/uploads\/2023\/04\/EXT-Blog_OpinelSize_Content_003.jpg\" alt=\"\" class=\"wp-image-3373\" srcset=\"https:\/\/blog.extremeoutdoor.com.tr\/wp-content\/uploads\/2023\/04\/EXT-Blog_OpinelSize_Content_003.jpg 750w, https:\/\/blog.extremeoutdoor.com.tr\/wp-content\/uploads\/2023\/04\/EXT-Blog_OpinelSize_Content_003-300x120.jpg 300w, https:\/\/blog.extremeoutdoor.com.tr\/wp-content\/uploads\/2023\/04\/EXT-Blog_OpinelSize_Content_003-370x148.jpg 370w, https:\/\/blog.extremeoutdoor.com.tr\/wp-content\/uploads\/2023\/04\/EXT-Blog_OpinelSize_Content_003-565x226.jpg 565w, https:\/\/blog.extremeoutdoor.com.tr\/wp-content\/uploads\/2023\/04\/EXT-Blog_OpinelSize_Content_003-600x240.jpg 600w\" sizes=\"auto, (max-width: 750px) 100vw, 750px\" \/><\/figure>\n\n<div class=\"kk-star-ratings kksr-auto kksr-align-right kksr-valign-bottom\"\n    data-payload='{&quot;align&quot;:&quot;right&quot;,&quot;id&quot;:&quot;3368&quot;,&quot;slug&quot;:&quot;default&quot;,&quot;valign&quot;:&quot;bottom&quot;,&quot;ignore&quot;:&quot;&quot;,&quot;reference&quot;:&quot;auto&quot;,&quot;class&quot;:&quot;&quot;,&quot;count&quot;:&quot;0&quot;,&quot;legendonly&quot;:&quot;&quot;,&quot;readonly&quot;:&quot;&quot;,&quot;score&quot;:&quot;0&quot;,&quot;starsonly&quot;:&quot;&quot;,&quot;best&quot;:&quot;5&quot;,&quot;gap&quot;:&quot;5&quot;,&quot;greet&quot;:&quot;Oylama Yap&quot;,&quot;legend&quot;:&quot;0\\\/5 - (0 votes)&quot;,&quot;size&quot;:&quot;24&quot;,&quot;title&quot;:&quot;Hangi boyutta Opinel se\u00e7meliyim?\u00a0Opinel boyutlar\u0131n\u0131 anlama&quot;,&quot;width&quot;:&quot;0&quot;,&quot;_legend&quot;:&quot;{score}\\\/{best} - ({count} {votes})&quot;,&quot;font_factor&quot;:&quot;1.25&quot;}'>\n            \n<div class=\"kksr-stars\">\n    \n<div class=\"kksr-stars-inactive\">\n            <div class=\"kksr-star\" data-star=\"1\" style=\"padding-right: 5px\">\n            \n\n<div class=\"kksr-icon\" style=\"width: 24px; height: 24px;\"><\/div>\n        <\/div>\n            <div class=\"kksr-star\" data-star=\"2\" style=\"padding-right: 5px\">\n            \n\n<div class=\"kksr-icon\" style=\"width: 24px; height: 24px;\"><\/div>\n        <\/div>\n            <div class=\"kksr-star\" data-star=\"3\" style=\"padding-right: 5px\">\n            \n\n<div class=\"kksr-icon\" style=\"width: 24px; height: 24px;\"><\/div>\n        <\/div>\n            <div class=\"kksr-star\" data-star=\"4\" style=\"padding-right: 5px\">\n            \n\n<div class=\"kksr-icon\" style=\"width: 24px; height: 24px;\"><\/div>\n        <\/div>\n            <div class=\"kksr-star\" data-star=\"5\" style=\"padding-right: 5px\">\n            \n\n<div class=\"kksr-icon\" style=\"width: 24px; height: 24px;\"><\/div>\n        <\/div>\n    <\/div>\n    \n<div class=\"kksr-stars-active\" style=\"width: 0px;\">\n            <div class=\"kksr-star\" style=\"padding-right: 5px\">\n            \n\n<div class=\"kksr-icon\" style=\"width: 24px; height: 24px;\"><\/div>\n        <\/div>\n            <div class=\"kksr-star\" style=\"padding-right: 5px\">\n            \n\n<div class=\"kksr-icon\" style=\"width: 24px; height: 24px;\"><\/div>\n        <\/div>\n            <div class=\"kksr-star\" style=\"padding-right: 5px\">\n            \n\n<div class=\"kksr-icon\" style=\"width: 24px; height: 24px;\"><\/div>\n        <\/div>\n            <div class=\"kksr-star\" style=\"padding-right: 5px\">\n            \n\n<div class=\"kksr-icon\" style=\"width: 24px; height: 24px;\"><\/div>\n        <\/div>\n            <div class=\"kksr-star\" style=\"padding-right: 5px\">\n            \n\n<div class=\"kksr-icon\" style=\"width: 24px; height: 24px;\"><\/div>\n        <\/div>\n    <\/div>\n<\/div>\n                \n\n<div class=\"kksr-legend\" style=\"font-size: 19.2px;\">\n            <span class=\"kksr-muted\">Oylama Yap<\/span>\n    <\/div>\n    <\/div>\n","protected":false},"excerpt":{"rendered":"<p>Her \u0130\u015fe Bir Beden: Opinel \u00c7ak\u0131n\u0131z\u0131 Se\u00e7mek Opinel \u00e7ak\u0131, Fransa&#8217;da ve t\u00fcm d\u00fcnyada sevilen, an\u0131nda tan\u0131nan bir nesnedir.&nbsp;En \u00fcnl\u00fcs\u00fc, \u015f\u00fcphesiz&hellip;<\/p>\n","protected":false},"author":990005,"featured_media":3374,"comment_status":"open","ping_status":"open","sticky":false,"template":"","format":"standard","meta":{"footnotes":""},"categories":[15],"tags":[388,470,731,476,468],"class_list":["post-3368","post","type-post","status-publish","format-standard","has-post-thumbnail","hentry","category-kampcilik","tag-opinel","tag-opinel-biley-tasi","tag-opinel-boyutlarina-gore-kullanim-alanlari","tag-opinel-caki","tag-opinel-masat"],"_links":{"self":[{"href":"https:\/\/blog.extremeoutdoor.com.tr\/index.php\/wp-json\/wp\/v2\/posts\/3368","targetHints":{"allow":["GET"]}}],"collection":[{"href":"https:\/\/blog.extremeoutdoor.com.tr\/index.php\/wp-json\/wp\/v2\/posts"}],"about":[{"href":"https:\/\/blog.extremeoutdoor.com.tr\/index.php\/wp-json\/wp\/v2\/types\/post"}],"author":[{"embeddable":true,"href":"https:\/\/blog.extremeoutdoor.com.tr\/index.php\/wp-json\/wp\/v2\/users\/990005"}],"replies":[{"embeddable":true,"href":"https:\/\/blog.extremeoutdoor.com.tr\/index.php\/wp-json\/wp\/v2\/comments?post=3368"}],"version-history":[{"count":1,"href":"https:\/\/blog.extremeoutdoor.com.tr\/index.php\/wp-json\/wp\/v2\/posts\/3368\/revisions"}],"predecessor-version":[{"id":3375,"href":"https:\/\/blog.extremeoutdoor.com.tr\/index.php\/wp-json\/wp\/v2\/posts\/3368\/revisions\/3375"}],"wp:featuredmedia":[{"embeddable":true,"href":"https:\/\/blog.extremeoutdoor.com.tr\/index.php\/wp-json\/wp\/v2\/media\/3374"}],"wp:attachment":[{"href":"https:\/\/blog.extremeoutdoor.com.tr\/index.php\/wp-json\/wp\/v2\/media?parent=3368"}],"wp:term":[{"taxonomy":"category","embeddable":true,"href":"https:\/\/blog.extremeoutdoor.com.tr\/index.php\/wp-json\/wp\/v2\/categories?post=3368"},{"taxonomy":"post_tag","embeddable":true,"href":"https:\/\/blog.extremeoutdoor.com.tr\/index.php\/wp-json\/wp\/v2\/tags?post=3368"}],"curies":[{"name":"wp","href":"https:\/\/api.w.org\/{rel}","templated":true}]}}