{"id":3806,"date":"2023-04-29T09:00:00","date_gmt":"2023-04-29T06:00:00","guid":{"rendered":"https:\/\/www.blog.extremeoutdoor.com.tr\/?p=3806"},"modified":"2023-04-29T09:00:00","modified_gmt":"2023-04-29T06:00:00","slug":"kafa-lambasi-secerken-nelere-dikkat-edilmeli","status":"publish","type":"post","link":"https:\/\/blog.extremeoutdoor.com.tr\/index.php\/2023\/04\/29\/kafa-lambasi-secerken-nelere-dikkat-edilmeli\/","title":{"rendered":"Kafa Lambas\u0131 Se\u00e7erken Nelere Dikkat Edilmeli?"},"content":{"rendered":"<p><strong>Kafa lambas\u0131<\/strong>, a\u00e7\u0131k ve kapal\u0131 alanlarda ayd\u0131nlatman\u0131n mobilizesini sa\u011flayan \u00f6nemli ekipmanlardand\u0131r. T\u00fcm alan\u0131n ayd\u0131nlat\u0131lamad\u0131\u011f\u0131 t\u00fcm durumlarda, <strong>kamp<\/strong> ya da <strong>gece y\u00fcr\u00fcy\u00fc\u015fleri<\/strong> gibi <strong>sportif faaliyetler<\/strong>de g\u00fcvenle kullan\u0131labilir. Hemen her ya\u015f grubu taraf\u0131ndan kullan\u0131labilen bu g\u00fcvenli <strong>ayd\u0131nlatma<\/strong> arac\u0131, hafifli\u011fi, rahatl\u0131\u011f\u0131 ve kullan\u0131m kolayl\u0131\u011f\u0131 nedeniyle \u00f6zellikle kamp aktivitelerinde s\u0131kl\u0131kla tercih edilir. Peki <strong><a href=\"https:\/\/www.extremeoutdoor.com.tr\/kafa-lambalari-109\" data-type=\"URL\" data-id=\"https:\/\/www.extremeoutdoor.com.tr\/kafa-lambalari-109\"><mark style=\"background-color:rgba(0, 0, 0, 0)\" class=\"has-inline-color has-vivid-cyan-blue-color\">kafa lambas\u0131<\/mark><\/a> se\u00e7erken nelere dikkat edilmesi gerekir<\/strong>?<\/p><p><strong>Kafa Lambas\u0131 Nedir ve Kampta Neden Gereklidir?<\/strong><\/p><figure class=\"wp-block-image size-full is-resized\"><img decoding=\"async\" src=\"https:\/\/www.blog.extremeoutdoor.com.tr\/wp-content\/uploads\/2023\/04\/Resim3-47.jpg\" alt=\"\" class=\"wp-image-3807\" width=\"640\" srcset=\"https:\/\/blog.extremeoutdoor.com.tr\/wp-content\/uploads\/2023\/04\/Resim3-47.jpg 290w, https:\/\/blog.extremeoutdoor.com.tr\/wp-content\/uploads\/2023\/04\/Resim3-47-150x150.jpg 150w, https:\/\/blog.extremeoutdoor.com.tr\/wp-content\/uploads\/2023\/04\/Resim3-47-110x110.jpg 110w, https:\/\/blog.extremeoutdoor.com.tr\/wp-content\/uploads\/2023\/04\/Resim3-47-100x100.jpg 100w\" sizes=\"(max-width: 290px) 100vw, 290px\" \/><\/figure><p>\u00dcr\u00fcn: <a href=\"https:\/\/www.extremeoutdoor.com.tr\/ledlenser-h14r.2-kafa-lambasi-19473\">https:\/\/www.extremeoutdoor.com.tr\/ledlenser-h14r.2-kafa-lambasi-19473<\/a><\/p><p>Kafa lambas\u0131, bir lastik ve kilit mekanizmas\u0131 ile al\u0131n \u00e7evresine sabitlenen, pil ya da \u015farj edilebilir dahili batarya ile beslenen, \u00fczerinde yer alan \u0131\u015f\u0131\u011f\u0131n t\u00fcr\u00fcne g\u00f6re belirli bir alan aral\u0131\u011f\u0131n\u0131 ayd\u0131nlatmaya yarayan ayd\u0131nlatma \u00fcr\u00fcn\u00fcd\u00fcr. Kafa \u00e7evresini tam olarak sarabilmesi i\u00e7in genel olarak boy ayar\u0131na m\u00fcsaade eden kemer b\u00f6l\u00fcm\u00fcne sahiptir. Bir ya da birden fazla renk \u0131\u015f\u0131k veren farkl\u0131 modeller bulunmaktad\u0131r.<\/p><p>\u00f6zellikle <strong>kamp<\/strong> aktivitelerinde, eller serbest olarak kullan\u0131m imkan\u0131 sunan kafa lambas\u0131 sayesinde, daha pratik bir \u015fekilde ortam\u0131 ayd\u0131nlatabilirsiniz Hafif malzemelerden \u00fcretilmi\u015f olmas\u0131 nedeni ile t\u00fcm gece boyunca, kullanmad\u0131\u011f\u0131n\u0131z zamanlarda dahi yan\u0131n\u0131zda tutarak kendinizi daha g\u00fcvenli hissedebilirsiniz. Kamp aktivitelerinde, \u00f6zellikle arazinin g\u00fcvenli olmad\u0131\u011f\u0131 alanlarda, kafa lambas\u0131 sayesinde y\u00fcr\u00fcy\u00fc\u015f yolunuzda sizi bekleyen tehlikeleri rahatl\u0131kla g\u00f6rebilirsiniz.<\/p><p><strong>Kafa Lambas\u0131 Se\u00e7erken Nelere Dikkat Edilmeli?<\/strong><\/p><figure class=\"wp-block-image size-full is-resized\"><img decoding=\"async\" src=\"https:\/\/www.blog.extremeoutdoor.com.tr\/wp-content\/uploads\/2023\/04\/Resim4-37.jpg\" alt=\"\" class=\"wp-image-3808\" width=\"640\" srcset=\"https:\/\/blog.extremeoutdoor.com.tr\/wp-content\/uploads\/2023\/04\/Resim4-37.jpg 736w, https:\/\/blog.extremeoutdoor.com.tr\/wp-content\/uploads\/2023\/04\/Resim4-37-300x300.jpg 300w, https:\/\/blog.extremeoutdoor.com.tr\/wp-content\/uploads\/2023\/04\/Resim4-37-150x150.jpg 150w, https:\/\/blog.extremeoutdoor.com.tr\/wp-content\/uploads\/2023\/04\/Resim4-37-370x370.jpg 370w, https:\/\/blog.extremeoutdoor.com.tr\/wp-content\/uploads\/2023\/04\/Resim4-37-110x110.jpg 110w, https:\/\/blog.extremeoutdoor.com.tr\/wp-content\/uploads\/2023\/04\/Resim4-37-565x565.jpg 565w, https:\/\/blog.extremeoutdoor.com.tr\/wp-content\/uploads\/2023\/04\/Resim4-37-600x600.jpg 600w, https:\/\/blog.extremeoutdoor.com.tr\/wp-content\/uploads\/2023\/04\/Resim4-37-100x100.jpg 100w\" sizes=\"(max-width: 736px) 100vw, 736px\" \/><\/figure><p>\u00dcr\u00fcn: <a href=\"https:\/\/www.extremeoutdoor.com.tr\/ledlenser-xeo-19r-steel-kafa-lambasi-19158\">https:\/\/www.extremeoutdoor.com.tr\/ledlenser-xeo-19r-steel-kafa-lambasi-19158<\/a><\/p><p>Kafa lambas\u0131 se\u00e7erken dikkat edilecekler aras\u0131nda hem teknik hem de ergonomik baz\u0131 \u00f6nemli noktalar bulunur. Kamp i\u00e7in kafa lambas\u0131 se\u00e7imi yaparken b\u00fct\u00e7enize uygun \u00fcr\u00fcnleri baz\u0131 \u00f6zellikleri ile birbirleri ile k\u0131yaslayabilir, sizin i\u00e7in en uygun olacak modele rahatl\u0131kla ula\u015fabilirsiniz. Kafa lambas\u0131 se\u00e7erken dikkat edilecekler listesinin ilk s\u0131ras\u0131nda ayd\u0131nlatma kapasitesi yer al\u0131r.<\/p><p><strong>Kafa lambalar\u0131n\u0131n ayd\u0131nlatma \u00f6zelliklerini kar\u015f\u0131la\u015ft\u0131rabilmek i\u00e7in;<\/strong><\/p><ul class=\"wp-block-list\"><li>Led yap\u0131da olup olmad\u0131klar\u0131na<\/li>\n\n<li>L\u00fcmen de\u011ferlerine<\/li>\n\n<li>Ayd\u0131nlatma alan geni\u015fli\u011fi \u00f6zelliklerine mutlaka dikkat etmelisiniz.<\/li>\n\n<li>T\u00fcm bu \u00f6zelliklerinin yan\u0131 s\u0131ra, modelin tasar\u0131m ve i\u015flev \u00f6zellikleri de kafa lambas\u0131 se\u00e7erken dikkat edilecekler aras\u0131nda say\u0131labilir. Bu nedenle se\u00e7im yaparken;<\/li>\n\n<li>A\u011f\u0131rl\u0131\u011f\u0131 nispeten daha d\u00fc\u015f\u00fck modelleri daha uzun s\u00fcrelerde konforlu bir \u015fekilde kullanabilece\u011finizi unutmay\u0131n.<\/li>\n\n<li>\u00dcr\u00fcn\u00fcn pilli ya da \u015farjl\u0131 olup olmad\u0131\u011f\u0131n\u0131 mutlaka kontrol edin.<\/li>\n\n<li>Tek bir kullan\u0131m modu i\u00e7eren modellerden ya da farkl\u0131 ayd\u0131nlatma \u0131\u015f\u0131k seviyeleri sunan ve farkl\u0131 renk modlar\u0131 i\u00e7eren kafa lambas\u0131 modelleri aras\u0131ndan b\u00fct\u00e7enize uygun ve ihtiyac\u0131n\u0131z\u0131 kar\u015f\u0131layacak \u00fcr\u00fcne ula\u015fabilece\u011finizi unutmay\u0131n<\/li><\/ul><p><strong>Sitemizdeki t\u00fcm kafa lambas\u0131 modellerini g\u00f6rmek i\u00e7in buraya t\u0131klay\u0131n<\/strong> <strong><a href=\"https:\/\/www.extremeoutdoor.com.tr\/kafa-lambalari-109\" data-type=\"URL\" data-id=\"https:\/\/www.extremeoutdoor.com.tr\/kafa-lambalari-109\"><mark style=\"background-color:rgba(0, 0, 0, 0)\" class=\"has-inline-color has-vivid-cyan-blue-color\">Kafa Lambalar\u0131<\/mark><\/a><\/strong><\/p>\n\n<div class=\"kk-star-ratings kksr-auto kksr-align-right kksr-valign-bottom\"\n    data-payload='{&quot;align&quot;:&quot;right&quot;,&quot;id&quot;:&quot;3806&quot;,&quot;slug&quot;:&quot;default&quot;,&quot;valign&quot;:&quot;bottom&quot;,&quot;ignore&quot;:&quot;&quot;,&quot;reference&quot;:&quot;auto&quot;,&quot;class&quot;:&quot;&quot;,&quot;count&quot;:&quot;0&quot;,&quot;legendonly&quot;:&quot;&quot;,&quot;readonly&quot;:&quot;&quot;,&quot;score&quot;:&quot;0&quot;,&quot;starsonly&quot;:&quot;&quot;,&quot;best&quot;:&quot;5&quot;,&quot;gap&quot;:&quot;5&quot;,&quot;greet&quot;:&quot;Oylama Yap&quot;,&quot;legend&quot;:&quot;0\\\/5 - (0 votes)&quot;,&quot;size&quot;:&quot;24&quot;,&quot;title&quot;:&quot;Kafa Lambas\u0131 Se\u00e7erken Nelere Dikkat Edilmeli?&quot;,&quot;width&quot;:&quot;0&quot;,&quot;_legend&quot;:&quot;{score}\\\/{best} - ({count} {votes})&quot;,&quot;font_factor&quot;:&quot;1.25&quot;}'>\n            \n<div class=\"kksr-stars\">\n    \n<div class=\"kksr-stars-inactive\">\n            <div class=\"kksr-star\" data-star=\"1\" style=\"padding-right: 5px\">\n            \n\n<div class=\"kksr-icon\" style=\"width: 24px; height: 24px;\"><\/div>\n        <\/div>\n            <div class=\"kksr-star\" data-star=\"2\" style=\"padding-right: 5px\">\n            \n\n<div class=\"kksr-icon\" style=\"width: 24px; height: 24px;\"><\/div>\n        <\/div>\n            <div class=\"kksr-star\" data-star=\"3\" style=\"padding-right: 5px\">\n            \n\n<div class=\"kksr-icon\" style=\"width: 24px; height: 24px;\"><\/div>\n        <\/div>\n            <div class=\"kksr-star\" data-star=\"4\" style=\"padding-right: 5px\">\n            \n\n<div class=\"kksr-icon\" style=\"width: 24px; height: 24px;\"><\/div>\n        <\/div>\n            <div class=\"kksr-star\" data-star=\"5\" style=\"padding-right: 5px\">\n            \n\n<div class=\"kksr-icon\" style=\"width: 24px; height: 24px;\"><\/div>\n        <\/div>\n    <\/div>\n    \n<div class=\"kksr-stars-active\" style=\"width: 0px;\">\n            <div class=\"kksr-star\" style=\"padding-right: 5px\">\n            \n\n<div class=\"kksr-icon\" style=\"width: 24px; height: 24px;\"><\/div>\n        <\/div>\n            <div class=\"kksr-star\" style=\"padding-right: 5px\">\n            \n\n<div class=\"kksr-icon\" style=\"width: 24px; height: 24px;\"><\/div>\n        <\/div>\n            <div class=\"kksr-star\" style=\"padding-right: 5px\">\n            \n\n<div class=\"kksr-icon\" style=\"width: 24px; height: 24px;\"><\/div>\n        <\/div>\n            <div class=\"kksr-star\" style=\"padding-right: 5px\">\n            \n\n<div class=\"kksr-icon\" style=\"width: 24px; height: 24px;\"><\/div>\n        <\/div>\n            <div class=\"kksr-star\" style=\"padding-right: 5px\">\n            \n\n<div class=\"kksr-icon\" style=\"width: 24px; height: 24px;\"><\/div>\n        <\/div>\n    <\/div>\n<\/div>\n                \n\n<div class=\"kksr-legend\" style=\"font-size: 19.2px;\">\n            <span class=\"kksr-muted\">Oylama Yap<\/span>\n    <\/div>\n    <\/div>\n","protected":false},"excerpt":{"rendered":"<p>Kafa lambas\u0131, a\u00e7\u0131k ve kapal\u0131 alanlarda ayd\u0131nlatman\u0131n mobilizesini sa\u011flayan \u00f6nemli ekipmanlardand\u0131r. T\u00fcm alan\u0131n ayd\u0131nlat\u0131lamad\u0131\u011f\u0131 t\u00fcm durumlarda, kamp ya da gece&hellip;<\/p>\n","protected":false},"author":990005,"featured_media":3809,"comment_status":"open","ping_status":"open","sticky":false,"template":"","format":"standard","meta":{"footnotes":""},"categories":[15],"tags":[],"class_list":["post-3806","post","type-post","status-publish","format-standard","has-post-thumbnail","hentry","category-kampcilik"],"_links":{"self":[{"href":"https:\/\/blog.extremeoutdoor.com.tr\/index.php\/wp-json\/wp\/v2\/posts\/3806","targetHints":{"allow":["GET"]}}],"collection":[{"href":"https:\/\/blog.extremeoutdoor.com.tr\/index.php\/wp-json\/wp\/v2\/posts"}],"about":[{"href":"https:\/\/blog.extremeoutdoor.com.tr\/index.php\/wp-json\/wp\/v2\/types\/post"}],"author":[{"embeddable":true,"href":"https:\/\/blog.extremeoutdoor.com.tr\/index.php\/wp-json\/wp\/v2\/users\/990005"}],"replies":[{"embeddable":true,"href":"https:\/\/blog.extremeoutdoor.com.tr\/index.php\/wp-json\/wp\/v2\/comments?post=3806"}],"version-history":[{"count":1,"href":"https:\/\/blog.extremeoutdoor.com.tr\/index.php\/wp-json\/wp\/v2\/posts\/3806\/revisions"}],"predecessor-version":[{"id":3810,"href":"https:\/\/blog.extremeoutdoor.com.tr\/index.php\/wp-json\/wp\/v2\/posts\/3806\/revisions\/3810"}],"wp:featuredmedia":[{"embeddable":true,"href":"https:\/\/blog.extremeoutdoor.com.tr\/index.php\/wp-json\/wp\/v2\/media\/3809"}],"wp:attachment":[{"href":"https:\/\/blog.extremeoutdoor.com.tr\/index.php\/wp-json\/wp\/v2\/media?parent=3806"}],"wp:term":[{"taxonomy":"category","embeddable":true,"href":"https:\/\/blog.extremeoutdoor.com.tr\/index.php\/wp-json\/wp\/v2\/categories?post=3806"},{"taxonomy":"post_tag","embeddable":true,"href":"https:\/\/blog.extremeoutdoor.com.tr\/index.php\/wp-json\/wp\/v2\/tags?post=3806"}],"curies":[{"name":"wp","href":"https:\/\/api.w.org\/{rel}","templated":true}]}}