{"id":4127,"date":"2023-05-02T10:26:02","date_gmt":"2023-05-02T07:26:02","guid":{"rendered":"https:\/\/www.blog.extremeoutdoor.com.tr\/?p=4127"},"modified":"2023-05-02T10:26:03","modified_gmt":"2023-05-02T07:26:03","slug":"black-friday-efsane-cuma-indirim-gunleri","status":"publish","type":"post","link":"https:\/\/blog.extremeoutdoor.com.tr\/index.php\/2023\/05\/02\/black-friday-efsane-cuma-indirim-gunleri\/","title":{"rendered":"Black Friday Efsane Cuma \u0130ndirim G\u00fcnleri"},"content":{"rendered":"<h2 class=\"wp-block-heading\">Black Friday Efsane Cuma \u0130ndirim Ay\u0131<\/h2><h3 class=\"wp-block-heading\">Black Friday Efsane Cuma \u0130ndirim G\u00fcnleri Ne Zaman?<\/h3><p>Efsane Cuma\u00a0indirim g\u00fcnleri i\u00e7in net bir tarih vermek istersek, \u015e\u00fckran g\u00fcn\u00fcn\u00fc takip eden ilk cuma indirimler ba\u015flamal\u0131 ve o gece bitmelidir. Ancak g\u00fcn\u00fcm\u00fczde d\u00fcnya genelinde indirimler d\u00fczenleniyor.<\/p><p>Efsane cuma indirim g\u00fcnleri hafta sonu hareketlili\u011finin ekonomik d\u00f6ng\u00fc i\u00e7inde s\u00fcrmesi iste\u011fiyle\u00a0Black Friday\u00a0tek bir g\u00fcn ya da hafta sonu ile s\u0131n\u0131rl\u0131 kalm\u0131yor.<\/p><p>Son y\u0131llarda Kas\u0131m ay\u0131 boyunca\u00a0Black Friday \u0130ndirimleri\u00a0hemen hemen t\u00fcm sekt\u00f6rlerde aktif olarak uygulan\u0131yor. Black Friday indirimleri Kas\u0131m ay\u0131 s\u00fcresince devam ediyor cevab\u0131n\u0131 vermek yanl\u0131\u015f olmayacakt\u0131r.<\/p><p>Black Friday \u015e\u00fckran g\u00fcn\u00fcn\u00fc takip eden ilk Cuma g\u00fcn\u00fcne sad\u0131k kal\u0131rsak 2022 y\u0131l\u0131 i\u00e7in 25 Kas\u0131m tarihini s\u00f6yleyebiliriz.<\/p><p>Efsane Cuma\u00a0indirimleri ne zaman ba\u015flar sorusuna &#8220;25 Kas\u0131m ancak t\u00fcm ay boyunca indirimler devam eder\u201d \u015feklinde cevap verirsek yanl\u0131\u015f s\u00f6ylemi\u015f olmay\u0131z.<\/p><h3 class=\"wp-block-heading\">Black Friday Efsane Cuma Ne Zaman Bitiyor?<\/h3><p>Efsane Cuma\u00a0indirim g\u00fcnleri ne zaman bitiyor sorusunun cevab\u0131 i\u00e7in Kas\u0131m ay\u0131 sonunu g\u00f6sterebiliriz. Efsane Cuma \u0130ndirimleri genel olarak Kas\u0131m ay\u0131 s\u00fcresince devam etmektedir.<\/p><p>Belirli markalar, &#8220;Kas\u0131m indirimleri devam etmektedir\u201d gibi kampanyalarla y\u0131l sonuna kadar indirimleri s\u00fcrd\u00fcrebiliyor.<\/p><p>Kas\u0131m ay\u0131nda ba\u015flayan Efsane Cuma indirim g\u00fcnleri biti\u015f tarihi i\u00e7in Kas\u0131m ay\u0131n\u0131n son g\u00fcn\u00fcn\u00fc s\u00f6ylemek en do\u011fru cevap olacakt\u0131r.<\/p><h3 class=\"wp-block-heading\">Black Friday Efsane Cuma \u0130ndirim G\u00fcnlerine Erken Ba\u015flay\u0131n<\/h3><p>Son zamanlarda\u00a0Efsane Cuma\u00a0indirim g\u00fcnlerine al\u0131\u015fveri\u015fi s\u0131k\u0131\u015ft\u0131r\u0131p ma\u011fduriyet yaratmamak i\u00e7in bir\u00e7ok sat\u0131c\u0131 Black Friday indirimlerini \u00e7ok daha erken ba\u015flat\u0131yor.<\/p><p>Genel olarak kas\u0131m ay\u0131n\u0131n ilk g\u00fcnlerinden itibaren ba\u015flayan indirimleri baz\u0131 online hizmet veren sat\u0131c\u0131lar t\u00fcm Kas\u0131m ay\u0131n\u0131 indirim ay\u0131 olarak kabul etmektedir.<\/p><p>Black Friday\u00a0\u0130ndirim g\u00fcnleri erken ba\u015flay\u0131nca\u00a0outdoor\u00a0al\u0131\u015fveri\u015fleride erken ba\u015fl\u0131yor. \u0130yi f\u0131rsatlar yakalamak i\u00e7in Black Friday indirim g\u00fcn\u00fcn\u00fc beklemekteyseniz, s\u00fcrprizlerle kar\u015f\u0131la\u015fma ihtimaliniz y\u00fcksek oluyor.<\/p><p>Efsane Cuma g\u00fcn\u00fcne kadar yap\u0131lan online sat\u0131\u015flar sonucu pop\u00fcler marka \u00fcr\u00fcn gruplar\u0131nda stok sorunu ya\u015fanabiliyor.<\/p><h3 class=\"wp-block-heading\">Black Friday Efsane Cuma \u0130ndirim G\u00fcnlerinde Dikkatli Olun<\/h3><p>Black Friday Efsane Cuma\u00a0g\u00fcnlerinde pek \u00e7ok marka inan\u0131lmaz indirim f\u0131rsatlar\u0131 sunmaktad\u0131r. Sat\u0131n alaca\u011f\u0131n\u0131z\u00a0outdoor\u00a0\u00fcr\u00fcn\u00fcn markas\u0131n\u0131 iyi bilmeniz gerekmektedir..<\/p><p>Bildi\u011finiz markalar\u0131 tercih etmek yerine, \u00e7ok daha fazla indirim yapan ancak bilmedi\u011finiz marka \u00fcr\u00fcn gruplar\u0131n\u0131 tercih etmek pi\u015fmanl\u0131k yaratabiliyor.<\/p><p>Detayl\u0131 \u00fcr\u00fcn incelemesi yapmad\u0131\u011f\u0131n\u0131z ya da daha \u00f6nce kullanmad\u0131\u011f\u0131n\u0131z marka \u00fcr\u00fcn gruplar\u0131 i\u00e7in temkinli yakla\u015fmak tek do\u011fru se\u00e7enek olarak kar\u015f\u0131m\u0131za \u00e7\u0131kmaktad\u0131r.<\/p><p>Y\u0131l\u0131n en hareketli indirim g\u00fcnlerinde risk almak yerine g\u00fcvenilir, bildi\u011finiz marka \u00fcr\u00fcn gruplar\u0131ndan al\u0131\u015fveri\u015f yapmak daha do\u011fru tercih olacakt\u0131r.<\/p><h3 class=\"wp-block-heading\">Black Friday Efsane Cuma \u0130ndirimlerinde Almak \u0130stedi\u011finiz \u00dcr\u00fcnleri \u00d6nceden Ara\u015ft\u0131r\u0131n<\/h3><p>Efsane Cuma \u0130ndirim\u00a0g\u00fcnlerinde sat\u0131n almak istedi\u011finiz \u00fcr\u00fcnlerin \u00f6zellikleri istedi\u011finiz \u00f6zellikte de\u011filse ya da i\u015finize pek yaramayacak bir \u00fcr\u00fcnse, ne kadar y\u00fcksek indirim yap\u0131l\u0131rsa yap\u0131ls\u0131n kullan\u0131m alan\u0131n\u0131za uygun olmayaca\u011f\u0131 i\u00e7in asl\u0131nda pek bir anlam\u0131 olmamaktad\u0131r.<\/p><p>Efsane Cuma \u0130ndirim d\u00f6nemlerinde al\u0131\u015fveri\u015f yapan\u00a0outdoor\u00a0merakl\u0131lar\u0131n\u0131n bir\u00e7o\u011fu, ihtiyac\u0131 olmayan ya da \u00e7abuk deforme olacak ve kullanamayaca\u011f\u0131 \u00fcr\u00fcnler i\u00e7in birbirleriyle sava\u015ft\u0131\u011f\u0131 g\u00f6r\u00fclmektedir.<\/p><p>Efsane Cuma indirim g\u00fcnlerinde sat\u0131n almak istedi\u011finiz marka \u00fcr\u00fcnlerde \u00f6ncelikle ihtiyac\u0131n\u0131z olup olmad\u0131\u011f\u0131na karar vermeniz do\u011fru olacakt\u0131r. Di\u011fer a\u015famada ise \u00fcr\u00fcn \u00f6zelliklerini detayl\u0131 incelemenizi ve piyasa ara\u015ft\u0131rmas\u0131 yaparak al\u0131\u015fveri\u015f yapman\u0131z\u0131 tavsiye ederiz.<\/p>\n\n<div class=\"kk-star-ratings kksr-auto kksr-align-right kksr-valign-bottom\"\n    data-payload='{&quot;align&quot;:&quot;right&quot;,&quot;id&quot;:&quot;4127&quot;,&quot;slug&quot;:&quot;default&quot;,&quot;valign&quot;:&quot;bottom&quot;,&quot;ignore&quot;:&quot;&quot;,&quot;reference&quot;:&quot;auto&quot;,&quot;class&quot;:&quot;&quot;,&quot;count&quot;:&quot;0&quot;,&quot;legendonly&quot;:&quot;&quot;,&quot;readonly&quot;:&quot;&quot;,&quot;score&quot;:&quot;0&quot;,&quot;starsonly&quot;:&quot;&quot;,&quot;best&quot;:&quot;5&quot;,&quot;gap&quot;:&quot;5&quot;,&quot;greet&quot;:&quot;Oylama Yap&quot;,&quot;legend&quot;:&quot;0\\\/5 - (0 votes)&quot;,&quot;size&quot;:&quot;24&quot;,&quot;title&quot;:&quot;Black Friday Efsane Cuma \u0130ndirim G\u00fcnleri&quot;,&quot;width&quot;:&quot;0&quot;,&quot;_legend&quot;:&quot;{score}\\\/{best} - ({count} {votes})&quot;,&quot;font_factor&quot;:&quot;1.25&quot;}'>\n            \n<div class=\"kksr-stars\">\n    \n<div class=\"kksr-stars-inactive\">\n            <div class=\"kksr-star\" data-star=\"1\" style=\"padding-right: 5px\">\n            \n\n<div class=\"kksr-icon\" style=\"width: 24px; height: 24px;\"><\/div>\n        <\/div>\n            <div class=\"kksr-star\" data-star=\"2\" style=\"padding-right: 5px\">\n            \n\n<div class=\"kksr-icon\" style=\"width: 24px; height: 24px;\"><\/div>\n        <\/div>\n            <div class=\"kksr-star\" data-star=\"3\" style=\"padding-right: 5px\">\n            \n\n<div class=\"kksr-icon\" style=\"width: 24px; height: 24px;\"><\/div>\n        <\/div>\n            <div class=\"kksr-star\" data-star=\"4\" style=\"padding-right: 5px\">\n            \n\n<div class=\"kksr-icon\" style=\"width: 24px; height: 24px;\"><\/div>\n        <\/div>\n            <div class=\"kksr-star\" data-star=\"5\" style=\"padding-right: 5px\">\n            \n\n<div class=\"kksr-icon\" style=\"width: 24px; height: 24px;\"><\/div>\n        <\/div>\n    <\/div>\n    \n<div class=\"kksr-stars-active\" style=\"width: 0px;\">\n            <div class=\"kksr-star\" style=\"padding-right: 5px\">\n            \n\n<div class=\"kksr-icon\" style=\"width: 24px; height: 24px;\"><\/div>\n        <\/div>\n            <div class=\"kksr-star\" style=\"padding-right: 5px\">\n            \n\n<div class=\"kksr-icon\" style=\"width: 24px; height: 24px;\"><\/div>\n        <\/div>\n            <div class=\"kksr-star\" style=\"padding-right: 5px\">\n            \n\n<div class=\"kksr-icon\" style=\"width: 24px; height: 24px;\"><\/div>\n        <\/div>\n            <div class=\"kksr-star\" style=\"padding-right: 5px\">\n            \n\n<div class=\"kksr-icon\" style=\"width: 24px; height: 24px;\"><\/div>\n        <\/div>\n            <div class=\"kksr-star\" style=\"padding-right: 5px\">\n            \n\n<div class=\"kksr-icon\" style=\"width: 24px; height: 24px;\"><\/div>\n        <\/div>\n    <\/div>\n<\/div>\n                \n\n<div class=\"kksr-legend\" style=\"font-size: 19.2px;\">\n            <span class=\"kksr-muted\">Oylama Yap<\/span>\n    <\/div>\n    <\/div>\n","protected":false},"excerpt":{"rendered":"<p>Black Friday Efsane Cuma \u0130ndirim Ay\u0131 Black Friday Efsane Cuma \u0130ndirim G\u00fcnleri Ne Zaman? Efsane Cuma\u00a0indirim g\u00fcnleri i\u00e7in net bir&hellip;<\/p>\n","protected":false},"author":990005,"featured_media":4128,"comment_status":"open","ping_status":"open","sticky":false,"template":"","format":"standard","meta":{"footnotes":""},"categories":[398],"tags":[],"class_list":["post-4127","post","type-post","status-publish","format-standard","has-post-thumbnail","hentry","category-haber"],"_links":{"self":[{"href":"https:\/\/blog.extremeoutdoor.com.tr\/index.php\/wp-json\/wp\/v2\/posts\/4127","targetHints":{"allow":["GET"]}}],"collection":[{"href":"https:\/\/blog.extremeoutdoor.com.tr\/index.php\/wp-json\/wp\/v2\/posts"}],"about":[{"href":"https:\/\/blog.extremeoutdoor.com.tr\/index.php\/wp-json\/wp\/v2\/types\/post"}],"author":[{"embeddable":true,"href":"https:\/\/blog.extremeoutdoor.com.tr\/index.php\/wp-json\/wp\/v2\/users\/990005"}],"replies":[{"embeddable":true,"href":"https:\/\/blog.extremeoutdoor.com.tr\/index.php\/wp-json\/wp\/v2\/comments?post=4127"}],"version-history":[{"count":1,"href":"https:\/\/blog.extremeoutdoor.com.tr\/index.php\/wp-json\/wp\/v2\/posts\/4127\/revisions"}],"predecessor-version":[{"id":4129,"href":"https:\/\/blog.extremeoutdoor.com.tr\/index.php\/wp-json\/wp\/v2\/posts\/4127\/revisions\/4129"}],"wp:featuredmedia":[{"embeddable":true,"href":"https:\/\/blog.extremeoutdoor.com.tr\/index.php\/wp-json\/wp\/v2\/media\/4128"}],"wp:attachment":[{"href":"https:\/\/blog.extremeoutdoor.com.tr\/index.php\/wp-json\/wp\/v2\/media?parent=4127"}],"wp:term":[{"taxonomy":"category","embeddable":true,"href":"https:\/\/blog.extremeoutdoor.com.tr\/index.php\/wp-json\/wp\/v2\/categories?post=4127"},{"taxonomy":"post_tag","embeddable":true,"href":"https:\/\/blog.extremeoutdoor.com.tr\/index.php\/wp-json\/wp\/v2\/tags?post=4127"}],"curies":[{"name":"wp","href":"https:\/\/api.w.org\/{rel}","templated":true}]}}