{"id":4161,"date":"2023-05-02T14:34:22","date_gmt":"2023-05-02T11:34:22","guid":{"rendered":"https:\/\/www.blog.extremeoutdoor.com.tr\/?p=4161"},"modified":"2023-05-02T14:37:59","modified_gmt":"2023-05-02T11:37:59","slug":"tarp-nedir-nasil-kullanilir","status":"publish","type":"post","link":"https:\/\/blog.extremeoutdoor.com.tr\/index.php\/2023\/05\/02\/tarp-nedir-nasil-kullanilir\/","title":{"rendered":"Tarp Nedir? Nas\u0131l Kullan\u0131l\u0131r?"},"content":{"rendered":"<h2 class=\"wp-block-heading\">Tarp Nedir?<\/h2><p>Tarpaulin, mu\u015famba, branda ve tente gibi \u00f6rt\u00fc\/y\u00fczey \u00f6zelli\u011fi g\u00f6steren malzemelerdir. Elbette, kamp\u00e7\u0131l\u0131kta tarp kuma\u015f\u0131n\u0131n gerdirmelere dayan\u0131kl\u0131, su ge\u00e7irmeyen ve gerdirme ve sabitleme noktalar\u0131na sahip olmas\u0131 tercih sebebidir. Yurt d\u0131\u015f\u0131nda pek \u00e7ok do\u011fa y\u00fcr\u00fcy\u00fc\u015f\u00e7\u00fcs\u00fcn\u00fcn tarp kullanmas\u0131na kar\u015f\u0131n \u00fclkemizde, y\u00fcr\u00fcy\u00fc\u015f\u00e7\u00fcler bir yana, outdoor malzemeleri satan d\u00fckkanlarda bile tarp\u0131 bilen birine rastlama ihtimaliniz olduk\u00e7a d\u00fc\u015f\u00fck. <\/p><h3 class=\"wp-block-heading\">Peki, neden yurt d\u0131\u015f\u0131nda tarp bu kadar yayg\u0131n?<\/h3><p>Yurt d\u0131\u015f\u0131nda, ortalama uzunluktaki rotalar\u0131n dahi binlerce kilometreyi a\u015fmas\u0131,&nbsp;<strong>thru-hike<\/strong>&nbsp;k\u00fclt\u00fcr\u00fcne sahip olmalar\u0131 nedeniyle ta\u015f\u0131d\u0131klar\u0131 a\u011f\u0131rl\u0131klar ayr\u0131 bir de\u011ferlendirme k\u0131stas\u0131 haline gelmekte, bir ka\u00e7 gram a\u011f\u0131rl\u0131k bile hesaplan\u0131p buna g\u00f6re \u00e7\u00f6z\u00fcmler \u00fcretilmekte, alternatifler geli\u015ftirilmekte. Hatta, \u00fcr\u00fcnlerin \u00fczerinde buna uygun bildirimler yer almakta, sadece bu amaca y\u00f6nelik \u00fcr\u00fcnler geli\u015ftiren markalar pazara girmekte. \u00d6zellikle 4 mevsim ve \u00fczeri \u00e7ad\u0131rlarda kar\u015f\u0131la\u015f\u0131lan a\u011f\u0131rl\u0131k problemine istinaden de tarp kullan\u0131m\u0131 bir \u00e7\u00f6z\u00fcm haline gelmekte. Yaz\u0131n\u0131n da ba\u015f\u0131nda belirtti\u011fim gibi, tarp\u0131n sa\u011flad\u0131\u011f\u0131 birden fazla kullan\u0131m alan\u0131 bir \u00e7ok \u00fcr\u00fcn ta\u015f\u0131mak yerine pratik bir \u015fekilde bar\u0131nma ihtiyac\u0131n\u0131 eldeki malzemelerde olduk\u00e7a g\u00fcvenli ve konforlu bir \u015fekilde \u00e7\u00f6zebilmekte.<\/p><h2 class=\"wp-block-heading\">Tarp \u00c7e\u015fitleri ve Ebatlar\u0131 Nelerdir?<\/h2><p><strong><a href=\"https:\/\/www.extremeoutdoor.com.tr\/tarp-cadir-golgeligi-tente-479\" data-type=\"URL\" data-id=\"https:\/\/www.extremeoutdoor.com.tr\/tarp-cadir-golgeligi-tente-479\"><mark style=\"background-color:rgba(0, 0, 0, 0)\" class=\"has-inline-color has-vivid-cyan-blue-color\">Tarp<\/mark><\/a><\/strong>lar amaca y\u00f6nelik olarak bir \u00e7ok farkl\u0131 ebatta sat\u0131lmakta. Ancak, \u00e7o\u011funlukla kar\u015f\u0131la\u015facaklar\u0131n\u0131z kare \u015feklinde olan 3\u00d73 metrelikler olacakt\u0131r. Bunun d\u0131\u015f\u0131nda 2\u00d73 metrelik tarplar da az\u0131msanmayacak yayg\u0131nl\u0131ktad\u0131rlar. 3\u00d73 metre ve \u00fczeri olanlar farkl\u0131 katlama \u015fekilleriyle fakrl\u0131 \u00e7ad\u0131r bi\u00e7imleri haline getirilebilmekteler. Daha k\u00fc\u00e7\u00fck ebatl\u0131 tarplarsa, tarp\u0131n bir taraf\u0131 a\u00e7\u0131k kalaca\u011f\u0131 i\u00e7in genelde r\u00fczgar, ya\u011fmur ve g\u00fcne\u015fe k\u0131smi olarak \u00e7\u00f6z\u00fcm \u00fcretmek \u00fczerine tercih edilmekteler.<\/p><p>Tarplar, genelde 2 farkl\u0131 \u00e7e\u015fit \u00fczerinden kullan\u0131m alan\u0131 sunmakta. Yukar\u0131da bahsi ge\u00e7en, standart olarak g\u00f6sterilebilecek tarplar\u0131n d\u0131\u015f\u0131nda bir de daha&nbsp;<strong>poncho tarplar<\/strong>&nbsp;bulunmakta. Poncho tarplar, di\u011ferlerine g\u00f6re olduk\u00e7a hafif \u00f6zellikte olmalar\u0131n\u0131n yan\u0131 s\u0131ra, adlar\u0131nda da belirtildi\u011fi \u00fczere ayr\u0131ca ya\u011fmurda koruyucu olarak kullan\u0131labilmekteler. Giyilebilir olmalar\u0131 ebatlar\u0131n\u0131n da daha k\u00fc\u00e7\u00fck olmas\u0131na neden olmakta elbette. Bu nedenle, \u00e7o\u011funlukla r\u00fczgar, ya\u011fmur ve g\u00fcne\u015ften korunmak i\u00e7in, bir taraf\u0131 a\u00e7\u0131k olacak \u015fekilde de\u011ferlendirilebilmekteler. Normal tarplar\u0131n gergi ve maruz kalacaklar\u0131 r\u00fczgara kar\u015f\u0131 g\u00f6sterecekleri dirence nazaran daha hafif do\u011fa \u015fartlar\u0131 i\u00e7in kullan\u0131labilecek poncho tarplar\u0131 ise bulmak elbette daha zor. Bu nedenle standart tarplardan elde edece\u011finiz tecr\u00fcbe ile birlikte poncho kullan\u0131m\u0131na ge\u00e7mek avantaj\u0131n\u0131za olacakt\u0131r.<\/p><figure class=\"wp-block-image size-full\"><img loading=\"lazy\" decoding=\"async\" width=\"720\" height=\"405\" src=\"https:\/\/www.blog.extremeoutdoor.com.tr\/wp-content\/uploads\/2023\/05\/EXT-maxresdefault-2.jpg\" alt=\"\" class=\"wp-image-4163\" srcset=\"https:\/\/blog.extremeoutdoor.com.tr\/wp-content\/uploads\/2023\/05\/EXT-maxresdefault-2.jpg 720w, https:\/\/blog.extremeoutdoor.com.tr\/wp-content\/uploads\/2023\/05\/EXT-maxresdefault-2-300x169.jpg 300w, https:\/\/blog.extremeoutdoor.com.tr\/wp-content\/uploads\/2023\/05\/EXT-maxresdefault-2-370x208.jpg 370w, https:\/\/blog.extremeoutdoor.com.tr\/wp-content\/uploads\/2023\/05\/EXT-maxresdefault-2-565x318.jpg 565w, https:\/\/blog.extremeoutdoor.com.tr\/wp-content\/uploads\/2023\/05\/EXT-maxresdefault-2-600x338.jpg 600w, https:\/\/blog.extremeoutdoor.com.tr\/wp-content\/uploads\/2023\/05\/EXT-maxresdefault-2-270x152.jpg 270w\" sizes=\"auto, (max-width: 720px) 100vw, 720px\" \/><\/figure><h2 class=\"wp-block-heading\">Tarp Aksesuarlar\u0131<\/h2><p>\u00d6ncelikle bilmenizde fayda var ki, bulundu\u011funuz ortama, mevsim \u015fartlar\u0131na g\u00f6re uygun ebatlardaki herhangi bir branday\u0131, tenteyi, kuma\u015f\u0131 vb. kenarlar\u0131ndan gerdirerek de\u011ferlendirebilirsiniz.<\/p><p>Tabi, gerdirdi\u011finizde ve r\u00fczgara maruz kald\u0131\u011f\u0131nda y\u0131rt\u0131lmamas\u0131 yarar\u0131n\u0131za olacakt\u0131r. Baz\u0131 tarplar sadece k\u00f6\u015felerinden gerdirme u\u00e7lar\u0131na, deliklere veya do\u011frudan iplere sahip olarak sat\u0131labilmekte. Buna ek olarak ayr\u0131ca gerdirme ipleri, gerdirme \u00e7ubuklar\u0131 da aksesuar olarak sunulabilmekte.&nbsp;Ancak, e\u011fer amaca y\u00f6nelik farkl\u0131 tarp kurulumlar\u0131n\u0131 kullanmak isterseniz u\u00e7lar d\u0131\u015f\u0131nda kalan b\u00f6lgelerde de gerdirme noktalar\u0131n\u0131n olmas\u0131 avantaj sunacakt\u0131r. Aksi durumlarda tente k\u0131ska\u00e7lar\u0131na (tarp clamps) ihtiya\u00e7 duyabilirsiniz. Elbette, kendiniz de uygun kuma\u015flar bularak ve bal\u0131k g\u00f6z\u00fc ekleterek kendi tarp\u0131n\u0131z\u0131 haz\u0131rlayabilirsiniz. <\/p><p><strong>Tarp Kullanman\u0131n Art\u0131lar\u0131 ve Eksileri<\/strong><\/p><p>Peki, tarp kullan\u0131m\u0131n\u0131n hi\u00e7 dezavantaj\u0131 yok mu? Bir \u00e7ok ekipmanda oldu\u011fu gibi elbette tarp\u0131n \u00f6zellikleri\/yap\u0131s\u0131 dolay\u0131s\u0131yla avantaj ve dezavantajlar s\u00f6z konusu olmakta<\/p><figure class=\"wp-block-image size-full\"><img loading=\"lazy\" decoding=\"async\" width=\"720\" height=\"720\" src=\"https:\/\/www.blog.extremeoutdoor.com.tr\/wp-content\/uploads\/2023\/05\/EXT-tt.jpg\" alt=\"\" class=\"wp-image-4164\" srcset=\"https:\/\/blog.extremeoutdoor.com.tr\/wp-content\/uploads\/2023\/05\/EXT-tt.jpg 720w, https:\/\/blog.extremeoutdoor.com.tr\/wp-content\/uploads\/2023\/05\/EXT-tt-300x300.jpg 300w, https:\/\/blog.extremeoutdoor.com.tr\/wp-content\/uploads\/2023\/05\/EXT-tt-150x150.jpg 150w, https:\/\/blog.extremeoutdoor.com.tr\/wp-content\/uploads\/2023\/05\/EXT-tt-370x370.jpg 370w, https:\/\/blog.extremeoutdoor.com.tr\/wp-content\/uploads\/2023\/05\/EXT-tt-110x110.jpg 110w, https:\/\/blog.extremeoutdoor.com.tr\/wp-content\/uploads\/2023\/05\/EXT-tt-565x565.jpg 565w, https:\/\/blog.extremeoutdoor.com.tr\/wp-content\/uploads\/2023\/05\/EXT-tt-600x600.jpg 600w, https:\/\/blog.extremeoutdoor.com.tr\/wp-content\/uploads\/2023\/05\/EXT-tt-100x100.jpg 100w\" sizes=\"auto, (max-width: 720px) 100vw, 720px\" \/><\/figure><h2 class=\"wp-block-heading\">ARTILAR<\/h2><h3 class=\"wp-block-heading\">Hafiflik<\/h3><p>Yaz\u0131da bir \u00e7ok defa bahsi ge\u00e7ti\u011fi \u00fczere, tarp yap\u0131s\u0131 gere\u011fi \u00e7ad\u0131rlara nazaran daha hafif bir \u00f6zelliktedir.&nbsp;<strong>Ultralight<\/strong>&nbsp;olarak ifade edilen \u00e7ad\u0131rlar\u0131n bile ortalama 1 kg oldu\u011funu d\u00fc\u015f\u00fcn\u00fcrsek ve ekstra aparatlar\u0131 da de\u011ferlendirecek olursak, tarp\u0131n sa\u011flad\u0131\u011f\u0131 a\u011f\u0131rl\u0131k avantaj\u0131 sizi olduk\u00e7a keyiflendirecektir.<\/p><h3 class=\"wp-block-heading\">Hacim<\/h3><p>\u00c7ad\u0131rlarda a\u011f\u0131rl\u0131k ne kadar azal\u0131yorsa fiyat da o derece artmakta. Ayr\u0131ca, \u00e7ad\u0131r kurulumunda gerekli olan aparatlar\u0131 da d\u00fc\u015f\u00fcn\u00fcrsek hafifli\u011fin yan\u0131 s\u0131ra bir de kaplad\u0131\u011f\u0131 alan de\u011ferlendirilmesi gereken bir di\u011fer konu haline gelebilmekte. Tarp herhangi bir zemin (siz istemedi\u011finiz s\u00fcrece), poller (baton i\u015f g\u00f6recektir) ve ekstra katman gereklili\u011fi olu\u015fturmad\u0131\u011f\u0131 i\u00e7in \u00e7antan\u0131zda daha az yer kaplayacakt\u0131r.<\/p><h3 class=\"wp-block-heading\">Ucuzluk<\/h3><p>1 kg\u2019l\u0131k normal \u00f6zelliklerdeki bir tarp, muadili bir \u00e7ad\u0131rdan kat ve kat daha ucuzdur. \u0130htiya\u00e7lar\u0131n\u0131z do\u011frultusunda edinebilece\u011finiz ekstra aksesuarlar\u0131 da dahil etseniz yine de bir \u00e7ad\u0131r kadar fiyat\u0131 y\u00fckselmeyecektir. Bu nedenle, genel kan\u0131n\u0131n aksine, ekonomik bir \u015fekilde olduk\u00e7a hafif bir ekipman derlemesi olu\u015fturman\u0131z \u00e7ok da zor de\u011fil.<\/p><h3 class=\"wp-block-heading\">Fonksiyon<\/h3><p>Farkl\u0131 ihtiya\u00e7lar i\u00e7in farkl\u0131 kullan\u0131m olanaklar\u0131 sunan tarp ile bulundu\u011funuz yere en uygun katlama bi\u00e7imlerini de\u011ferlendirebilirsiniz. B\u00f6ylelikle yerine g\u00f6re ya\u011fmurdan, r\u00fczgardan ya da g\u00fcne\u015ften rahatl\u0131kla korunabilir ve bu durumlar i\u00e7in \u00e7ad\u0131r kurmak zorunda kalmazs\u0131n\u0131z. Baz\u0131 durumlarda \u00e7ad\u0131r\u0131n kaplad\u0131\u011f\u0131 alan dezavantaj haline gelebilmekte. \u00d6zellikle yeterli d\u00fczl\u00fc\u011f\u00fcn bulunmad\u0131\u011f\u0131 ta\u015fl\u0131k\/kayal\u0131k b\u00f6lgeler bu duruma en uygun \u00f6rnek olacakt\u0131r. \u015eayet kaya t\u0131rman\u0131\u015f\u0131 ve benzeri faaliyetlerler ger\u00e7ekle\u015ftiriyorsan\u0131z dar alan i\u00e7erisinde m\u00fcmk\u00fcn olan en konforlu yerle\u015fim sizin i\u00e7in en \u00f6ncelikli konu haline gelebilmektedir. B\u00f6yle bir durumda tarp \u00e7ad\u0131rdan daha fonksiyonel bir \u015fekilde size ihtiyac\u0131n\u0131z olan alan\u0131 sa\u011flayacakt\u0131r.<\/p><p>Ayr\u0131ca, e\u011fer kapal\u0131 bir kurulum tercih etmezseniz, tarp kulland\u0131\u011f\u0131n\u0131z zaman \u00e7ad\u0131rdaki gibi su buhar\u0131 yo\u011funla\u015fmas\u0131 sorunu ile de kar\u015f\u0131la\u015fmazs\u0131n\u0131z. Genel alg\u0131n\u0131n aksine, tarp kulland\u0131\u011f\u0131n\u0131zda, yine kuruluma ba\u011fl\u0131 olarak, ya\u011f\u0131\u015fl\u0131 olmayan havalarda \u00e7ad\u0131r\u0131n aksine tarp \u00f6n\u00fcnde ate\u015f yakarak \u0131s\u0131nabilirsiniz. \u00d6zellikle so\u011fuk havalarda bu \u00e7ok b\u00fcy\u00fck bir kolayl\u0131kt\u0131r. Unutmaman\u0131z gereken konu, tarp kulland\u0131\u011f\u0131n\u0131zda r\u00fczgardan ve ya\u011fmurdan korunmak i\u00e7in ekstra baz\u0131 \u00f6nlemler alman\u0131z\u0131n da gerekli oldu\u011fudur.<\/p><h3 class=\"wp-block-heading\">Kullan\u0131m Alan\u0131<\/h3><p>Yine fonksiyonel \u00f6zellik olarak, tarp kuruldu\u011funda \u00e7ad\u0131ra nazaran daha geni\u015f bir alan sa\u011flayacakt\u0131r. Hatta, tek ki\u015filik bir \u00e7ad\u0131rla ayn\u0131 ebatlardaki bir tarpta rahatl\u0131kla 2 ki\u015fi bar\u0131nabilmektedir. Elbette bu durum mevsime g\u00f6re farkl\u0131l\u0131k g\u00f6sterebilir. Unutmay\u0131n, tarp ne kadar k\u00fc\u00e7\u00fcl\u00fcrse a\u00e7\u0131kta kalacak alan o kadar artacakt\u0131r. B\u00f6yle bir durumda tarp kuraca\u011f\u0131n\u0131z mekan\u0131 (kaya, a\u011fa\u00e7, duvar vb.) de\u011ferlendirerek daha konforlu bir alan yaratabilir, hatta mevsimin olu\u015fturdu\u011fu dezavantajlara da maruz kalmazs\u0131n\u0131z.<\/p><h3 class=\"wp-block-heading\">G\u00fcvenlik<\/h3><p>\u00c7ad\u0131r i\u00e7inde yemek yapmak son derece tehlikelidir. \u00d6zellikle ocak kullan\u0131mlar\u0131nda, oca\u011f\u0131n devrilmesi durumunda \u00e7ad\u0131r bir ka\u00e7 dakika i\u00e7erisinde tamamen alev alabilmektedir. Ancak, tarp (kuruluma ba\u011fl\u0131 olarak) herhangi bir zemine sahip olmad\u0131\u011f\u0131 i\u00e7in ocak devrilse de kolayl\u0131kla alev almayacakt\u0131r. Elbette, bu ihtimal sadece gerekli olan ko\u015fullarda\/zamanlarda tavsiye edilmektedir. G\u00fcvenlik konusunda yabani hayvanlar\u0131n yemek kokusunu takip edebilece\u011fi ihtimalini her zaman akl\u0131n\u0131zda bulundurman\u0131z gerekir.<\/p><h3 class=\"wp-block-heading\">H\u0131z<\/h3><p>Tarp kurmak, \u00e7ad\u0131ra k\u0131yasla ve kurmak istedi\u011finiz \u015fekle ba\u011fl\u0131 olarak olduk\u00e7a h\u0131zl\u0131 bir \u015fekilde ger\u00e7ekle\u015ftirilebilmektedir. \u00d6zellikle aniden bast\u0131ran ya\u011fmur ve g\u00fcn aras\u0131nda g\u00fcne\u015fin yo\u011fun oldu\u011fu saat aral\u0131\u011f\u0131nda k\u0131sa bir mola vermek istedi\u011finizde olduk\u00e7a faydal\u0131 olabilmektedir. Yine, ya\u011fmur sonras\u0131nda \u00e7ad\u0131r\u0131n\u0131z\u0131 kurulamak olduk\u00e7a vakit alabilmektedir. Ayr\u0131ca, \u00e7ad\u0131r\u0131n\u0131z\u0131 uzun bir s\u00fcre kullanmak i\u00e7in \u00e7amurlardan da ar\u0131nd\u0131rman\u0131z gerekir. Bu gibi durumlar tarp i\u00e7in ge\u00e7erli de\u011fildir. Bu nedenle, h\u0131zl\u0131ca toparlanmak m\u00fcmk\u00fcn olmaktad\u0131r.<\/p><figure class=\"wp-block-image size-full\"><img loading=\"lazy\" decoding=\"async\" width=\"720\" height=\"511\" src=\"https:\/\/www.blog.extremeoutdoor.com.tr\/wp-content\/uploads\/2023\/05\/EXT-xtarp-g-allegee-675-x-479.jpg\" alt=\"\" class=\"wp-image-4165\" srcset=\"https:\/\/blog.extremeoutdoor.com.tr\/wp-content\/uploads\/2023\/05\/EXT-xtarp-g-allegee-675-x-479.jpg 720w, https:\/\/blog.extremeoutdoor.com.tr\/wp-content\/uploads\/2023\/05\/EXT-xtarp-g-allegee-675-x-479-300x213.jpg 300w, https:\/\/blog.extremeoutdoor.com.tr\/wp-content\/uploads\/2023\/05\/EXT-xtarp-g-allegee-675-x-479-370x263.jpg 370w, https:\/\/blog.extremeoutdoor.com.tr\/wp-content\/uploads\/2023\/05\/EXT-xtarp-g-allegee-675-x-479-565x401.jpg 565w, https:\/\/blog.extremeoutdoor.com.tr\/wp-content\/uploads\/2023\/05\/EXT-xtarp-g-allegee-675-x-479-600x426.jpg 600w\" sizes=\"auto, (max-width: 720px) 100vw, 720px\" \/><\/figure><h2 class=\"wp-block-heading\">EKS\u0130LER<\/h2><h3 class=\"wp-block-heading\">B\u00f6cekler ve Di\u011fer K\u00fc\u00e7\u00fck Canl\u0131lar<\/h3><p>\u00d6zellikle yaz aylar\u0131nda sinekler b\u00fcy\u00fck bir problem haline gelebilmekte. Bu gibi durumlarda e\u011fer a\u00e7\u0131kta uyuyacaksan\u0131z tarpta konaklamak biraz can s\u0131k\u0131c\u0131 olabiliyor. B\u00f6yle bir durumda yan\u0131n\u0131zda ekstra \u00f6nlem olarak sinek kovucu bulundurman\u0131z\u0131 tavsiye ederim.<\/p><p>B\u00f6cek korkunuz varsa tarp\u0131n tamamen kapanm\u0131yor olmas\u0131 sizin i\u00e7in dezavantaj olabilir<\/p><p>Di\u011fer yandan, akrep, kemirgen, s\u00fcr\u00fcngen gibi canl\u0131larla kar\u015f\u0131la\u015fma ihtimaliniz \u00e7ad\u0131ra nazaran biraz daha y\u00fcksek. Normal \u015fartlarda bu canl\u0131lar insanlardan uzak durmaktalar, ancak yuvalar\u0131n\u0131n yak\u0131n\u0131na tarp kurmu\u015fsan\u0131z e\u011fer, tarp\u0131n bir zemine ve fermuarl\u0131 giri\u015f\/\u00e7\u0131k\u0131\u015fa sahip olmamas\u0131 bu t\u00fcr canl\u0131larla yak\u0131n olman\u0131z anlam\u0131na gelebilmektedir. Bu nedenle, tarp kurmadan \u00f6nce etraf\u0131 detayl\u0131ca kontrol etmenizi, a\u00e7\u0131kta koku yay\u0131c\u0131 besin, hijyen \u00fcr\u00fcn\u00fc ve benzeri \u00fcr\u00fcn bulundurmaman\u0131z\u0131 ve m\u00fcmk\u00fcnse bivak ve benzeri bir korunak i\u00e7erisinde uyuman\u0131z\u0131 tavsiye ederim.<\/p><h3 class=\"wp-block-heading\">Ya\u011fmur\/Kar<\/h3><p>Do\u011fru kurulmu\u015f bir tarp bir \u00e7ad\u0131r gibi sizi ya\u011fmurdan ve kardan koruyabilir. Ancak, bu durum i\u00e7in uygun tarp kurulum y\u00f6ntemlerini bilmeli, hava \u015fartlar\u0131na uygun ekstra gereklilikleri yerine getirmelisiniz. \u00d6zellikle bir taraf\u0131 a\u00e7\u0131k olarak kurulan tarplarda maruz kalabilece\u011finiz&nbsp;<strong>windchill etkisi<\/strong>&nbsp;(r\u00fczgara maruz kald\u0131\u011f\u0131n\u0131zda durgun havaya nazaran so\u011fu\u011fun etkisini daha fazla hissedersiniz) e\u011fer tedbir almam\u0131\u015fsan\u0131z (uygun uyku tulumu, kal\u0131n k\u0131yafetler vb.) can\u0131n\u0131z\u0131 olduk\u00e7a s\u0131kabilir. Ancak, uygun bir noktada (b\u00fcy\u00fck bir kaya veya duvar \u00f6n\u00fcne) tarp\u0131n\u0131z\u0131 kurarsan\u0131z yakaca\u011f\u0131n\u0131z ate\u015f size ekstra bir \u0131s\u0131nma imkan\u0131 sa\u011flayacakt\u0131r. Bu gibi durumlarda, \u00e7ad\u0131r kurarken dikkat etti\u011finiz nehir yata\u011f\u0131na yak\u0131n olmamak, e\u011fimli alanlardan uzak durmak, su ak\u0131\u015f yolu \u00fczerinde konaklamamak, su birikintilerini \u00f6nlemek ad\u0131na drenaj oluklar\u0131 olu\u015fturmak gibi konular\u0131 ihmal etmemelisiniz.<\/p><h3 class=\"wp-block-heading\">G\u00fcvenlik<\/h3><p>T\u00fcrkiye\u2019de vah\u015fi hayvan sald\u0131r\u0131lar\u0131 yok denecek kadar az ger\u00e7ekle\u015fmektedir. Elbette mevsime, konaklanan yere, konaklanan yere yak\u0131n bir noktada yemek pi\u015firilmesi, etrafa di\u011fer canl\u0131lar i\u00e7in \u00e7ekici olabilecek kokular\u0131n yay\u0131lmas\u0131 gibi konulara ba\u011fl\u0131 olarak istisnalar ya\u015fanabilir.<\/p><p>Web Sitemizden Tarp Modellerimizi \u0130ncelemek \u0130stermisiniz, <strong><a href=\"https:\/\/www.extremeoutdoor.com.tr\/tarp-cadir-golgeligi-tente-479\" data-type=\"URL\" data-id=\"https:\/\/www.extremeoutdoor.com.tr\/tarp-cadir-golgeligi-tente-479\"><mark style=\"background-color:rgba(0, 0, 0, 0)\" class=\"has-inline-color has-vivid-cyan-blue-color\">T\u0131klay\u0131n\u0131z&#8230;<\/mark><\/a><\/strong><\/p>\n\n<div class=\"kk-star-ratings kksr-auto kksr-align-right kksr-valign-bottom\"\n    data-payload='{&quot;align&quot;:&quot;right&quot;,&quot;id&quot;:&quot;4161&quot;,&quot;slug&quot;:&quot;default&quot;,&quot;valign&quot;:&quot;bottom&quot;,&quot;ignore&quot;:&quot;&quot;,&quot;reference&quot;:&quot;auto&quot;,&quot;class&quot;:&quot;&quot;,&quot;count&quot;:&quot;0&quot;,&quot;legendonly&quot;:&quot;&quot;,&quot;readonly&quot;:&quot;&quot;,&quot;score&quot;:&quot;0&quot;,&quot;starsonly&quot;:&quot;&quot;,&quot;best&quot;:&quot;5&quot;,&quot;gap&quot;:&quot;5&quot;,&quot;greet&quot;:&quot;Oylama Yap&quot;,&quot;legend&quot;:&quot;0\\\/5 - (0 votes)&quot;,&quot;size&quot;:&quot;24&quot;,&quot;title&quot;:&quot;Tarp Nedir? Nas\u0131l Kullan\u0131l\u0131r?&quot;,&quot;width&quot;:&quot;0&quot;,&quot;_legend&quot;:&quot;{score}\\\/{best} - ({count} {votes})&quot;,&quot;font_factor&quot;:&quot;1.25&quot;}'>\n            \n<div class=\"kksr-stars\">\n    \n<div class=\"kksr-stars-inactive\">\n            <div class=\"kksr-star\" data-star=\"1\" style=\"padding-right: 5px\">\n            \n\n<div class=\"kksr-icon\" style=\"width: 24px; height: 24px;\"><\/div>\n        <\/div>\n            <div class=\"kksr-star\" data-star=\"2\" style=\"padding-right: 5px\">\n            \n\n<div class=\"kksr-icon\" style=\"width: 24px; height: 24px;\"><\/div>\n        <\/div>\n            <div class=\"kksr-star\" data-star=\"3\" style=\"padding-right: 5px\">\n            \n\n<div class=\"kksr-icon\" style=\"width: 24px; height: 24px;\"><\/div>\n        <\/div>\n            <div class=\"kksr-star\" data-star=\"4\" style=\"padding-right: 5px\">\n            \n\n<div class=\"kksr-icon\" style=\"width: 24px; height: 24px;\"><\/div>\n        <\/div>\n            <div class=\"kksr-star\" data-star=\"5\" style=\"padding-right: 5px\">\n            \n\n<div class=\"kksr-icon\" style=\"width: 24px; height: 24px;\"><\/div>\n        <\/div>\n    <\/div>\n    \n<div class=\"kksr-stars-active\" style=\"width: 0px;\">\n            <div class=\"kksr-star\" style=\"padding-right: 5px\">\n            \n\n<div class=\"kksr-icon\" style=\"width: 24px; height: 24px;\"><\/div>\n        <\/div>\n            <div class=\"kksr-star\" style=\"padding-right: 5px\">\n            \n\n<div class=\"kksr-icon\" style=\"width: 24px; height: 24px;\"><\/div>\n        <\/div>\n            <div class=\"kksr-star\" style=\"padding-right: 5px\">\n            \n\n<div class=\"kksr-icon\" style=\"width: 24px; height: 24px;\"><\/div>\n        <\/div>\n            <div class=\"kksr-star\" style=\"padding-right: 5px\">\n            \n\n<div class=\"kksr-icon\" style=\"width: 24px; height: 24px;\"><\/div>\n        <\/div>\n            <div class=\"kksr-star\" style=\"padding-right: 5px\">\n            \n\n<div class=\"kksr-icon\" style=\"width: 24px; height: 24px;\"><\/div>\n        <\/div>\n    <\/div>\n<\/div>\n                \n\n<div class=\"kksr-legend\" style=\"font-size: 19.2px;\">\n            <span class=\"kksr-muted\">Oylama Yap<\/span>\n    <\/div>\n    <\/div>\n","protected":false},"excerpt":{"rendered":"<p>Tarp Nedir? Tarpaulin, mu\u015famba, branda ve tente gibi \u00f6rt\u00fc\/y\u00fczey \u00f6zelli\u011fi g\u00f6steren malzemelerdir. Elbette, kamp\u00e7\u0131l\u0131kta tarp kuma\u015f\u0131n\u0131n gerdirmelere dayan\u0131kl\u0131, su ge\u00e7irmeyen&hellip;<\/p>\n","protected":false},"author":990005,"featured_media":4162,"comment_status":"open","ping_status":"open","sticky":false,"template":"","format":"standard","meta":{"footnotes":""},"categories":[15],"tags":[953,952,948,951,950,949],"class_list":["post-4161","post","type-post","status-publish","format-standard","has-post-thumbnail","hentry","category-kampcilik","tag-campout-tarp","tag-high-peak-tarp","tag-tarp","tag-tarp-cesirleri","tag-tarp-nasil-kullanilir","tag-tarp-nedir"],"_links":{"self":[{"href":"https:\/\/blog.extremeoutdoor.com.tr\/index.php\/wp-json\/wp\/v2\/posts\/4161","targetHints":{"allow":["GET"]}}],"collection":[{"href":"https:\/\/blog.extremeoutdoor.com.tr\/index.php\/wp-json\/wp\/v2\/posts"}],"about":[{"href":"https:\/\/blog.extremeoutdoor.com.tr\/index.php\/wp-json\/wp\/v2\/types\/post"}],"author":[{"embeddable":true,"href":"https:\/\/blog.extremeoutdoor.com.tr\/index.php\/wp-json\/wp\/v2\/users\/990005"}],"replies":[{"embeddable":true,"href":"https:\/\/blog.extremeoutdoor.com.tr\/index.php\/wp-json\/wp\/v2\/comments?post=4161"}],"version-history":[{"count":2,"href":"https:\/\/blog.extremeoutdoor.com.tr\/index.php\/wp-json\/wp\/v2\/posts\/4161\/revisions"}],"predecessor-version":[{"id":4168,"href":"https:\/\/blog.extremeoutdoor.com.tr\/index.php\/wp-json\/wp\/v2\/posts\/4161\/revisions\/4168"}],"wp:featuredmedia":[{"embeddable":true,"href":"https:\/\/blog.extremeoutdoor.com.tr\/index.php\/wp-json\/wp\/v2\/media\/4162"}],"wp:attachment":[{"href":"https:\/\/blog.extremeoutdoor.com.tr\/index.php\/wp-json\/wp\/v2\/media?parent=4161"}],"wp:term":[{"taxonomy":"category","embeddable":true,"href":"https:\/\/blog.extremeoutdoor.com.tr\/index.php\/wp-json\/wp\/v2\/categories?post=4161"},{"taxonomy":"post_tag","embeddable":true,"href":"https:\/\/blog.extremeoutdoor.com.tr\/index.php\/wp-json\/wp\/v2\/tags?post=4161"}],"curies":[{"name":"wp","href":"https:\/\/api.w.org\/{rel}","templated":true}]}}