{"id":4215,"date":"2023-05-02T17:18:07","date_gmt":"2023-05-02T14:18:07","guid":{"rendered":"https:\/\/www.blog.extremeoutdoor.com.tr\/?p=4215"},"modified":"2023-05-02T17:18:08","modified_gmt":"2023-05-02T14:18:08","slug":"ekspedisyon-expedition-nedir-nasil-planlanir","status":"publish","type":"post","link":"https:\/\/blog.extremeoutdoor.com.tr\/index.php\/2023\/05\/02\/ekspedisyon-expedition-nedir-nasil-planlanir\/","title":{"rendered":"Ekspedisyon (Expedition) Nedir? Nas\u0131l Planlan\u0131r?"},"content":{"rendered":"<p><strong>Ekspedisyon<\/strong>\u00a0(expedition), genelde da\u011fc\u0131l\u0131k aktivitelerinde\u00a0<strong>belirli bir ama\u00e7 do\u011frultusunda detayl\u0131ca planlanm\u0131\u015f bir ka\u00e7 hafta veya daha uzun s\u00fcrelerde ve zorlu \u015fartlarda ger\u00e7ekle\u015ftirilen seferleri\/yolculuklar\u0131<\/strong>\u00a0ifade eden bir terim. <\/p><p>Y\u00fcksek irtifa t\u0131rman\u0131c\u0131lar ve thru-hike y\u00fcr\u00fcy\u00fc\u015flerin yan\u0131 s\u0131ra kayaking ve bisiklet gibi diren\u00e7 kapasitesinin ve motivasyonun \u00f6nem arz etti\u011fi (Expedition Trophy gibi 12.500 km\u2019lik d\u00fcnyan\u0131n en uzun k\u0131\u015f motor rallisi de ekpedisyona \u00f6rnek olarak g\u00f6sterilebilir) spor ve \u00f6zel ama\u00e7l\u0131 etkinlikler i\u00e7in kullan\u0131lmaktad\u0131r. Faaliyetlerin farkl\u0131l\u0131\u011f\u0131na nazaran ortak olan nokta c\u00fcmlenin ba\u015f\u0131nda da belirtti\u011fim gibi zorlu \u015fartlar alt\u0131nda \u00f6zel bir ama\u00e7 do\u011frultusunda ger\u00e7ekle\u015ftiriliyor olmalar\u0131d\u0131r. Peki, nedir bu ama\u00e7lar?<\/p><p>Bilimsel ke\u015fifler, askeri operasyonlar, arama ve kurtarma faaliyetleri gibi uzmanl\u0131k\/deneyim gerektiren, uzun s\u00fcreli ve zorlu y\u00fcr\u00fcy\u00fc\u015f, t\u0131rman\u0131\u015f gibi faaliyetleri belirtmek i\u00e7in kullan\u0131lan&nbsp;<strong>ekspedisyon<\/strong>un ama\u00e7lar\u0131n\u0131 \u015fu \u015fekilde s\u0131ralamam\u0131z m\u00fcmk\u00fcn;<\/p><p>Amac\u0131na g\u00f6re ekspedisyon faaliyetleri:<\/p><ol class=\"wp-block-list\"><li>Co\u011frafi ke\u015fif<\/li>\n\n<li>Bilimsel ara\u015ft\u0131rma<\/li>\n\n<li>Askeri operasyon<\/li>\n\n<li>Arama ve kurtarma faaliyetleri<\/li>\n\n<li>Sportif faaliyet<\/li><\/ol><p>Sportif faaliyet amac\u0131yla ger\u00e7ekle\u015ftirilen ekspediyonlar genellikle t\u0131rman\u0131\u015f ve y\u00fcr\u00fcy\u00fc\u015fleri belirtmektedir. T\u0131rman\u0131c\u0131larda y\u00fckseklik nedeniyle v\u00fccudun de\u011fi\u015fime uyum sa\u011flayabilmesi i\u00e7in bol miktarda ini\u015f-\u00e7\u0131k\u0131\u015f s\u00f6z konusu olabilmekte, faaliyeti ger\u00e7ekle\u015ftirenler zirveye ula\u015fana kadar kamplar\u0131n\u0131 bir \u00fcst kampa aktararak hareket etmektedirler. Benzer durum farkl\u0131 ama\u00e7lar do\u011frultusunda ger\u00e7ekle\u015ftirilen ekpedisyonlarda da g\u00f6zlenebilir. Ekspedisyon faaliyeti \u00e7o\u011funlukla grup faaliyetleri olarak \u00f6ne \u00e7\u0131ksalar da bireysel ve kurumsal ama\u00e7lar (spor topluluklar\u0131, bilimsel ve askeri ama\u00e7lar gibi) do\u011frultusunda da s\u00f6z konusu olabilir. Hatta bir ekspedisyon sosyal bir konuya dikkat \u00e7ekmek, ba\u011f\u0131\u015f toplamak gibi bir ama\u00e7la da ger\u00e7ekle\u015ftirilebilir. Bu t\u00fcr faaliyetler genelde solo olarak ger\u00e7ekle\u015ftirilmektedir. David Walliams\u2019\u0131n Sport Relief\u2019e ba\u011f\u0131\u015f sa\u011flamak amac\u0131yla 140 mile (~225 km) y\u00fczmesi \u00f6rnek olarak g\u00f6sterilebilir<a href=\"https:\/\/ecodiurnal.com\/ekspedisyon-nedir-nasil-planlanir\/#ref-2\"><sup>2<\/sup><\/a>. Yap\u0131l\u0131\u015f stillerine g\u00f6re ekspedisyon b\u00f6l\u00fcm\u00fcnde bu farkl\u0131l\u0131klar\u0131 g\u00f6rebilirsiniz.<\/p><figure class=\"wp-block-image size-full\"><img loading=\"lazy\" decoding=\"async\" width=\"720\" height=\"540\" src=\"https:\/\/www.blog.extremeoutdoor.com.tr\/wp-content\/uploads\/2023\/05\/EXT-24211.jpg\" alt=\"\" class=\"wp-image-4217\" srcset=\"https:\/\/blog.extremeoutdoor.com.tr\/wp-content\/uploads\/2023\/05\/EXT-24211.jpg 720w, https:\/\/blog.extremeoutdoor.com.tr\/wp-content\/uploads\/2023\/05\/EXT-24211-300x225.jpg 300w, https:\/\/blog.extremeoutdoor.com.tr\/wp-content\/uploads\/2023\/05\/EXT-24211-370x278.jpg 370w, https:\/\/blog.extremeoutdoor.com.tr\/wp-content\/uploads\/2023\/05\/EXT-24211-565x424.jpg 565w, https:\/\/blog.extremeoutdoor.com.tr\/wp-content\/uploads\/2023\/05\/EXT-24211-600x450.jpg 600w\" sizes=\"auto, (max-width: 720px) 100vw, 720px\" \/><\/figure><h3 class=\"wp-block-heading\">Yap\u0131l\u0131\u015f Stillerine G\u00f6re Ekspedisyonlar<\/h3><p>Her ekspedisyonun amac\u0131na g\u00f6re yap\u0131l\u0131\u015f \u015fekilleri farkl\u0131d\u0131r. Hatta etkinli\u011fin t\u00fcr\u00fc de ama\u00e7 do\u011frultusunda \u00e7e\u015fitlilik g\u00f6sterebilir<a href=\"https:\/\/ecodiurnal.com\/ekspedisyon-nedir-nasil-planlanir\/#ref-1\"><sup>1<\/sup><\/a>. \u00d6rne\u011fin, bilimsel ke\u015fif, arama ve kurtarma faaliyetleri ve askari operasyonlarda binek ara\u00e7lar\u0131 ba\u015fta olmak \u00fczere pek \u00e7ok farkl\u0131 ara\u00e7 kullan\u0131labilmektedir.<\/p><h4 class=\"wp-block-heading\">Alpin<\/h4><p>Alpin ekspedisyonlarda rota \u00fczerinde kamp kurulmamaktad\u0131r. T\u0131rman\u0131c\u0131lar \u00e7ad\u0131r, uyku tulumu, yiyecek ve i\u00e7ecek gibi \u00f6nemli gereksinimleri minimal \u00f6l\u00e7\u00fclerde yanlar\u0131na alarak h\u0131zl\u0131 bir \u015fekilde zirve t\u0131rman\u0131\u015f\u0131n\u0131 ama\u00e7larlar. Hava \u015fartlar\u0131na g\u00f6re ayr\u0131 \u00e7ad\u0131rlar yerine ortak bir \u00e7ad\u0131r kullan\u0131labilece\u011fi gibi bivak da tercih edilebilmektedir. Bir hafta kadar s\u00fcrebilen bu faaliyet s\u00fcresince sabit hatlar d\u00f6\u015fenmez.<\/p><h4 class=\"wp-block-heading\">Ekstrem Alpin<\/h4><p>T\u0131rman\u0131c\u0131lar \u00e7ad\u0131r ve uyku tulumu olmadan minimum malzeme ile 1-2 g\u00fcnl\u00fck bir s\u00fcre i\u00e7erisinde zirve yap\u0131p d\u00f6nmeyi ama\u00e7larlar.<\/p><h4 class=\"wp-block-heading\">Kaps\u00fcl (Capsule-style)<\/h4><p>Faaliyet s\u00fcresince, rota \u00fczerinde rotan\u0131n zorlu\u011funa ve s\u00fcresine ba\u015fl\u0131 olarak 1 ya da 2 kamp kurulur. T\u0131rman\u0131c\u0131lar kamplar\u0131 kendileri kurar ve kamplar aras\u0131ndaki malzeme ta\u015f\u0131ma i\u015flemini kendileri ger\u00e7ekle\u015ftirir. Uyumak i\u00e7in bir alt kampa d\u00f6n\u00fcl\u00fcr. Az say\u0131da hat d\u00f6\u015fenir ve ekspedisyon faaliyeti ortalama 1 hafta kadar s\u00fcrer.<\/p><h4 class=\"wp-block-heading\">Ku\u015fatma (Siege-style)<\/h4><p>Ekspedisyon s\u00fcrecinde pek \u00e7ok kamp kurulur ve kamp yerlerine malzemeler sherpalarla (b\u00f6lgenin yerli ve da\u011fc\u0131l\u0131k konusunda bilgi kimseleri) ta\u015f\u0131n\u0131r. Faaliyet s\u00fcresi bir ka\u00e7 hafta, hatta rota zorlu\u011funa ve mevsim \u015fartlar\u0131na daha da uzun olabilmektedir. Rotada bol miktarda sabit hat d\u00f6\u015fenir.<\/p><figure class=\"wp-block-image size-full\"><img loading=\"lazy\" decoding=\"async\" width=\"720\" height=\"405\" src=\"https:\/\/www.blog.extremeoutdoor.com.tr\/wp-content\/uploads\/2023\/05\/EXT-everest-base-camp-2019_h.jpg\" alt=\"\" class=\"wp-image-4218\" srcset=\"https:\/\/blog.extremeoutdoor.com.tr\/wp-content\/uploads\/2023\/05\/EXT-everest-base-camp-2019_h.jpg 720w, https:\/\/blog.extremeoutdoor.com.tr\/wp-content\/uploads\/2023\/05\/EXT-everest-base-camp-2019_h-300x169.jpg 300w, https:\/\/blog.extremeoutdoor.com.tr\/wp-content\/uploads\/2023\/05\/EXT-everest-base-camp-2019_h-370x208.jpg 370w, https:\/\/blog.extremeoutdoor.com.tr\/wp-content\/uploads\/2023\/05\/EXT-everest-base-camp-2019_h-565x318.jpg 565w, https:\/\/blog.extremeoutdoor.com.tr\/wp-content\/uploads\/2023\/05\/EXT-everest-base-camp-2019_h-600x338.jpg 600w, https:\/\/blog.extremeoutdoor.com.tr\/wp-content\/uploads\/2023\/05\/EXT-everest-base-camp-2019_h-270x152.jpg 270w\" sizes=\"auto, (max-width: 720px) 100vw, 720px\" \/><\/figure><h2 class=\"wp-block-heading\">Ekspedisyon Nas\u0131l Planlan\u0131r?<\/h2><p>Mevsim ge\u00e7i\u015fleri, gruptaki ki\u015filerin motivasyonlar\u0131, olas\u0131 bedensel sorunlar ve daha pek \u00e7ok maj\u00f6r ve min\u00f6r konu bu sebeble ekspedisyonu etkileyebilmekte. Hatta kimi ekspedisyon s\u00fcre\u00e7lerinde t\u0131rman\u0131\u015fta yer almayan ancak planlamay\u0131 yapan ki\u015filere de rastlamak olas\u0131. \u0130lgili rotay\u0131 daha \u00f6nce t\u0131rmananlar\u0131n yorumlar\u0131, yerel halk\u0131n aktar\u0131mlar\u0131, bilimsel ara\u015ft\u0131rmalar ve daha pek \u00e7ok bilginin de\u011ferlendirildi\u011fi bu s\u00fcre\u00e7 yanl\u0131\u015f kararlar sonucunda bir trajedi haline gelebilmekte.<\/p><h4 class=\"wp-block-heading\">Hedefin Belirlenmesi<\/h4><p>Bir zirve t\u0131rman\u0131\u015f\u0131, thru-hike bir y\u00fcr\u00fcy\u00fc\u015f veya kayaking\u2026 etkinli\u011fin t\u00fcr\u00fcnden ziyade bu etkinli\u011fin hedefinin ne oldu\u011fu (sportif bir ama\u00e7, bir kurtarma g\u00f6revi veya bilimsel bir ke\u015fif gibi) \u00f6nem arz etmekte. Bireysel faaliyetlerde k i\u015finin kendi \u00f6z motivasyonu ve becerileri hem faaliyetin t\u00fcr\u00fcn\u00fc hem de hedefe y\u00f6nelik s\u00fcrecin daha h\u0131zl\u0131 ilerlemesini sa\u011flayabilir. Grup faaliyetlerinde ise ekipteki her ki\u015finin ayn\u0131 motivasyona sahip olmas\u0131 ve ayn\u0131 hedef do\u011frultusunda hareket etmesi olduk\u00e7a \u00f6nemli bir hale gelmektedir.<\/p><h4 class=\"wp-block-heading\">Bilgilerin Toplanmas\u0131 ve De\u011ferlendirilmesi<\/h4><p>Hedefin bir thru-hike y\u00fcr\u00fcy\u00fc\u015f oldu\u011funu d\u00fc\u015f\u00fcnelim. Bu y\u00fcr\u00fcy\u00fc\u015f\u00fc daha \u00f6nceden ger\u00e7ekle\u015ftirenlerin yorumlar\u0131, b\u00f6lge halk\u0131n\u0131n aktar\u0131mlar\u0131, mevsimin etkileri, rota boyunca s\u00f6z konusu olabilecek olumsuzluklar (mevsim ko\u015fullar\u0131), ara\u015ft\u0131rmalar ba\u015fta olmak \u00fczere elde edilen her t\u00fcrl\u00fc veri de\u011ferlendirilmelidir. M\u00fcmk\u00fcnse ekspedisyon faaliyeti \u00f6ncesinde k\u0131sa bir ke\u015fif yap\u0131labilir. Elde edilen bu bilgiler \u0131\u015f\u0131\u011f\u0131nda ekibin ve malzemelerin de\u011ferlendirilmesi, faaliyetin zaman\u0131na ve s\u00fcresine karar verilmesi ve hatta ek kaynak sa\u011flanmas\u0131 gerekebilir. Kimi durumlarda veriler \u0131\u015f\u0131\u011f\u0131nda faaliyet ertelenebilmekte veya ekip \u00fcyeleri faaliyetten \u00e7ekilebilmektedirler.<\/p><h4 class=\"wp-block-heading\">Ekibin Olu\u015fturulmas\u0131<\/h4><p>Ekip s\u00fcrecin ba\u015f\u0131ndan itibaren faaliyetin her a\u015famas\u0131na dahil olabilir ya da bilgiler topland\u0131ktan sonra bu faaliyet i\u00e7in uygun oldu\u011fu d\u00fc\u015f\u00fcn\u00fclen ki\u015filerle temassa ge\u00e7ilebilir. Bu a\u015famada \u00f6nemli olan ekipteki ki\u015filerin fiziksel ve psikolojik yeterliliklerinin yan\u0131 s\u0131ra deneyimleri de etkili olabilmektedir. Hatta ge\u00e7mi\u015fte benzer bir faaliyet ger\u00e7ekle\u015ftirip ger\u00e7ekle\u015ftirmedikleri ve ekipteki \u00fcyelerle olan ge\u00e7mi\u015f tecr\u00fcbeleri de faaliyetin ba\u015far\u0131s\u0131n\u0131 etkileyebilmektedir. Bilgilerin toplanmas\u0131 ve planlanmas\u0131 ne kadar ciddi y\u00fcr\u00fct\u00fcl\u00fcrse y\u00fcr\u00fct\u00fcls\u00fcn bu gibi ekstrem faaliyetlerde planlanmayan pek \u00e7ok durum ortaya \u00e7\u0131kabilmektedir. Bu gibi durumlarda ekip \u00fcyelerinin motivasyonlar\u0131n\u0131 kaybetmemeleri ve paniklemeden \u00e7\u00f6z\u00fcm \u00fcretebilmeleri ekipteki di\u011fer ki\u015filerin de fiziksel ve psikolojik durumlar\u0131n\u0131 etkileyecektir.<\/p><h4 class=\"wp-block-heading\">Rotan\u0131n Olu\u015fturulmas\u0131<\/h4><p>Hedefe y\u00f6nelik planlama ve ekibin olu\u015fturulmas\u0131n\u0131n ard\u0131ndan faaliyetin ger\u00e7ekle\u015ftirilece\u011fi rotaya (haz\u0131r bir rota de\u011filse ve\/ya alternatifler s\u00f6z konusu ise) karar verilmesi gerekir. \u00c7\u0131k\u0131\u015f ve ini\u015f i\u00e7in uygun yollar (mevsim etkilerine ba\u011fl\u0131 olarak), kamp noktalar\u0131 son kez g\u00f6zden ge\u00e7irilir ve gerekli ise g\u00fcncellemeler yap\u0131l\u0131r.<\/p><h4 class=\"wp-block-heading\">\u0130\u015f B\u00f6l\u00fcm\u00fc<\/h4><p>Ekip i\u00e7erisinde g\u00f6rev b\u00f6l\u00fcm\u00fc yap\u0131l\u0131r. Planlama s\u00fcrecinde uzman bir ekip \u00fcyesi s\u00fcreci, konaklama ve di\u011fer s\u00fcre\u00e7leri koordine ederken bir ba\u015fka \u00fcye kaynak sa\u011flamak amac\u0131yla sponsorlarla g\u00f6r\u00fc\u015febilmektedir.<\/p><p>Faaliyet s\u00fcrecinde de kar\u0131\u015f\u0131kl\u0131k ve olas\u0131 bir olumsuz durumda panik olmamas\u0131 ad\u0131na ekip liderli\u011fi, malzemelerin kontrolleri, ta\u015f\u0131nmas\u0131, g\u00fcvenli\u011fin sa\u011flanmas\u0131, \u00f6nc\u00fcler ve art\u00e7\u0131lar gibi g\u00f6rev da\u011f\u0131l\u0131mlar\u0131 s\u00f6z konusu olmaktad\u0131r.<\/p><h4 class=\"wp-block-heading\">Kaynak Sa\u011flanmas\u0131<\/h4><p>Bu t\u00fcr faaliyetler \u00e7o\u011funlukla ilgili makamlardan izin al\u0131narak ger\u00e7ekle\u015ftirilmektedirler. \u0130lgili makam \u015fartlar\u0131n uygun olmad\u0131\u011f\u0131n\u0131 d\u00fc\u015f\u00fcnerek izin vermeyebilir. Al\u0131nan izinle birlikte faaliyetin ger\u00e7ekle\u015ftirilebilmesi i\u00e7in ekipman, yiyecek-i\u00e7ecek ba\u015fta olmak \u00fczere t\u00fcm ihtiya\u00e7lar temin edilmeye ba\u015flan\u0131r. Ekip \u00fcyeleri bu gereksinimleri kendileri sa\u011flayabilece\u011fi gibi genel maliyet g\u00f6r\u00fc\u015f\u00fclen sponsorlar vas\u0131tas\u0131yla da kar\u015f\u0131lanabilir.<\/p><h4 class=\"wp-block-heading\">Tarihlerin Belirlenmesi<\/h4><p>Kaynak sa\u011fland\u0131, ekip ve malzemeler haz\u0131r\u2026 Planlama ve rota a\u015famas\u0131ndaki veriler \u0131\u015f\u0131\u011f\u0131nda art\u0131k faaliyet i\u00e7in ba\u015flang\u0131\u00e7 ve biti\u015f tarihleri, faaliyetin toplam s\u00fcresi belirlenir. Faaliyetin ger\u00e7ekle\u015ftirilmesinden \u00f6nce veya sonras\u0131nda b\u00f6lgede bir s\u00fcre vakit ge\u00e7irilebilir.<\/p><p>Bu planlama s\u00fcrecinde bir s\u0131ra mevcut de\u011fil elbette. Kimi durumda tarihler belirlenerek rota olu\u015fturulabilir, s\u00fcre\u00e7te ekip i\u00e7erisinde de\u011fi\u015fiklikler ve buna ba\u011fl\u0131 olarak i\u015f b\u00f6l\u00fcm\u00fcnde d\u00fczenlemeler s\u00f6z konusu olabilir.<\/p>\n\n<div class=\"kk-star-ratings kksr-auto kksr-align-right kksr-valign-bottom\"\n    data-payload='{&quot;align&quot;:&quot;right&quot;,&quot;id&quot;:&quot;4215&quot;,&quot;slug&quot;:&quot;default&quot;,&quot;valign&quot;:&quot;bottom&quot;,&quot;ignore&quot;:&quot;&quot;,&quot;reference&quot;:&quot;auto&quot;,&quot;class&quot;:&quot;&quot;,&quot;count&quot;:&quot;0&quot;,&quot;legendonly&quot;:&quot;&quot;,&quot;readonly&quot;:&quot;&quot;,&quot;score&quot;:&quot;0&quot;,&quot;starsonly&quot;:&quot;&quot;,&quot;best&quot;:&quot;5&quot;,&quot;gap&quot;:&quot;5&quot;,&quot;greet&quot;:&quot;Oylama Yap&quot;,&quot;legend&quot;:&quot;0\\\/5 - (0 votes)&quot;,&quot;size&quot;:&quot;24&quot;,&quot;title&quot;:&quot;Ekspedisyon (Expedition) Nedir? Nas\u0131l Planlan\u0131r?&quot;,&quot;width&quot;:&quot;0&quot;,&quot;_legend&quot;:&quot;{score}\\\/{best} - ({count} {votes})&quot;,&quot;font_factor&quot;:&quot;1.25&quot;}'>\n            \n<div class=\"kksr-stars\">\n    \n<div class=\"kksr-stars-inactive\">\n            <div class=\"kksr-star\" data-star=\"1\" style=\"padding-right: 5px\">\n            \n\n<div class=\"kksr-icon\" style=\"width: 24px; height: 24px;\"><\/div>\n        <\/div>\n            <div class=\"kksr-star\" data-star=\"2\" style=\"padding-right: 5px\">\n            \n\n<div class=\"kksr-icon\" style=\"width: 24px; height: 24px;\"><\/div>\n        <\/div>\n            <div class=\"kksr-star\" data-star=\"3\" style=\"padding-right: 5px\">\n            \n\n<div class=\"kksr-icon\" style=\"width: 24px; height: 24px;\"><\/div>\n        <\/div>\n            <div class=\"kksr-star\" data-star=\"4\" style=\"padding-right: 5px\">\n            \n\n<div class=\"kksr-icon\" style=\"width: 24px; height: 24px;\"><\/div>\n        <\/div>\n            <div class=\"kksr-star\" data-star=\"5\" style=\"padding-right: 5px\">\n            \n\n<div class=\"kksr-icon\" style=\"width: 24px; height: 24px;\"><\/div>\n        <\/div>\n    <\/div>\n    \n<div class=\"kksr-stars-active\" style=\"width: 0px;\">\n            <div class=\"kksr-star\" style=\"padding-right: 5px\">\n            \n\n<div class=\"kksr-icon\" style=\"width: 24px; height: 24px;\"><\/div>\n        <\/div>\n            <div class=\"kksr-star\" style=\"padding-right: 5px\">\n            \n\n<div class=\"kksr-icon\" style=\"width: 24px; height: 24px;\"><\/div>\n        <\/div>\n            <div class=\"kksr-star\" style=\"padding-right: 5px\">\n            \n\n<div class=\"kksr-icon\" style=\"width: 24px; height: 24px;\"><\/div>\n        <\/div>\n            <div class=\"kksr-star\" style=\"padding-right: 5px\">\n            \n\n<div class=\"kksr-icon\" style=\"width: 24px; height: 24px;\"><\/div>\n        <\/div>\n            <div class=\"kksr-star\" style=\"padding-right: 5px\">\n            \n\n<div class=\"kksr-icon\" style=\"width: 24px; height: 24px;\"><\/div>\n        <\/div>\n    <\/div>\n<\/div>\n                \n\n<div class=\"kksr-legend\" style=\"font-size: 19.2px;\">\n            <span class=\"kksr-muted\">Oylama Yap<\/span>\n    <\/div>\n    <\/div>\n","protected":false},"excerpt":{"rendered":"<p>Ekspedisyon\u00a0(expedition), genelde da\u011fc\u0131l\u0131k aktivitelerinde\u00a0belirli bir ama\u00e7 do\u011frultusunda detayl\u0131ca planlanm\u0131\u015f bir ka\u00e7 hafta veya daha uzun s\u00fcrelerde ve zorlu \u015fartlarda ger\u00e7ekle\u015ftirilen&hellip;<\/p>\n","protected":false},"author":990005,"featured_media":4216,"comment_status":"open","ping_status":"open","sticky":false,"template":"","format":"standard","meta":{"footnotes":""},"categories":[23],"tags":[],"class_list":["post-4215","post","type-post","status-publish","format-standard","has-post-thumbnail","hentry","category-dagcilik"],"_links":{"self":[{"href":"https:\/\/blog.extremeoutdoor.com.tr\/index.php\/wp-json\/wp\/v2\/posts\/4215","targetHints":{"allow":["GET"]}}],"collection":[{"href":"https:\/\/blog.extremeoutdoor.com.tr\/index.php\/wp-json\/wp\/v2\/posts"}],"about":[{"href":"https:\/\/blog.extremeoutdoor.com.tr\/index.php\/wp-json\/wp\/v2\/types\/post"}],"author":[{"embeddable":true,"href":"https:\/\/blog.extremeoutdoor.com.tr\/index.php\/wp-json\/wp\/v2\/users\/990005"}],"replies":[{"embeddable":true,"href":"https:\/\/blog.extremeoutdoor.com.tr\/index.php\/wp-json\/wp\/v2\/comments?post=4215"}],"version-history":[{"count":1,"href":"https:\/\/blog.extremeoutdoor.com.tr\/index.php\/wp-json\/wp\/v2\/posts\/4215\/revisions"}],"predecessor-version":[{"id":4219,"href":"https:\/\/blog.extremeoutdoor.com.tr\/index.php\/wp-json\/wp\/v2\/posts\/4215\/revisions\/4219"}],"wp:featuredmedia":[{"embeddable":true,"href":"https:\/\/blog.extremeoutdoor.com.tr\/index.php\/wp-json\/wp\/v2\/media\/4216"}],"wp:attachment":[{"href":"https:\/\/blog.extremeoutdoor.com.tr\/index.php\/wp-json\/wp\/v2\/media?parent=4215"}],"wp:term":[{"taxonomy":"category","embeddable":true,"href":"https:\/\/blog.extremeoutdoor.com.tr\/index.php\/wp-json\/wp\/v2\/categories?post=4215"},{"taxonomy":"post_tag","embeddable":true,"href":"https:\/\/blog.extremeoutdoor.com.tr\/index.php\/wp-json\/wp\/v2\/tags?post=4215"}],"curies":[{"name":"wp","href":"https:\/\/api.w.org\/{rel}","templated":true}]}}