{"id":4256,"date":"2023-05-03T12:00:43","date_gmt":"2023-05-03T09:00:43","guid":{"rendered":"https:\/\/www.blog.extremeoutdoor.com.tr\/?p=4256"},"modified":"2023-05-03T12:00:44","modified_gmt":"2023-05-03T09:00:44","slug":"yaz-kamplarinda-olmazsa-olmaz-5-urun","status":"publish","type":"post","link":"https:\/\/blog.extremeoutdoor.com.tr\/index.php\/2023\/05\/03\/yaz-kamplarinda-olmazsa-olmaz-5-urun\/","title":{"rendered":"YAZ KAMPLARINDA OLMAZSA OLMAZ 5 \u00dcR\u00dcN"},"content":{"rendered":"<p>G\u00fcne\u015fli havalarda do\u011fada vakit ge\u00e7irmeyi kim sevmez? <strong>Kamp<\/strong> yapman\u0131n en keyifli oldu\u011fu mevsimlerden biri ku\u015fkusuz yaz aylar\u0131d\u0131r E\u011fer bir de yan\u0131n\u0131zda konforunuzu art\u0131racak malzemeler varsa bu mevsimde <strong>kamp<\/strong> yapman\u0131n tad\u0131n\u0131 ba\u015fka hi\u00e7bir \u015fey vermez. Yaz kamplar\u0131nda da her kampta oldu\u011fu gibi \u00e7ad\u0131r, uyku tulumu, mat, kap kacak, ocak gibi temel <strong>kamp\u00e7\u0131l\u0131k<\/strong> malzemelerine ihtiyac\u0131n\u0131z var.<\/p><p>Peki bunlar d\u0131\u015f\u0131nda mutlaka yan\u0131n\u0131zda olmas\u0131 gereken, kamp etkinli\u011finizin daha konforlu ge\u00e7mesini sa\u011flayacak malzemeler neler olabilir? Gelin bu yaz\u0131m\u0131zda yaz kamplar\u0131n\u0131n olmazsa olmaz\u0131 be\u015f kamp malzemesi hangileriymi\u015f hep birlikte g\u00f6relim<\/p><p><strong>Termos<\/strong><\/p><p>   <\/p><figure class=\"wp-block-image size-full is-resized\"><img loading=\"lazy\" decoding=\"async\" src=\"https:\/\/www.blog.extremeoutdoor.com.tr\/wp-content\/uploads\/2023\/05\/Resim2-10.jpg\" alt=\"\" class=\"wp-image-4259\" width=\"563\" height=\"526\" srcset=\"https:\/\/blog.extremeoutdoor.com.tr\/wp-content\/uploads\/2023\/05\/Resim2-10.jpg 518w, https:\/\/blog.extremeoutdoor.com.tr\/wp-content\/uploads\/2023\/05\/Resim2-10-300x280.jpg 300w, https:\/\/blog.extremeoutdoor.com.tr\/wp-content\/uploads\/2023\/05\/Resim2-10-370x346.jpg 370w\" sizes=\"auto, (max-width: 563px) 100vw, 563px\" \/><\/figure><p>Yaz kamplar\u0131n\u0131n olmazsa olmaz \u00fcr\u00fcnlerinden biri tahmin edece\u011finiz \u00fczere <strong>termos<\/strong>tur Hepimiz biliyoruz ki s\u0131cak havada, g\u00fcne\u015fin alt\u0131nda vakit ge\u00e7irirken so\u011fuk bir i\u00e7ecek i\u00e7menin keyfi bir ba\u015fkad\u0131r Suyunuzu uzun s\u00fcre so\u011fuk tutabilecek bir termosun yaz kamplar\u0131nda en sevdi\u011finiz \u00fcr\u00fcnlerden biri olaca\u011f\u0131na \u015f\u00fcphe yok<\/p><p>\u00d6m\u00fcr boyu yal\u0131t\u0131m ve s\u0131zd\u0131rmazl\u0131k garantisine sahip olan Naturehike, Stanley, Thermos, Freecamp, Aladdin, Laken termoslar, suyunuzu saatler hatta g\u00fcnler boyu so\u011fuk tutabilir Sitemizde yer alan t\u00fcm termos modellerini incelemek i\u00e7in bu linke g\u00f6z atabilirsiniz <strong><a href=\"https:\/\/www.extremeoutdoor.com.tr\/termos-matara-bardak-114\" data-type=\"URL\" data-id=\"https:\/\/www.extremeoutdoor.com.tr\/termos-matara-bardak-114\"><mark style=\"background-color:rgba(0, 0, 0, 0)\" class=\"has-inline-color has-vivid-cyan-blue-color\">Termos Modelleri<\/mark><\/a><\/strong><\/p><p><strong>Ta\u015f\u0131nabilir So\u011futucu<\/strong><\/p><figure class=\"wp-block-image size-full is-resized\"><img loading=\"lazy\" decoding=\"async\" src=\"https:\/\/www.blog.extremeoutdoor.com.tr\/wp-content\/uploads\/2023\/05\/Resim4-5.jpg\" alt=\"\" class=\"wp-image-4260\" width=\"532\" height=\"532\" srcset=\"https:\/\/blog.extremeoutdoor.com.tr\/wp-content\/uploads\/2023\/05\/Resim4-5.jpg 344w, https:\/\/blog.extremeoutdoor.com.tr\/wp-content\/uploads\/2023\/05\/Resim4-5-300x300.jpg 300w, https:\/\/blog.extremeoutdoor.com.tr\/wp-content\/uploads\/2023\/05\/Resim4-5-150x150.jpg 150w, https:\/\/blog.extremeoutdoor.com.tr\/wp-content\/uploads\/2023\/05\/Resim4-5-110x110.jpg 110w, https:\/\/blog.extremeoutdoor.com.tr\/wp-content\/uploads\/2023\/05\/Resim4-5-100x100.jpg 100w\" sizes=\"auto, (max-width: 532px) 100vw, 532px\" \/><\/figure><p>Yaz kamplar\u0131nda kutu i\u00e7eceklerinizi ve yiyeceklerinizi so\u011fuk tutabilmek harika olmaz m\u0131yd\u0131? Bunun i\u00e7in en b\u00fcy\u00fck yard\u0131mc\u0131n\u0131z ta\u015f\u0131nabilir bir so\u011futucudur Coleman ta\u015f\u0131nabilir so\u011futucular farkl\u0131 boy se\u00e7enekleriyle t\u00fcm ihtiya\u00e7lar\u0131n\u0131z\u0131 kar\u015f\u0131layabilir Sitemizdeki so\u011futucu modellerini g\u00f6rmek i\u00e7in linki ziyaret edebilirsiniz <strong><a href=\"https:\/\/www.extremeoutdoor.com.tr\/buzluk-buzdolabi-234\" data-type=\"URL\" data-id=\"https:\/\/www.extremeoutdoor.com.tr\/buzluk-buzdolabi-234\"><mark style=\"background-color:rgba(0, 0, 0, 0)\" class=\"has-inline-color has-vivid-cyan-blue-color\">Ta\u015f\u0131nabilir So\u011futucu<\/mark><\/a><\/strong><\/p><p><strong>G\u00fcne\u015f Kremi<\/strong><\/p><figure class=\"wp-block-image size-full is-resized\"><img loading=\"lazy\" decoding=\"async\" src=\"https:\/\/www.blog.extremeoutdoor.com.tr\/wp-content\/uploads\/2023\/05\/Resim5-2.jpg\" alt=\"\" class=\"wp-image-4261\" width=\"475\" height=\"316\" srcset=\"https:\/\/blog.extremeoutdoor.com.tr\/wp-content\/uploads\/2023\/05\/Resim5-2.jpg 356w, https:\/\/blog.extremeoutdoor.com.tr\/wp-content\/uploads\/2023\/05\/Resim5-2-300x200.jpg 300w\" sizes=\"auto, (max-width: 475px) 100vw, 475px\" \/><\/figure><p>E\u011fer g\u00fcne\u015f \u0131\u015f\u0131nlar\u0131n\u0131n hatr\u0131 say\u0131l\u0131r bir etkiye sahip oldu\u011fu yaz g\u00fcnlerinde kamp yapacaksan\u0131z kamp \u00e7antan\u0131zda mutlaka olmas\u0131 gereken malzemelerin ba\u015f\u0131nda kesinlikle g\u00fcne\u015f kremi geliyor<\/p><p>G\u00fcne\u015fe \u00e7\u0131kmadan g\u00fcne\u015f kreminizi uygulaman\u0131z ve g\u00fcn i\u00e7inde ihtiya\u00e7 duyduk\u00e7a yenilemeniz gerekir Aksi halde kamp etkinli\u011finiz s\u00fcresince g\u00fcne\u015f yan\u0131klar\u0131 y\u00fcz\u00fcnden ac\u0131 i\u00e7inde k\u0131vranabilirsiniz.<\/p><p><strong>Hamak<\/strong><\/p><figure class=\"wp-block-image size-full is-resized\"><img loading=\"lazy\" decoding=\"async\" src=\"https:\/\/www.blog.extremeoutdoor.com.tr\/wp-content\/uploads\/2023\/05\/Resim6-2.jpg\" alt=\"\" class=\"wp-image-4262\" width=\"739\" height=\"370\" srcset=\"https:\/\/blog.extremeoutdoor.com.tr\/wp-content\/uploads\/2023\/05\/Resim6-2.jpg 527w, https:\/\/blog.extremeoutdoor.com.tr\/wp-content\/uploads\/2023\/05\/Resim6-2-300x150.jpg 300w, https:\/\/blog.extremeoutdoor.com.tr\/wp-content\/uploads\/2023\/05\/Resim6-2-370x185.jpg 370w\" sizes=\"auto, (max-width: 739px) 100vw, 739px\" \/><\/figure><p>Yaz kamp\u0131nda yan\u0131n\u0131zda olmas\u0131 gereken malzemeler aras\u0131nda en keyiflisine geldi s\u0131ra. Biz hamaks\u0131z bir yaz kamp\u0131 d\u00fc\u015f\u00fcnemiyoruz. Hamakta uzanarak a\u011fa\u00e7lar\u0131n aras\u0131nda g\u00fcn\u00fcn yorgunlu\u011funu atabilece\u011finiz gibi a\u00e7\u0131k havada uyumak isterseniz gecenizi hamakta ge\u00e7irebilirsiniz Sitemizdeki hamaklar\u0131 ve hamak malzemelerini g\u00f6rmek i\u00e7in buraya g\u00f6z at\u0131n <strong><a href=\"https:\/\/www.extremeoutdoor.com.tr\/Arama?1&amp;kelime=hamak\" data-type=\"URL\" data-id=\"https:\/\/www.extremeoutdoor.com.tr\/Arama?1&amp;kelime=hamak\"><mark style=\"background-color:rgba(0, 0, 0, 0)\" class=\"has-inline-color has-vivid-cyan-blue-color\">Hamaklar<\/mark><\/a><\/strong><\/p><p><strong>Sandalet<\/strong><\/p><figure class=\"wp-block-image size-full is-resized\"><img loading=\"lazy\" decoding=\"async\" src=\"https:\/\/www.blog.extremeoutdoor.com.tr\/wp-content\/uploads\/2023\/05\/Resim7-1.jpg\" alt=\"\" class=\"wp-image-4264\" width=\"750\" height=\"262\" srcset=\"https:\/\/blog.extremeoutdoor.com.tr\/wp-content\/uploads\/2023\/05\/Resim7-1.jpg 706w, https:\/\/blog.extremeoutdoor.com.tr\/wp-content\/uploads\/2023\/05\/Resim7-1-300x105.jpg 300w, https:\/\/blog.extremeoutdoor.com.tr\/wp-content\/uploads\/2023\/05\/Resim7-1-370x129.jpg 370w, https:\/\/blog.extremeoutdoor.com.tr\/wp-content\/uploads\/2023\/05\/Resim7-1-565x198.jpg 565w, https:\/\/blog.extremeoutdoor.com.tr\/wp-content\/uploads\/2023\/05\/Resim7-1-600x210.jpg 600w\" sizes=\"auto, (max-width: 750px) 100vw, 750px\" \/><\/figure><p>Her etkinlikte oldu\u011fu gibi yaz kamplar\u0131nda da \u00f6zellikle kullan\u0131\u015fl\u0131 olabilecek bir ayakkab\u0131 modeli var. Se\u00e7ece\u011finiz ayakkab\u0131 elbette gidece\u011finiz yerin zemin ve mevsim ko\u015fullar\u0131na da ba\u011fl\u0131 olarak de\u011fi\u015febilir ama s\u0131cak bir yaz g\u00fcn\u00fcnde kampa gidiyorsan\u0131z bir sandalet \u00e7ok i\u015finize yarayabilir. \u00f6zellikle kamp alan\u0131n\u0131z\u0131n yak\u0131nlar\u0131nda dere, g\u00f6l, akar su varsa sandaletle rahatl\u0131kla dola\u015fabilirsiniz. Sitemizdeki sandalet modellerini incelemek i\u00e7in t\u0131klay\u0131n <strong><a href=\"https:\/\/www.extremeoutdoor.com.tr\/Arama?1&amp;kelime=sandalet\" data-type=\"URL\" data-id=\"https:\/\/www.extremeoutdoor.com.tr\/Arama?1&amp;kelime=sandalet\"><mark style=\"background-color:rgba(0, 0, 0, 0)\" class=\"has-inline-color has-vivid-cyan-blue-color\">Sandalet modelleri<\/mark><\/a><\/strong><\/p><p>Bu yaz\u0131m\u0131zda yaz kamplar\u0131nda mutlaka yan\u0131n\u0131zda olmas\u0131 gereken ve aktivitenizin kalitesini art\u0131racak be\u015f malzemeyi bir araya getirdik Bunlar d\u0131\u015f\u0131ndaki \u00e7ad\u0131r, uyku tulumu, mat, kap kacak, kamp oca\u011f\u0131, kamp masas\u0131, kamp sandalyesi gibi temel kamp malzemelerinizi <a href=\"https:\/\/www.extremeoutdoor.com.tr\/\"><strong><mark style=\"background-color:rgba(0, 0, 0, 0)\" class=\"has-inline-color has-vivid-cyan-blue-color\">https:\/\/www.extremeoutdoor.com.tr\/<\/mark><\/strong><\/a> adresinden alabilirsiniz.<\/p><p><strong>\u015eimdiden keyifli bir kamp dileriz!<\/strong><\/p>\n\n<div class=\"kk-star-ratings kksr-auto kksr-align-right kksr-valign-bottom\"\n    data-payload='{&quot;align&quot;:&quot;right&quot;,&quot;id&quot;:&quot;4256&quot;,&quot;slug&quot;:&quot;default&quot;,&quot;valign&quot;:&quot;bottom&quot;,&quot;ignore&quot;:&quot;&quot;,&quot;reference&quot;:&quot;auto&quot;,&quot;class&quot;:&quot;&quot;,&quot;count&quot;:&quot;0&quot;,&quot;legendonly&quot;:&quot;&quot;,&quot;readonly&quot;:&quot;&quot;,&quot;score&quot;:&quot;0&quot;,&quot;starsonly&quot;:&quot;&quot;,&quot;best&quot;:&quot;5&quot;,&quot;gap&quot;:&quot;5&quot;,&quot;greet&quot;:&quot;Oylama Yap&quot;,&quot;legend&quot;:&quot;0\\\/5 - (0 votes)&quot;,&quot;size&quot;:&quot;24&quot;,&quot;title&quot;:&quot;YAZ KAMPLARINDA OLMAZSA OLMAZ 5 \u00dcR\u00dcN&quot;,&quot;width&quot;:&quot;0&quot;,&quot;_legend&quot;:&quot;{score}\\\/{best} - ({count} {votes})&quot;,&quot;font_factor&quot;:&quot;1.25&quot;}'>\n            \n<div class=\"kksr-stars\">\n    \n<div class=\"kksr-stars-inactive\">\n            <div class=\"kksr-star\" data-star=\"1\" style=\"padding-right: 5px\">\n            \n\n<div class=\"kksr-icon\" style=\"width: 24px; height: 24px;\"><\/div>\n        <\/div>\n            <div class=\"kksr-star\" data-star=\"2\" style=\"padding-right: 5px\">\n            \n\n<div class=\"kksr-icon\" style=\"width: 24px; height: 24px;\"><\/div>\n        <\/div>\n            <div class=\"kksr-star\" data-star=\"3\" style=\"padding-right: 5px\">\n            \n\n<div class=\"kksr-icon\" style=\"width: 24px; height: 24px;\"><\/div>\n        <\/div>\n            <div class=\"kksr-star\" data-star=\"4\" style=\"padding-right: 5px\">\n            \n\n<div class=\"kksr-icon\" style=\"width: 24px; height: 24px;\"><\/div>\n        <\/div>\n            <div class=\"kksr-star\" data-star=\"5\" style=\"padding-right: 5px\">\n            \n\n<div class=\"kksr-icon\" style=\"width: 24px; height: 24px;\"><\/div>\n        <\/div>\n    <\/div>\n    \n<div class=\"kksr-stars-active\" style=\"width: 0px;\">\n            <div class=\"kksr-star\" style=\"padding-right: 5px\">\n            \n\n<div class=\"kksr-icon\" style=\"width: 24px; height: 24px;\"><\/div>\n        <\/div>\n            <div class=\"kksr-star\" style=\"padding-right: 5px\">\n            \n\n<div class=\"kksr-icon\" style=\"width: 24px; height: 24px;\"><\/div>\n        <\/div>\n            <div class=\"kksr-star\" style=\"padding-right: 5px\">\n            \n\n<div class=\"kksr-icon\" style=\"width: 24px; height: 24px;\"><\/div>\n        <\/div>\n            <div class=\"kksr-star\" style=\"padding-right: 5px\">\n            \n\n<div class=\"kksr-icon\" style=\"width: 24px; height: 24px;\"><\/div>\n        <\/div>\n            <div class=\"kksr-star\" style=\"padding-right: 5px\">\n            \n\n<div class=\"kksr-icon\" style=\"width: 24px; height: 24px;\"><\/div>\n        <\/div>\n    <\/div>\n<\/div>\n                \n\n<div class=\"kksr-legend\" style=\"font-size: 19.2px;\">\n            <span class=\"kksr-muted\">Oylama Yap<\/span>\n    <\/div>\n    <\/div>\n","protected":false},"excerpt":{"rendered":"<p>G\u00fcne\u015fli havalarda do\u011fada vakit ge\u00e7irmeyi kim sevmez? Kamp yapman\u0131n en keyifli oldu\u011fu mevsimlerden biri ku\u015fkusuz yaz aylar\u0131d\u0131r E\u011fer bir de&hellip;<\/p>\n","protected":false},"author":990005,"featured_media":4265,"comment_status":"open","ping_status":"open","sticky":false,"template":"","format":"standard","meta":{"footnotes":""},"categories":[15],"tags":[],"class_list":["post-4256","post","type-post","status-publish","format-standard","has-post-thumbnail","hentry","category-kampcilik"],"_links":{"self":[{"href":"https:\/\/blog.extremeoutdoor.com.tr\/index.php\/wp-json\/wp\/v2\/posts\/4256","targetHints":{"allow":["GET"]}}],"collection":[{"href":"https:\/\/blog.extremeoutdoor.com.tr\/index.php\/wp-json\/wp\/v2\/posts"}],"about":[{"href":"https:\/\/blog.extremeoutdoor.com.tr\/index.php\/wp-json\/wp\/v2\/types\/post"}],"author":[{"embeddable":true,"href":"https:\/\/blog.extremeoutdoor.com.tr\/index.php\/wp-json\/wp\/v2\/users\/990005"}],"replies":[{"embeddable":true,"href":"https:\/\/blog.extremeoutdoor.com.tr\/index.php\/wp-json\/wp\/v2\/comments?post=4256"}],"version-history":[{"count":2,"href":"https:\/\/blog.extremeoutdoor.com.tr\/index.php\/wp-json\/wp\/v2\/posts\/4256\/revisions"}],"predecessor-version":[{"id":4267,"href":"https:\/\/blog.extremeoutdoor.com.tr\/index.php\/wp-json\/wp\/v2\/posts\/4256\/revisions\/4267"}],"wp:featuredmedia":[{"embeddable":true,"href":"https:\/\/blog.extremeoutdoor.com.tr\/index.php\/wp-json\/wp\/v2\/media\/4265"}],"wp:attachment":[{"href":"https:\/\/blog.extremeoutdoor.com.tr\/index.php\/wp-json\/wp\/v2\/media?parent=4256"}],"wp:term":[{"taxonomy":"category","embeddable":true,"href":"https:\/\/blog.extremeoutdoor.com.tr\/index.php\/wp-json\/wp\/v2\/categories?post=4256"},{"taxonomy":"post_tag","embeddable":true,"href":"https:\/\/blog.extremeoutdoor.com.tr\/index.php\/wp-json\/wp\/v2\/tags?post=4256"}],"curies":[{"name":"wp","href":"https:\/\/api.w.org\/{rel}","templated":true}]}}