{"id":4578,"date":"2023-05-10T17:44:22","date_gmt":"2023-05-10T14:44:22","guid":{"rendered":"https:\/\/www.blog.extremeoutdoor.com.tr\/?p=4578"},"modified":"2023-05-10T17:44:23","modified_gmt":"2023-05-10T14:44:23","slug":"1900lerin-basindan-gunumuze-sokak-modasi","status":"publish","type":"post","link":"https:\/\/blog.extremeoutdoor.com.tr\/index.php\/2023\/05\/10\/1900lerin-basindan-gunumuze-sokak-modasi\/","title":{"rendered":"1900\u2019LER\u0130N BA\u015eINDAN G\u00dcN\u00dcM\u00dcZE SOKAK MODASI&#8230;"},"content":{"rendered":"<p>Moda, pek \u00e7o\u011fumuz i\u00e7in vazge\u00e7ilmez bir tutku. Ge\u00e7mi\u015ften g\u00fcn\u00fcm\u00fcze etkileyici g\u00f6r\u00fcnmenin anahtarlar\u0131ndan biri olan moda trendleri, i\u00e7inde yaln\u0131zca \u015f\u0131k ve estetik \u00fcr\u00fcnleri de\u011fil, konforlu ve \u00f6zg\u00fcn se\u00e7enekleri de bar\u0131nd\u0131r\u0131yor. Sokak modas\u0131 ise bunun en iyi \u00f6rneklerinden biri. G\u00fcnl\u00fck giyim al\u0131\u015fkanl\u0131klar\u0131n\u0131n estetik ve konforla harmanland\u0131\u011f\u0131 bu moda ak\u0131m\u0131, g\u00fcn\u00fcm\u00fczde giderek daha pop\u00fcler bir hale geliyor. Spor giyim \u00fcr\u00fcnlerinin \u00f6ne \u00e7\u0131kt\u0131\u011f\u0131 sokak modas\u0131n\u0131n ge\u00e7mi\u015ften g\u00fcn\u00fcm\u00fcze kadar olan yolculu\u011funu gelin, birlikte ke\u015ffedelim.&nbsp;<\/p><h2 class=\"wp-block-heading\"><strong>1900\u2019lerde Sokak Modas\u0131 Nas\u0131ld\u0131?<\/strong><\/h2><p>Sokak modas\u0131 denildi\u011finde pek \u00e7o\u011fumuzun akl\u0131nda e\u015fofman ve sweatshirt gibi giyim \u00fcr\u00fcnleri canlan\u0131yor olabilir. Ancak sokak modas\u0131n\u0131n k\u00f6kleri 1900\u2019l\u00fc y\u0131llar\u0131n ba\u015f\u0131na dek uzan\u0131yor. D\u00f6nemin Avrupas\u0131\u2019nda\u00a0ortaya \u00e7\u0131kan ak\u0131m, ilk d\u00f6nemlerde \u00e7o\u011funlukla konfor yerine esteti\u011fi \u00f6n plana al\u0131yordu. Sokak modas\u0131 kad\u0131n ve erkeklerin d\u00f6nem \u015fartlar\u0131nda ayk\u0131r\u0131 de\u011fi\u015fimler yapmas\u0131n\u0131 k\u0131s\u0131tlad\u0131\u011f\u0131ndan bu durumun sebebini anlamak pek de g\u00fc\u00e7 de\u011fil. Yine de sokak stili kad\u0131n giyiminde korselerin daha konforlu bir tasar\u0131ma evrilmesini\u00a0de beraberinde getirdi. Bu d\u00f6nemlerde\u00a0kad\u0131n giyim\u00a0sekt\u00f6r\u00fc, kad\u0131n v\u00fccudunun \u201cS\u201d \u015feklini ald\u0131\u011f\u0131 tasar\u0131mlarla ilerliyordu.<\/p><p>Ancak 1900\u2019l\u00fc y\u0131llar\u0131n ilk ba\u015f\u0131nda sokak stili erkek moda alan\u0131nda \u00f6ne \u00e7\u0131kmaktan olduk\u00e7a uzakt\u0131. \u0130kinci D\u00fcnya Sava\u015f\u0131\u2019na kadar olan s\u00fcre\u00e7te sokak stili, yaln\u0131zca g\u00fcnl\u00fck kad\u0131n ve\u00a0erkek giyim\u00a0\u00fcr\u00fcnlerinde yap\u0131lan geli\u015ftirmelerle \u00f6ne \u00e7\u0131k\u0131yordu. Ancak ilerleyen y\u0131llarda ya\u015fanacak zorlu s\u00fcre\u00e7, sokak stilinin daha b\u00fcy\u00fck \u00f6l\u00e7ekte ses getirmesine \u00f6n ayak olacakt\u0131.\u00a0<\/p><figure class=\"wp-block-image size-full\"><img loading=\"lazy\" decoding=\"async\" width=\"800\" height=\"429\" src=\"https:\/\/www.blog.extremeoutdoor.com.tr\/wp-content\/uploads\/2023\/05\/EXT-864a4ff7b81f2db5d87f559e99395bda.jpg\" alt=\"\" class=\"wp-image-4581\" srcset=\"https:\/\/blog.extremeoutdoor.com.tr\/wp-content\/uploads\/2023\/05\/EXT-864a4ff7b81f2db5d87f559e99395bda.jpg 800w, https:\/\/blog.extremeoutdoor.com.tr\/wp-content\/uploads\/2023\/05\/EXT-864a4ff7b81f2db5d87f559e99395bda-300x161.jpg 300w, https:\/\/blog.extremeoutdoor.com.tr\/wp-content\/uploads\/2023\/05\/EXT-864a4ff7b81f2db5d87f559e99395bda-768x412.jpg 768w, https:\/\/blog.extremeoutdoor.com.tr\/wp-content\/uploads\/2023\/05\/EXT-864a4ff7b81f2db5d87f559e99395bda-370x198.jpg 370w, https:\/\/blog.extremeoutdoor.com.tr\/wp-content\/uploads\/2023\/05\/EXT-864a4ff7b81f2db5d87f559e99395bda-760x408.jpg 760w, https:\/\/blog.extremeoutdoor.com.tr\/wp-content\/uploads\/2023\/05\/EXT-864a4ff7b81f2db5d87f559e99395bda-565x303.jpg 565w, https:\/\/blog.extremeoutdoor.com.tr\/wp-content\/uploads\/2023\/05\/EXT-864a4ff7b81f2db5d87f559e99395bda-600x322.jpg 600w\" sizes=\"auto, (max-width: 800px) 100vw, 800px\" \/><\/figure><h2 class=\"wp-block-heading\"><strong>Sokak Modas\u0131na Y\u00f6n Veren Unsurlar Nelerdir?<\/strong><\/h2><p>\u0130kinci D\u00fcnya Sava\u015f\u0131\u2019nda ya\u015fanan hammadde tedari\u011fi eksikli\u011fi, \u0130ngiltere ve di\u011fer Avrupa \u00fclkelerinde giyim \u00fcr\u00fcnlerinin karneye ba\u011flanmas\u0131 neden oldu. Bu d\u00f6nemde ya\u015fanan g\u00fc\u00e7l\u00fckler, sokak stilinin moda alan\u0131nda \u00f6ne \u00e7\u0131kmas\u0131na \u00f6n ayak oldu. Kad\u0131n ve erkek sokak modas\u0131 alan\u0131nda daha basit tasar\u0131mlara sahip giyim \u00fcr\u00fcnlerinin tercih edilmesi, sokak stilinin ikonik tarz\u0131n\u0131 \u015fekillendirmeye ba\u015flad\u0131. Halk aras\u0131nda be\u011fenilen bu tarz, sava\u015f sonras\u0131 y\u0131llarda da ge\u00e7erlili\u011fini korudu. Sokak modas\u0131na y\u00f6n veren ba\u015fl\u0131ca unsurlar\u0131 \u015fu \u015fekilde s\u0131ralayabiliriz:<\/p><ul class=\"wp-block-list\"><li>\u00d6zellikle zorlu sava\u015f \u015fartlar\u0131n\u0131n yo\u011fun olarak hissedildi\u011fi Avrupa\u2019da tekstil \u00fcr\u00fcnlerine ula\u015f\u0131m\u0131n g\u00fc\u00e7t\u00fc.<\/li>\n\n<li>Ula\u015f\u0131lan malzemeler geleneksel moda ak\u0131mlar\u0131ndan \u00e7ok daha basit ve g\u00fcnl\u00fck kullan\u0131m ihtiya\u00e7lar\u0131na y\u00f6nelik olarak kullan\u0131lmaya ba\u015fland\u0131.<\/li>\n\n<li>Moda d\u00fcnyas\u0131n\u0131n da ihtiyaca y\u00f6nelik \u00fcretime dahil olmas\u0131yla sokak stilinin estetik olarak da desteklendi ve geli\u015fmeye ba\u015flad\u0131.<\/li>\n\n<li>\u0130nsanlar sokak modas\u0131n\u0131n sahip oldu\u011fu konfor ve estetik \u00f6zellikleri benimsedi ve \u00f6zelliklere hayatlar\u0131nda yer verdi b\u00f6ylece moda da insanlara ayak uydurmay\u0131 tercih etti.<\/li><\/ul><p>Sokak modas\u0131na y\u00f6n veren itici unsurun trajik bir \u015fekilde sava\u015f d\u00f6neminde ya\u015fanan tedarik sorunlar\u0131 oldu\u011fu s\u00f6ylenebilir. Moda sekt\u00f6r\u00fcn\u00fcn de bu ak\u0131ma ilgi duymas\u0131yla birlikte bu dezavantaj, sanatsal tasar\u0131m ve dokunu\u015flarla g\u00fc\u00e7lendirildi. Zorlu d\u00f6nemlerde giyim \u00fcr\u00fcnlerinin tasar\u0131m y\u00f6n\u00fcnden zay\u0131f kalmas\u0131, bol kal\u0131pl\u0131 ve sala\u015f olarak tabir edebilece\u011fimiz sokak stili e\u015fofman gibi \u00fcr\u00fcnleri ortaya \u00e7\u0131kard\u0131. Modan\u0131n dokunu\u015fuyla birlikte bu eksiklik giderildi ve moda d\u00fcnyas\u0131na yeni bir kategori dahil edilmi\u015f oldu.\u00a0<\/p><figure class=\"wp-block-image size-large is-resized\"><img decoding=\"async\" src=\"https:\/\/www.blog.extremeoutdoor.com.tr\/wp-content\/uploads\/2023\/05\/EXT-f2d59d353df16fb8b151678b0a242094-739x1024.jpg\" alt=\"\" class=\"wp-image-4582\" width=\"500\" srcset=\"https:\/\/blog.extremeoutdoor.com.tr\/wp-content\/uploads\/2023\/05\/EXT-f2d59d353df16fb8b151678b0a242094-739x1024.jpg 739w, https:\/\/blog.extremeoutdoor.com.tr\/wp-content\/uploads\/2023\/05\/EXT-f2d59d353df16fb8b151678b0a242094-216x300.jpg 216w, https:\/\/blog.extremeoutdoor.com.tr\/wp-content\/uploads\/2023\/05\/EXT-f2d59d353df16fb8b151678b0a242094-768x1065.jpg 768w, https:\/\/blog.extremeoutdoor.com.tr\/wp-content\/uploads\/2023\/05\/EXT-f2d59d353df16fb8b151678b0a242094-370x513.jpg 370w, https:\/\/blog.extremeoutdoor.com.tr\/wp-content\/uploads\/2023\/05\/EXT-f2d59d353df16fb8b151678b0a242094-760x1054.jpg 760w, https:\/\/blog.extremeoutdoor.com.tr\/wp-content\/uploads\/2023\/05\/EXT-f2d59d353df16fb8b151678b0a242094-565x783.jpg 565w, https:\/\/blog.extremeoutdoor.com.tr\/wp-content\/uploads\/2023\/05\/EXT-f2d59d353df16fb8b151678b0a242094-600x832.jpg 600w, https:\/\/blog.extremeoutdoor.com.tr\/wp-content\/uploads\/2023\/05\/EXT-f2d59d353df16fb8b151678b0a242094.jpg 800w\" sizes=\"(max-width: 739px) 100vw, 739px\" \/><\/figure><h2 class=\"wp-block-heading\"><strong>Sokak Modas\u0131 Tekrar m\u0131 Ediyor?<\/strong><\/h2><p>\u0130lerleyen y\u0131llarda sokak modas\u0131, farkl\u0131 ak\u0131mlardan ve d\u00fcnya geli\u015fmelerinden ilham ald\u0131. Ayk\u0131r\u0131 bir yakla\u015f\u0131m\u0131n benimsendi\u011fi sokak modas\u0131, tasar\u0131m ve konforun m\u00fckemmel bir \u015fekilde bir araya getirildi\u011fi bir konsept haline b\u00fcr\u00fcnd\u00fc. Modern \u015fehir merkezlerinde ve gen\u00e7 kitleler aras\u0131nda benimsenen ve devam ettirilen sokak modas\u0131 k\u00fclt\u00fcr\u00fc, g\u00fcn\u00fcm\u00fczde kad\u0131n ve\u00a0erkek ayakkab\u0131\u00a0\u00fcr\u00fcnlerinden aksesuarlara kadar geni\u015f bir yelpazeye eri\u015fti. \u00dcstelik bu \u00fcr\u00fcnlerin hepsinde k\u00fclt\u00fcr\u00fcn \u00f6nemli ikonlar\u0131n\u0131 ve izlerini g\u00f6rmek m\u00fcmk\u00fcn. \u00dcnl\u00fc rock y\u0131ld\u0131zlar\u0131ndan d\u00fcnyan\u0131n farkl\u0131 k\u00fclt\u00fcrlerine ait motiflere kadar pek \u00e7ok detay, sokak modas\u0131n\u0131 besleyen \u00f6nemli unsurlar.\u00a0<\/p><p>Son y\u0131llarda ad\u0131n\u0131 s\u0131k\u00e7a duydu\u011fumuz sokak modas\u0131n\u0131n g\u00fcn\u00fcm\u00fczde tekrar reva\u00e7ta bir moda ak\u0131m\u0131 haline gelmesi pek de \u015fa\u015f\u0131rt\u0131c\u0131 de\u011fil. Dinamik ve \u00f6zg\u00fcn tarzlar\u0131 yans\u0131tan sokak modas\u0131, dev moda markalar\u0131n\u0131n da kat\u0131l\u0131m\u0131yla birlikte d\u00fcnya \u00e7ap\u0131nda b\u00fcy\u00fck ilgi g\u00f6r\u00fcyor. B\u00fcy\u00fck markalar\u0131n d\u00fcnya \u00e7ap\u0131nda ses getiren yaz ve k\u0131\u015f sokak modas\u0131 kreasyonlar\u0131, bu dinamik moda alt k\u00fclt\u00fcr\u00fcn\u00fcn ya\u015famaya devam etti\u011fini g\u00f6zler \u00f6n\u00fcne seriyor.\u00a0Kad\u0131n ayakkab\u0131\u00a0modellerinin klasik stillerden \u00e7arp\u0131c\u0131 tasar\u0131mlara evrildi\u011fi sokak modas\u0131n\u0131n, ilgi \u00e7ekici hikayesiyle ge\u00e7mi\u015ften g\u00fcn\u00fcm\u00fcze ve hatta gelecekte de modan\u0131n vazge\u00e7ilmez bir par\u00e7as\u0131 olmay\u0131 s\u00fcrd\u00fcrmesi bekleniyor.\u00a0<\/p><figure class=\"wp-block-image size-large is-resized\"><img decoding=\"async\" src=\"https:\/\/www.blog.extremeoutdoor.com.tr\/wp-content\/uploads\/2023\/05\/EXT-6b3db65a9496e27f1b254b4bda22c333-707x1024.jpg\" alt=\"\" class=\"wp-image-4580\" width=\"500\" srcset=\"https:\/\/blog.extremeoutdoor.com.tr\/wp-content\/uploads\/2023\/05\/EXT-6b3db65a9496e27f1b254b4bda22c333-707x1024.jpg 707w, https:\/\/blog.extremeoutdoor.com.tr\/wp-content\/uploads\/2023\/05\/EXT-6b3db65a9496e27f1b254b4bda22c333-207x300.jpg 207w, https:\/\/blog.extremeoutdoor.com.tr\/wp-content\/uploads\/2023\/05\/EXT-6b3db65a9496e27f1b254b4bda22c333-768x1112.jpg 768w, https:\/\/blog.extremeoutdoor.com.tr\/wp-content\/uploads\/2023\/05\/EXT-6b3db65a9496e27f1b254b4bda22c333-370x536.jpg 370w, https:\/\/blog.extremeoutdoor.com.tr\/wp-content\/uploads\/2023\/05\/EXT-6b3db65a9496e27f1b254b4bda22c333-760x1100.jpg 760w, https:\/\/blog.extremeoutdoor.com.tr\/wp-content\/uploads\/2023\/05\/EXT-6b3db65a9496e27f1b254b4bda22c333-565x818.jpg 565w, https:\/\/blog.extremeoutdoor.com.tr\/wp-content\/uploads\/2023\/05\/EXT-6b3db65a9496e27f1b254b4bda22c333-600x869.jpg 600w, https:\/\/blog.extremeoutdoor.com.tr\/wp-content\/uploads\/2023\/05\/EXT-6b3db65a9496e27f1b254b4bda22c333.jpg 800w\" sizes=\"(max-width: 707px) 100vw, 707px\" \/><\/figure>\n\n<div class=\"kk-star-ratings kksr-auto kksr-align-right kksr-valign-bottom\"\n    data-payload='{&quot;align&quot;:&quot;right&quot;,&quot;id&quot;:&quot;4578&quot;,&quot;slug&quot;:&quot;default&quot;,&quot;valign&quot;:&quot;bottom&quot;,&quot;ignore&quot;:&quot;&quot;,&quot;reference&quot;:&quot;auto&quot;,&quot;class&quot;:&quot;&quot;,&quot;count&quot;:&quot;0&quot;,&quot;legendonly&quot;:&quot;&quot;,&quot;readonly&quot;:&quot;&quot;,&quot;score&quot;:&quot;0&quot;,&quot;starsonly&quot;:&quot;&quot;,&quot;best&quot;:&quot;5&quot;,&quot;gap&quot;:&quot;5&quot;,&quot;greet&quot;:&quot;Oylama Yap&quot;,&quot;legend&quot;:&quot;0\\\/5 - (0 votes)&quot;,&quot;size&quot;:&quot;24&quot;,&quot;title&quot;:&quot;1900\u2019LER\u0130N BA\u015eINDAN G\u00dcN\u00dcM\u00dcZE SOKAK MODASI...&quot;,&quot;width&quot;:&quot;0&quot;,&quot;_legend&quot;:&quot;{score}\\\/{best} - ({count} {votes})&quot;,&quot;font_factor&quot;:&quot;1.25&quot;}'>\n            \n<div class=\"kksr-stars\">\n    \n<div class=\"kksr-stars-inactive\">\n            <div class=\"kksr-star\" data-star=\"1\" style=\"padding-right: 5px\">\n            \n\n<div class=\"kksr-icon\" style=\"width: 24px; height: 24px;\"><\/div>\n        <\/div>\n            <div class=\"kksr-star\" data-star=\"2\" style=\"padding-right: 5px\">\n            \n\n<div class=\"kksr-icon\" style=\"width: 24px; height: 24px;\"><\/div>\n        <\/div>\n            <div class=\"kksr-star\" data-star=\"3\" style=\"padding-right: 5px\">\n            \n\n<div class=\"kksr-icon\" style=\"width: 24px; height: 24px;\"><\/div>\n        <\/div>\n            <div class=\"kksr-star\" data-star=\"4\" style=\"padding-right: 5px\">\n            \n\n<div class=\"kksr-icon\" style=\"width: 24px; height: 24px;\"><\/div>\n        <\/div>\n            <div class=\"kksr-star\" data-star=\"5\" style=\"padding-right: 5px\">\n            \n\n<div class=\"kksr-icon\" style=\"width: 24px; height: 24px;\"><\/div>\n        <\/div>\n    <\/div>\n    \n<div class=\"kksr-stars-active\" style=\"width: 0px;\">\n            <div class=\"kksr-star\" style=\"padding-right: 5px\">\n            \n\n<div class=\"kksr-icon\" style=\"width: 24px; height: 24px;\"><\/div>\n        <\/div>\n            <div class=\"kksr-star\" style=\"padding-right: 5px\">\n            \n\n<div class=\"kksr-icon\" style=\"width: 24px; height: 24px;\"><\/div>\n        <\/div>\n            <div class=\"kksr-star\" style=\"padding-right: 5px\">\n            \n\n<div class=\"kksr-icon\" style=\"width: 24px; height: 24px;\"><\/div>\n        <\/div>\n            <div class=\"kksr-star\" style=\"padding-right: 5px\">\n            \n\n<div class=\"kksr-icon\" style=\"width: 24px; height: 24px;\"><\/div>\n        <\/div>\n            <div class=\"kksr-star\" style=\"padding-right: 5px\">\n            \n\n<div class=\"kksr-icon\" style=\"width: 24px; height: 24px;\"><\/div>\n        <\/div>\n    <\/div>\n<\/div>\n                \n\n<div class=\"kksr-legend\" style=\"font-size: 19.2px;\">\n            <span class=\"kksr-muted\">Oylama Yap<\/span>\n    <\/div>\n    <\/div>\n","protected":false},"excerpt":{"rendered":"<p>Moda, pek \u00e7o\u011fumuz i\u00e7in vazge\u00e7ilmez bir tutku. Ge\u00e7mi\u015ften g\u00fcn\u00fcm\u00fcze etkileyici g\u00f6r\u00fcnmenin anahtarlar\u0131ndan biri olan moda trendleri, i\u00e7inde yaln\u0131zca \u015f\u0131k ve&hellip;<\/p>\n","protected":false},"author":990005,"featured_media":4579,"comment_status":"open","ping_status":"open","sticky":false,"template":"","format":"standard","meta":{"footnotes":""},"categories":[639],"tags":[],"class_list":["post-4578","post","type-post","status-publish","format-standard","has-post-thumbnail","hentry","category-moda"],"_links":{"self":[{"href":"https:\/\/blog.extremeoutdoor.com.tr\/index.php\/wp-json\/wp\/v2\/posts\/4578","targetHints":{"allow":["GET"]}}],"collection":[{"href":"https:\/\/blog.extremeoutdoor.com.tr\/index.php\/wp-json\/wp\/v2\/posts"}],"about":[{"href":"https:\/\/blog.extremeoutdoor.com.tr\/index.php\/wp-json\/wp\/v2\/types\/post"}],"author":[{"embeddable":true,"href":"https:\/\/blog.extremeoutdoor.com.tr\/index.php\/wp-json\/wp\/v2\/users\/990005"}],"replies":[{"embeddable":true,"href":"https:\/\/blog.extremeoutdoor.com.tr\/index.php\/wp-json\/wp\/v2\/comments?post=4578"}],"version-history":[{"count":1,"href":"https:\/\/blog.extremeoutdoor.com.tr\/index.php\/wp-json\/wp\/v2\/posts\/4578\/revisions"}],"predecessor-version":[{"id":4583,"href":"https:\/\/blog.extremeoutdoor.com.tr\/index.php\/wp-json\/wp\/v2\/posts\/4578\/revisions\/4583"}],"wp:featuredmedia":[{"embeddable":true,"href":"https:\/\/blog.extremeoutdoor.com.tr\/index.php\/wp-json\/wp\/v2\/media\/4579"}],"wp:attachment":[{"href":"https:\/\/blog.extremeoutdoor.com.tr\/index.php\/wp-json\/wp\/v2\/media?parent=4578"}],"wp:term":[{"taxonomy":"category","embeddable":true,"href":"https:\/\/blog.extremeoutdoor.com.tr\/index.php\/wp-json\/wp\/v2\/categories?post=4578"},{"taxonomy":"post_tag","embeddable":true,"href":"https:\/\/blog.extremeoutdoor.com.tr\/index.php\/wp-json\/wp\/v2\/tags?post=4578"}],"curies":[{"name":"wp","href":"https:\/\/api.w.org\/{rel}","templated":true}]}}