{"id":4627,"date":"2023-05-11T18:39:05","date_gmt":"2023-05-11T15:39:05","guid":{"rendered":"https:\/\/www.blog.extremeoutdoor.com.tr\/?p=4627"},"modified":"2023-05-11T18:39:06","modified_gmt":"2023-05-11T15:39:06","slug":"dogru-valiz-secimi-nasil-yapilir","status":"publish","type":"post","link":"https:\/\/blog.extremeoutdoor.com.tr\/index.php\/2023\/05\/11\/dogru-valiz-secimi-nasil-yapilir\/","title":{"rendered":"Do\u011fru Valiz Se\u00e7imi Nas\u0131l Yap\u0131l\u0131r?"},"content":{"rendered":"<p>T\u00fcm y\u0131l \u00e7al\u0131\u015ft\u0131n\u0131z, enerjinizin \u00e7o\u011funu \u00e7al\u0131\u015fmaya verdiniz ve g\u00fczel bir tatili hak etti\u011finizi d\u00fc\u015f\u00fcn\u00fcyorsunuz, de\u011fil mi? Bizce de \u00f6yle!<\/p><p>Tatil sizin i\u00e7in ne ifade ediyor? G\u00fcne\u015flenmek, denizin ve kumun tad\u0131n\u0131 \u00e7\u0131karmak, bol bol D vitamini almak, gezmek, dola\u015fmak, yeni yerler ke\u015ffetmek mi yoksa k\u00fclt\u00fcrel ve tarihi b\u00f6lgeleri gezmek mi? Hi\u00e7 fark etmez! Her iki tercih i\u00e7in de yap\u0131lmas\u0131 gerekenlerden biri do\u011fru valizi bulmak ve onunla yola \u00e7\u0131kmakt\u0131r.<\/p><figure class=\"wp-block-image size-full\"><img loading=\"lazy\" decoding=\"async\" width=\"800\" height=\"444\" src=\"https:\/\/www.blog.extremeoutdoor.com.tr\/wp-content\/uploads\/2023\/05\/EXT-w0xiBZca82hT1Yte-636693388435265164.jpg\" alt=\"\" class=\"wp-image-4630\" srcset=\"https:\/\/blog.extremeoutdoor.com.tr\/wp-content\/uploads\/2023\/05\/EXT-w0xiBZca82hT1Yte-636693388435265164.jpg 800w, https:\/\/blog.extremeoutdoor.com.tr\/wp-content\/uploads\/2023\/05\/EXT-w0xiBZca82hT1Yte-636693388435265164-300x167.jpg 300w, https:\/\/blog.extremeoutdoor.com.tr\/wp-content\/uploads\/2023\/05\/EXT-w0xiBZca82hT1Yte-636693388435265164-768x426.jpg 768w, https:\/\/blog.extremeoutdoor.com.tr\/wp-content\/uploads\/2023\/05\/EXT-w0xiBZca82hT1Yte-636693388435265164-370x205.jpg 370w, https:\/\/blog.extremeoutdoor.com.tr\/wp-content\/uploads\/2023\/05\/EXT-w0xiBZca82hT1Yte-636693388435265164-760x422.jpg 760w, https:\/\/blog.extremeoutdoor.com.tr\/wp-content\/uploads\/2023\/05\/EXT-w0xiBZca82hT1Yte-636693388435265164-565x314.jpg 565w, https:\/\/blog.extremeoutdoor.com.tr\/wp-content\/uploads\/2023\/05\/EXT-w0xiBZca82hT1Yte-636693388435265164-600x333.jpg 600w\" sizes=\"auto, (max-width: 800px) 100vw, 800px\" \/><\/figure><h2 class=\"wp-block-heading\">Hangi ula\u015f\u0131m se\u00e7ene\u011fini tercih edeceksiniz?<\/h2><p>Otob\u00fcsle mi seyahat etmeye karar verdiniz, yoksa u\u00e7akla m\u0131 seyahat edeceksiniz? Ula\u015f\u0131m se\u00e7ene\u011finize g\u00f6re yan\u0131n\u0131za alman\u0131z gereken e\u015fya ve e\u015fya miktar\u0131 da de\u011fi\u015fim g\u00f6sterecektir. Bunu g\u00f6z \u00f6n\u00fcnde bulundurman\u0131z hem daha ekonomik hem de daha konforlu bir tatil yapman\u0131z\u0131 sa\u011flayacakt\u0131r. Otomobille seyahat edecekseniz yan\u0131n\u0131za diledi\u011finiz her \u015feyi alabilirsiniz ancak bu durum u\u00e7akta ge\u00e7erli olmayacakt\u0131r. \u00c7\u00fcnk\u00fc u\u00e7a\u011fa bini\u015fte, belirli bir y\u00fck ta\u015f\u0131ma hakk\u0131n\u0131z mevcuttur.<\/p><h2 class=\"wp-block-heading\">Nereye seyahat edeceksiniz?<\/h2><p>Nereye seyahat etti\u011finiz se\u00e7tiyseniz s\u0131ra valiz haz\u0131rl\u0131\u011f\u0131na geldi demektir. Uzak bir yere gitmeyi mi planl\u0131yorsunuz yoksa yak\u0131nlarda olmay\u0131 m\u0131 tercih ediyorsunuz? Uzak bir yere gidecekseniz, valizinize koyaca\u011f\u0131n\u0131z e\u015fya say\u0131s\u0131 da daha \u00e7ok olacakt\u0131r. Bundan dolay\u0131 da b\u00fcy\u00fck bir valiz haz\u0131rlay\u0131p hi\u00e7bir e\u015fyan\u0131z\u0131 unutmaman\u0131z gerekebilir. Peki ya seyahat edece\u011finiz \u015fehir veya \u015fehirlerin co\u011frafi \u00f6zelliklerini de incelediniz mi? \u00d6rne\u011fin, b\u00f6lgenin iklim yap\u0131s\u0131, hava durumu vs. t\u00fcm bu bilgiler iyi bir\u00a0bavul\u00a0haz\u0131rlamak i\u00e7in fark yaratabilir. \u00c7\u00fcnk\u00fc e\u011fer ya\u011fmurun bol olaca\u011f\u0131 bir b\u00f6lgeye seyahat edecekseniz valizinizin i\u00e7ine koyaca\u011f\u0131n\u0131z e\u015fyalar da daha kal\u0131n ve o y\u00f6reye uygun e\u015fyalar olacakt\u0131r. K\u0131sacas\u0131, valizinizdeki e\u015fyalar, seyahat etti\u011finiz \u00fclkenin\/\u015fehrin hava durumuna g\u00f6re de\u011fi\u015fkenlik g\u00f6sterebilir<\/p><figure class=\"wp-block-image size-full\"><img loading=\"lazy\" decoding=\"async\" width=\"800\" height=\"473\" src=\"https:\/\/www.blog.extremeoutdoor.com.tr\/wp-content\/uploads\/2023\/05\/EXT-image_match.jpg\" alt=\"\" class=\"wp-image-4631\" srcset=\"https:\/\/blog.extremeoutdoor.com.tr\/wp-content\/uploads\/2023\/05\/EXT-image_match.jpg 800w, https:\/\/blog.extremeoutdoor.com.tr\/wp-content\/uploads\/2023\/05\/EXT-image_match-300x177.jpg 300w, https:\/\/blog.extremeoutdoor.com.tr\/wp-content\/uploads\/2023\/05\/EXT-image_match-768x454.jpg 768w, https:\/\/blog.extremeoutdoor.com.tr\/wp-content\/uploads\/2023\/05\/EXT-image_match-370x219.jpg 370w, https:\/\/blog.extremeoutdoor.com.tr\/wp-content\/uploads\/2023\/05\/EXT-image_match-760x449.jpg 760w, https:\/\/blog.extremeoutdoor.com.tr\/wp-content\/uploads\/2023\/05\/EXT-image_match-565x334.jpg 565w, https:\/\/blog.extremeoutdoor.com.tr\/wp-content\/uploads\/2023\/05\/EXT-image_match-600x355.jpg 600w\" sizes=\"auto, (max-width: 800px) 100vw, 800px\" \/><\/figure><h2 class=\"wp-block-heading\">Ka\u00e7 ki\u015filik bir tatil program\u0131 yapt\u0131n\u0131z?<\/h2><p>\u00c7ocuklu bir aile misiniz? Ya da tek ba\u015f\u0131na m\u0131 tatile \u00e7\u0131kacaks\u0131n\u0131z? Ya da en yak\u0131n arkada\u015flar\u0131n\u0131zla ortak bir bavul mu haz\u0131rlayacaks\u0131n\u0131z? O halde valizinizin boyutu, yap\u0131s\u0131, hacmi de de\u011fi\u015fiklik g\u00f6sterecektir. \u00d6rne\u011fin, \u00e7ocuklu bir aileyseniz b\u00fcy\u00fck bir valiz se\u00e7melisiniz ki \u00e7ocu\u011funuzun ihtiya\u00e7 duyaca\u011f\u0131 t\u00fcm e\u015fyalar\u0131 bir arada tutabilesiniz.<\/p><h2 class=\"wp-block-heading\">En \u00e7ok ihtiya\u00e7 duyaca\u011f\u0131n\u0131z e\u015fyalar neler?<\/h2><p>Valiz haz\u0131rlarken en \u00e7ok dikkat etmeniz gereken \u015fey, neye ihtiyac\u0131n\u0131z\u0131n oldu\u011funu iyi bir \u015fekilde tespit etmek olacakt\u0131r. \u00c7\u00fcnk\u00fc bir ihtiya\u00e7 listesi yapmad\u0131k\u00e7a ya bir \u015feyleri unutacak ya da yan\u0131n\u0131za gereksiz e\u015fyalar\u0131 al\u0131p seyahat konforunuzdan \u00f6d\u00fcn\u00e7 vereceksiniz. \u0130\u015fte bu gibi durumlardan ka\u00e7\u0131nmak i\u00e7in seyahat listesi haz\u0131rlamak tam bir \u00e7\u00f6z\u00fcm yolu!<\/p><figure class=\"wp-block-image size-full\"><img loading=\"lazy\" decoding=\"async\" width=\"800\" height=\"454\" src=\"https:\/\/www.blog.extremeoutdoor.com.tr\/wp-content\/uploads\/2023\/05\/EXT-30910.jpg\" alt=\"\" class=\"wp-image-4632\" srcset=\"https:\/\/blog.extremeoutdoor.com.tr\/wp-content\/uploads\/2023\/05\/EXT-30910.jpg 800w, https:\/\/blog.extremeoutdoor.com.tr\/wp-content\/uploads\/2023\/05\/EXT-30910-300x170.jpg 300w, https:\/\/blog.extremeoutdoor.com.tr\/wp-content\/uploads\/2023\/05\/EXT-30910-768x436.jpg 768w, https:\/\/blog.extremeoutdoor.com.tr\/wp-content\/uploads\/2023\/05\/EXT-30910-370x210.jpg 370w, https:\/\/blog.extremeoutdoor.com.tr\/wp-content\/uploads\/2023\/05\/EXT-30910-760x431.jpg 760w, https:\/\/blog.extremeoutdoor.com.tr\/wp-content\/uploads\/2023\/05\/EXT-30910-565x321.jpg 565w, https:\/\/blog.extremeoutdoor.com.tr\/wp-content\/uploads\/2023\/05\/EXT-30910-600x341.jpg 600w, https:\/\/blog.extremeoutdoor.com.tr\/wp-content\/uploads\/2023\/05\/EXT-30910-270x152.jpg 270w\" sizes=\"auto, (max-width: 800px) 100vw, 800px\" \/><\/figure><h2 class=\"wp-block-heading\">Tatiliniz ne kadar s\u00fcrecek?<\/h2><p>Bu sorunun cevab\u0131, sizde! Tatilinizin ne kadar s\u00fcrece\u011fini bilirseniz, valizinizi de o kadar rahat bir \u015fekilde haz\u0131rlayabilirsiniz. \u00c7\u00fcnk\u00fc, tatilinizin s\u00fcresi valiz tipinizi hatta valiz haz\u0131rlama s\u00fcrecinizi do\u011frudan de\u011fi\u015ftirebilir.<\/p><h2 class=\"wp-block-heading\">Seyahate \u00e7\u0131kt\u0131\u011f\u0131n\u0131z \u015fehre\/\u00fclkeye bir daha ne zaman geleceksiniz?<\/h2><p>Bu soru da seyahate veya tatile \u00e7\u0131kmadan \u00f6nce kendinize sorman\u0131z gereken sorular aras\u0131nda yer almaktad\u0131r. Kendinize \u015funu sorun: Ben buraya bir daha ne zaman gelebilirim? Aylarca u\u011framayacak m\u0131y\u0131m yoksa yak\u0131n zamanda d\u00f6ner miyim? \u0130\u015fte kilit sorular bunlar! E\u011fer yak\u0131n zamanda d\u00f6necekseniz temel e\u015fyalar\u0131n\u0131z\u0131 valizinize koyman\u0131z yeterli olacakt\u0131r. Ancak aylarca d\u00f6n\u00fc\u015f yapmayacaksan\u0131z, temel ihtiya\u00e7lar\u0131n\u0131zdan fazlas\u0131n\u0131 da yan\u0131n\u0131zda g\u00f6t\u00fcrmelisiniz ki endi\u015feye yer kalmas\u0131n.<\/p><figure class=\"wp-block-image size-full is-resized\"><img decoding=\"async\" src=\"https:\/\/www.blog.extremeoutdoor.com.tr\/wp-content\/uploads\/2023\/05\/EXT-en-iyi-valiz.jpg\" alt=\"\" class=\"wp-image-4629\" width=\"800\" srcset=\"https:\/\/blog.extremeoutdoor.com.tr\/wp-content\/uploads\/2023\/05\/EXT-en-iyi-valiz.jpg 800w, https:\/\/blog.extremeoutdoor.com.tr\/wp-content\/uploads\/2023\/05\/EXT-en-iyi-valiz-300x200.jpg 300w, https:\/\/blog.extremeoutdoor.com.tr\/wp-content\/uploads\/2023\/05\/EXT-en-iyi-valiz-768x512.jpg 768w, https:\/\/blog.extremeoutdoor.com.tr\/wp-content\/uploads\/2023\/05\/EXT-en-iyi-valiz-370x247.jpg 370w, https:\/\/blog.extremeoutdoor.com.tr\/wp-content\/uploads\/2023\/05\/EXT-en-iyi-valiz-760x506.jpg 760w, https:\/\/blog.extremeoutdoor.com.tr\/wp-content\/uploads\/2023\/05\/EXT-en-iyi-valiz-565x376.jpg 565w, https:\/\/blog.extremeoutdoor.com.tr\/wp-content\/uploads\/2023\/05\/EXT-en-iyi-valiz-600x400.jpg 600w\" sizes=\"(max-width: 800px) 100vw, 800px\" \/><\/figure>\n\n<div class=\"kk-star-ratings kksr-auto kksr-align-right kksr-valign-bottom\"\n    data-payload='{&quot;align&quot;:&quot;right&quot;,&quot;id&quot;:&quot;4627&quot;,&quot;slug&quot;:&quot;default&quot;,&quot;valign&quot;:&quot;bottom&quot;,&quot;ignore&quot;:&quot;&quot;,&quot;reference&quot;:&quot;auto&quot;,&quot;class&quot;:&quot;&quot;,&quot;count&quot;:&quot;0&quot;,&quot;legendonly&quot;:&quot;&quot;,&quot;readonly&quot;:&quot;&quot;,&quot;score&quot;:&quot;0&quot;,&quot;starsonly&quot;:&quot;&quot;,&quot;best&quot;:&quot;5&quot;,&quot;gap&quot;:&quot;5&quot;,&quot;greet&quot;:&quot;Oylama Yap&quot;,&quot;legend&quot;:&quot;0\\\/5 - (0 votes)&quot;,&quot;size&quot;:&quot;24&quot;,&quot;title&quot;:&quot;Do\u011fru Valiz Se\u00e7imi Nas\u0131l Yap\u0131l\u0131r?&quot;,&quot;width&quot;:&quot;0&quot;,&quot;_legend&quot;:&quot;{score}\\\/{best} - ({count} {votes})&quot;,&quot;font_factor&quot;:&quot;1.25&quot;}'>\n            \n<div class=\"kksr-stars\">\n    \n<div class=\"kksr-stars-inactive\">\n            <div class=\"kksr-star\" data-star=\"1\" style=\"padding-right: 5px\">\n            \n\n<div class=\"kksr-icon\" style=\"width: 24px; height: 24px;\"><\/div>\n        <\/div>\n            <div class=\"kksr-star\" data-star=\"2\" style=\"padding-right: 5px\">\n            \n\n<div class=\"kksr-icon\" style=\"width: 24px; height: 24px;\"><\/div>\n        <\/div>\n            <div class=\"kksr-star\" data-star=\"3\" style=\"padding-right: 5px\">\n            \n\n<div class=\"kksr-icon\" style=\"width: 24px; height: 24px;\"><\/div>\n        <\/div>\n            <div class=\"kksr-star\" data-star=\"4\" style=\"padding-right: 5px\">\n            \n\n<div class=\"kksr-icon\" style=\"width: 24px; height: 24px;\"><\/div>\n        <\/div>\n            <div class=\"kksr-star\" data-star=\"5\" style=\"padding-right: 5px\">\n            \n\n<div class=\"kksr-icon\" style=\"width: 24px; height: 24px;\"><\/div>\n        <\/div>\n    <\/div>\n    \n<div class=\"kksr-stars-active\" style=\"width: 0px;\">\n            <div class=\"kksr-star\" style=\"padding-right: 5px\">\n            \n\n<div class=\"kksr-icon\" style=\"width: 24px; height: 24px;\"><\/div>\n        <\/div>\n            <div class=\"kksr-star\" style=\"padding-right: 5px\">\n            \n\n<div class=\"kksr-icon\" style=\"width: 24px; height: 24px;\"><\/div>\n        <\/div>\n            <div class=\"kksr-star\" style=\"padding-right: 5px\">\n            \n\n<div class=\"kksr-icon\" style=\"width: 24px; height: 24px;\"><\/div>\n        <\/div>\n            <div class=\"kksr-star\" style=\"padding-right: 5px\">\n            \n\n<div class=\"kksr-icon\" style=\"width: 24px; height: 24px;\"><\/div>\n        <\/div>\n            <div class=\"kksr-star\" style=\"padding-right: 5px\">\n            \n\n<div class=\"kksr-icon\" style=\"width: 24px; height: 24px;\"><\/div>\n        <\/div>\n    <\/div>\n<\/div>\n                \n\n<div class=\"kksr-legend\" style=\"font-size: 19.2px;\">\n            <span class=\"kksr-muted\">Oylama Yap<\/span>\n    <\/div>\n    <\/div>\n","protected":false},"excerpt":{"rendered":"<p>T\u00fcm y\u0131l \u00e7al\u0131\u015ft\u0131n\u0131z, enerjinizin \u00e7o\u011funu \u00e7al\u0131\u015fmaya verdiniz ve g\u00fczel bir tatili hak etti\u011finizi d\u00fc\u015f\u00fcn\u00fcyorsunuz, de\u011fil mi? Bizce de \u00f6yle! Tatil&hellip;<\/p>\n","protected":false},"author":990005,"featured_media":4628,"comment_status":"open","ping_status":"open","sticky":false,"template":"","format":"standard","meta":{"footnotes":""},"categories":[67],"tags":[127,999,1000,1002,1001],"class_list":["post-4627","post","type-post","status-publish","format-standard","has-post-thumbnail","hentry","category-seyahat","tag-extreme-outdoor-blog","tag-seyahat","tag-seyahat-valizi","tag-seyahat-valizi-secerken-nelere-dikkaet-etmeliyiz","tag-seyahat-valizi-secimi"],"_links":{"self":[{"href":"https:\/\/blog.extremeoutdoor.com.tr\/index.php\/wp-json\/wp\/v2\/posts\/4627","targetHints":{"allow":["GET"]}}],"collection":[{"href":"https:\/\/blog.extremeoutdoor.com.tr\/index.php\/wp-json\/wp\/v2\/posts"}],"about":[{"href":"https:\/\/blog.extremeoutdoor.com.tr\/index.php\/wp-json\/wp\/v2\/types\/post"}],"author":[{"embeddable":true,"href":"https:\/\/blog.extremeoutdoor.com.tr\/index.php\/wp-json\/wp\/v2\/users\/990005"}],"replies":[{"embeddable":true,"href":"https:\/\/blog.extremeoutdoor.com.tr\/index.php\/wp-json\/wp\/v2\/comments?post=4627"}],"version-history":[{"count":1,"href":"https:\/\/blog.extremeoutdoor.com.tr\/index.php\/wp-json\/wp\/v2\/posts\/4627\/revisions"}],"predecessor-version":[{"id":4633,"href":"https:\/\/blog.extremeoutdoor.com.tr\/index.php\/wp-json\/wp\/v2\/posts\/4627\/revisions\/4633"}],"wp:featuredmedia":[{"embeddable":true,"href":"https:\/\/blog.extremeoutdoor.com.tr\/index.php\/wp-json\/wp\/v2\/media\/4628"}],"wp:attachment":[{"href":"https:\/\/blog.extremeoutdoor.com.tr\/index.php\/wp-json\/wp\/v2\/media?parent=4627"}],"wp:term":[{"taxonomy":"category","embeddable":true,"href":"https:\/\/blog.extremeoutdoor.com.tr\/index.php\/wp-json\/wp\/v2\/categories?post=4627"},{"taxonomy":"post_tag","embeddable":true,"href":"https:\/\/blog.extremeoutdoor.com.tr\/index.php\/wp-json\/wp\/v2\/tags?post=4627"}],"curies":[{"name":"wp","href":"https:\/\/api.w.org\/{rel}","templated":true}]}}