{"id":4701,"date":"2023-05-16T15:10:41","date_gmt":"2023-05-16T12:10:41","guid":{"rendered":"https:\/\/www.blog.extremeoutdoor.com.tr\/?p=4701"},"modified":"2023-05-16T15:10:41","modified_gmt":"2023-05-16T12:10:41","slug":"19-mayis-genclik-ve-spor-bayrami-ataturk-ve-spor-anlayisi","status":"publish","type":"post","link":"https:\/\/blog.extremeoutdoor.com.tr\/index.php\/2023\/05\/16\/19-mayis-genclik-ve-spor-bayrami-ataturk-ve-spor-anlayisi\/","title":{"rendered":"19 May\u0131s Gen\u00e7lik ve Spor Bayram\u0131: Atat\u00fcrk ve Spor Anlay\u0131\u015f\u0131"},"content":{"rendered":"<p>19 May\u0131s&#8217;\u0131 her y\u0131l &#8220;Gen\u00e7lik ve Spor Bayram\u0131&#8221; olarak kutluyoruz. Bu \u00f6zel g\u00fcn\u00fcn kutlanmas\u0131, T\u00fcrkiye Cumhuriyeti&#8217;nin kurucusu Mustafa Kemal Atat\u00fcrk&#8217;\u00fcn 19 May\u0131s 1919 tarihinde Samsun&#8217;a \u00e7\u0131karak milli m\u00fccadeleyi ba\u015flatmas\u0131 ile ba\u015flad\u0131. Atat\u00fcrk, sadece T\u00fcrkiye&#8217;nin ba\u011f\u0131ms\u0131zl\u0131\u011f\u0131 i\u00e7in m\u00fccadele etmekle kalmad\u0131, ayn\u0131 zamanda gen\u00e7lerin e\u011fitimi ve spor yapma f\u0131rsatlar\u0131na da b\u00fcy\u00fck \u00f6nem verdi ve bu g\u00fcn\u00fc gen\u00e7lere arma\u011fan etti.&nbsp;<\/p><h2 class=\"wp-block-heading\"><strong>Atat\u00fcrk\u2019\u00fcn Spor Anlay\u0131\u015f\u0131<\/strong><\/h2><p>Atat\u00fcrk&#8217;\u00fcn spor anlay\u0131\u015f\u0131, sadece fiziksel sa\u011fl\u0131k ve g\u00fc\u00e7lenmeyle s\u0131n\u0131rl\u0131 kalmayan bir yakla\u015f\u0131md\u0131. O, sporun gen\u00e7lerin zihinsel, duygusal ve sosyal geli\u015fimlerinde de \u00f6nemli bir rol oynad\u0131\u011f\u0131na inan\u0131yordu. Atat\u00fcrk&#8217;\u00fcn &#8220;sa\u011flam kafa sa\u011flam v\u00fccutta bulunur&#8221; s\u00f6z\u00fc, gen\u00e7lerin sadece fiziksel olarak g\u00fc\u00e7lenmesinin de\u011fil, ayn\u0131 zamanda zihinsel olarak da geli\u015fmesinin \u00f6nemini vurgulamaktad\u0131r.<\/p><p>Atat\u00fcrk, T\u00fcrkiye&#8217;de sporu yayg\u0131nla\u015ft\u0131rmak ve geli\u015ftirmek i\u00e7in bir\u00e7ok ad\u0131m atm\u0131\u015ft\u0131r. 1923 y\u0131l\u0131nda, T\u00fcrkiye&#8217;deki ilk spor organizasyonu olan T\u00fcrkiye Futbol Federasyonu kuruldu. Ayn\u0131 y\u0131l i\u00e7inde, \u0130stanbul&#8217;da T\u00fcrk Spor Kurumu da kuruldu. Bu kurulu\u015f, T\u00fcrkiye&#8217;deki spor faaliyetlerini d\u00fczenlemek, sporcu yeti\u015ftirmek ve spor alanlar\u0131n\u0131n yap\u0131m\u0131n\u0131 te\u015fvik etmek amac\u0131yla kurulmu\u015ftu.&nbsp;<\/p><p>Atat\u00fcrk, sadece futbol gibi pop\u00fcler sporlar\u0131n geli\u015fmesi i\u00e7in de\u011fil, ayn\u0131 zamanda daha az bilinen sporlar\u0131n da yayg\u0131nla\u015fmas\u0131 i\u00e7in \u00e7al\u0131\u015ft\u0131. \u00d6rne\u011fin, Atat\u00fcrk&#8217;\u00fcn te\u015fvikiyle 1934 y\u0131l\u0131nda T\u00fcrkiye Atletizm Federasyonu kuruldu. Ayr\u0131ca, Atat\u00fcrk&#8217;\u00fcn \u00e7ocuklar\u0131n spor yapma f\u0131rsatlar\u0131na eri\u015fimini art\u0131rmak i\u00e7in okullarda spor e\u011fitimine \u00f6nem verdi\u011fi bilinmektedir.<\/p><p>Atat\u00fcrk&#8217;\u00fcn spor anlay\u0131\u015f\u0131, sadece T\u00fcrkiye&#8217;deki spor faaliyetlerini geli\u015ftirmekle kalmad\u0131, ayn\u0131 zamanda uluslararas\u0131 alanda da etkili oldu. Atat\u00fcrk, T\u00fcrkiye&#8217;nin ilk Olimpiyat tak\u0131m\u0131n\u0131 olu\u015fturmak i\u00e7in \u00e7aba harcad\u0131. 1924 y\u0131l\u0131nda, T\u00fcrkiye&#8217;nin ilk Olimpiyat tak\u0131m\u0131 Paris&#8217;te d\u00fczenlenen Olimpiyat Oyunlar\u0131na kat\u0131ld\u0131. Bu tak\u0131m, T\u00fcrkiye&#8217;nin uluslararas\u0131 arenada spor faaliyetleri y\u00fcr\u00fctmesine \u00f6nc\u00fcl\u00fck etti.<\/p><p>\u00dclkemizde her t\u00fcrl\u00fc spor dal\u0131n\u0131n \u00f6nemli bir hale gelmesi ve sporcular\u0131m\u0131z\u0131n g\u00f6sterdi\u011fi ba\u015far\u0131lar\u0131n ard\u0131nda Mustafa Kemal Atat\u00fcrk vard\u0131r. Bu anlam dolu g\u00fcnde Mustafa Kemal Atat\u00fcrk\u2019\u00fc an\u0131yor ve 19 May\u0131s Gen\u00e7lik ve Spor Bayram\u0131n\u0131 Kutluyoruz!<\/p><figure class=\"wp-block-image size-full is-resized\"><img loading=\"lazy\" decoding=\"async\" src=\"https:\/\/www.blog.extremeoutdoor.com.tr\/wp-content\/uploads\/2023\/05\/19mayi.jpg\" alt=\"\" class=\"wp-image-4703\" width=\"857\" height=\"473\" srcset=\"https:\/\/blog.extremeoutdoor.com.tr\/wp-content\/uploads\/2023\/05\/19mayi.jpg 800w, https:\/\/blog.extremeoutdoor.com.tr\/wp-content\/uploads\/2023\/05\/19mayi-300x166.jpg 300w, https:\/\/blog.extremeoutdoor.com.tr\/wp-content\/uploads\/2023\/05\/19mayi-768x424.jpg 768w, https:\/\/blog.extremeoutdoor.com.tr\/wp-content\/uploads\/2023\/05\/19mayi-370x204.jpg 370w, https:\/\/blog.extremeoutdoor.com.tr\/wp-content\/uploads\/2023\/05\/19mayi-760x420.jpg 760w, https:\/\/blog.extremeoutdoor.com.tr\/wp-content\/uploads\/2023\/05\/19mayi-565x312.jpg 565w, https:\/\/blog.extremeoutdoor.com.tr\/wp-content\/uploads\/2023\/05\/19mayi-600x332.jpg 600w\" sizes=\"auto, (max-width: 857px) 100vw, 857px\" \/><\/figure>\n\n<div class=\"kk-star-ratings kksr-auto kksr-align-right kksr-valign-bottom\"\n    data-payload='{&quot;align&quot;:&quot;right&quot;,&quot;id&quot;:&quot;4701&quot;,&quot;slug&quot;:&quot;default&quot;,&quot;valign&quot;:&quot;bottom&quot;,&quot;ignore&quot;:&quot;&quot;,&quot;reference&quot;:&quot;auto&quot;,&quot;class&quot;:&quot;&quot;,&quot;count&quot;:&quot;0&quot;,&quot;legendonly&quot;:&quot;&quot;,&quot;readonly&quot;:&quot;&quot;,&quot;score&quot;:&quot;0&quot;,&quot;starsonly&quot;:&quot;&quot;,&quot;best&quot;:&quot;5&quot;,&quot;gap&quot;:&quot;5&quot;,&quot;greet&quot;:&quot;Oylama Yap&quot;,&quot;legend&quot;:&quot;0\\\/5 - (0 votes)&quot;,&quot;size&quot;:&quot;24&quot;,&quot;title&quot;:&quot;19 May\u0131s Gen\u00e7lik ve Spor Bayram\u0131: Atat\u00fcrk ve Spor Anlay\u0131\u015f\u0131&quot;,&quot;width&quot;:&quot;0&quot;,&quot;_legend&quot;:&quot;{score}\\\/{best} - ({count} {votes})&quot;,&quot;font_factor&quot;:&quot;1.25&quot;}'>\n            \n<div class=\"kksr-stars\">\n    \n<div class=\"kksr-stars-inactive\">\n            <div class=\"kksr-star\" data-star=\"1\" style=\"padding-right: 5px\">\n            \n\n<div class=\"kksr-icon\" style=\"width: 24px; height: 24px;\"><\/div>\n        <\/div>\n            <div class=\"kksr-star\" data-star=\"2\" style=\"padding-right: 5px\">\n            \n\n<div class=\"kksr-icon\" style=\"width: 24px; height: 24px;\"><\/div>\n        <\/div>\n            <div class=\"kksr-star\" data-star=\"3\" style=\"padding-right: 5px\">\n            \n\n<div class=\"kksr-icon\" style=\"width: 24px; height: 24px;\"><\/div>\n        <\/div>\n            <div class=\"kksr-star\" data-star=\"4\" style=\"padding-right: 5px\">\n            \n\n<div class=\"kksr-icon\" style=\"width: 24px; height: 24px;\"><\/div>\n        <\/div>\n            <div class=\"kksr-star\" data-star=\"5\" style=\"padding-right: 5px\">\n            \n\n<div class=\"kksr-icon\" style=\"width: 24px; height: 24px;\"><\/div>\n        <\/div>\n    <\/div>\n    \n<div class=\"kksr-stars-active\" style=\"width: 0px;\">\n            <div class=\"kksr-star\" style=\"padding-right: 5px\">\n            \n\n<div class=\"kksr-icon\" style=\"width: 24px; height: 24px;\"><\/div>\n        <\/div>\n            <div class=\"kksr-star\" style=\"padding-right: 5px\">\n            \n\n<div class=\"kksr-icon\" style=\"width: 24px; height: 24px;\"><\/div>\n        <\/div>\n            <div class=\"kksr-star\" style=\"padding-right: 5px\">\n            \n\n<div class=\"kksr-icon\" style=\"width: 24px; height: 24px;\"><\/div>\n        <\/div>\n            <div class=\"kksr-star\" style=\"padding-right: 5px\">\n            \n\n<div class=\"kksr-icon\" style=\"width: 24px; height: 24px;\"><\/div>\n        <\/div>\n            <div class=\"kksr-star\" style=\"padding-right: 5px\">\n            \n\n<div class=\"kksr-icon\" style=\"width: 24px; height: 24px;\"><\/div>\n        <\/div>\n    <\/div>\n<\/div>\n                \n\n<div class=\"kksr-legend\" style=\"font-size: 19.2px;\">\n            <span class=\"kksr-muted\">Oylama Yap<\/span>\n    <\/div>\n    <\/div>\n","protected":false},"excerpt":{"rendered":"<p>19 May\u0131s&#8217;\u0131 her y\u0131l &#8220;Gen\u00e7lik ve Spor Bayram\u0131&#8221; olarak kutluyoruz. Bu \u00f6zel g\u00fcn\u00fcn kutlanmas\u0131, T\u00fcrkiye Cumhuriyeti&#8217;nin kurucusu Mustafa Kemal Atat\u00fcrk&#8217;\u00fcn&hellip;<\/p>\n","protected":false},"author":990005,"featured_media":4702,"comment_status":"open","ping_status":"open","sticky":false,"template":"","format":"standard","meta":{"footnotes":""},"categories":[398,645,66],"tags":[],"class_list":["post-4701","post","type-post","status-publish","format-standard","has-post-thumbnail","hentry","category-haber","category-makale","category-spor-fitness"],"_links":{"self":[{"href":"https:\/\/blog.extremeoutdoor.com.tr\/index.php\/wp-json\/wp\/v2\/posts\/4701","targetHints":{"allow":["GET"]}}],"collection":[{"href":"https:\/\/blog.extremeoutdoor.com.tr\/index.php\/wp-json\/wp\/v2\/posts"}],"about":[{"href":"https:\/\/blog.extremeoutdoor.com.tr\/index.php\/wp-json\/wp\/v2\/types\/post"}],"author":[{"embeddable":true,"href":"https:\/\/blog.extremeoutdoor.com.tr\/index.php\/wp-json\/wp\/v2\/users\/990005"}],"replies":[{"embeddable":true,"href":"https:\/\/blog.extremeoutdoor.com.tr\/index.php\/wp-json\/wp\/v2\/comments?post=4701"}],"version-history":[{"count":1,"href":"https:\/\/blog.extremeoutdoor.com.tr\/index.php\/wp-json\/wp\/v2\/posts\/4701\/revisions"}],"predecessor-version":[{"id":4704,"href":"https:\/\/blog.extremeoutdoor.com.tr\/index.php\/wp-json\/wp\/v2\/posts\/4701\/revisions\/4704"}],"wp:featuredmedia":[{"embeddable":true,"href":"https:\/\/blog.extremeoutdoor.com.tr\/index.php\/wp-json\/wp\/v2\/media\/4702"}],"wp:attachment":[{"href":"https:\/\/blog.extremeoutdoor.com.tr\/index.php\/wp-json\/wp\/v2\/media?parent=4701"}],"wp:term":[{"taxonomy":"category","embeddable":true,"href":"https:\/\/blog.extremeoutdoor.com.tr\/index.php\/wp-json\/wp\/v2\/categories?post=4701"},{"taxonomy":"post_tag","embeddable":true,"href":"https:\/\/blog.extremeoutdoor.com.tr\/index.php\/wp-json\/wp\/v2\/tags?post=4701"}],"curies":[{"name":"wp","href":"https:\/\/api.w.org\/{rel}","templated":true}]}}