{"id":4894,"date":"2023-08-04T19:02:51","date_gmt":"2023-08-04T16:02:51","guid":{"rendered":"https:\/\/www.blog.extremeoutdoor.com.tr\/?p=4894"},"modified":"2023-08-04T19:02:51","modified_gmt":"2023-08-04T16:02:51","slug":"yanlis-telaffuz-edilen-soz-ve-deyimler","status":"publish","type":"post","link":"https:\/\/blog.extremeoutdoor.com.tr\/index.php\/2023\/08\/04\/yanlis-telaffuz-edilen-soz-ve-deyimler\/","title":{"rendered":"Yanl\u0131\u015f Telaffuz Edilen S\u00f6z ve Deyimler"},"content":{"rendered":"<p>T\u00fcrk\u00e7e\u2019miz \u00f6yle engin, \u00f6yle geni\u015f ve \u00f6yle \u00e7e\u015fitli ki baz\u0131 s\u00f6zc\u00fck ve ifadeleri yanl\u0131\u015f an\u0131msamak ve yanl\u0131\u015f telaffuz etmek ka\u00e7\u0131n\u0131lmaz hale geliyor. \u00c7o\u011fumuzun yanl\u0131\u015f bildi\u011fi ve yanl\u0131\u015f telaffuz etti\u011fi 22 s\u00f6z ve deyimi sizin i\u00e7in derledik. Do\u011frusunu \u00f6\u011frendi\u011finizde \u00e7ok \u015fa\u015f\u0131racaks\u0131n\u0131z!<\/p><h2 class=\"wp-block-heading\"><strong>1. Saatler olsun.<\/strong><\/h2><p>Do\u011frusu \u201cs\u0131hhatler olsun\u201ddur. S\u0131hhat; sa\u011fl\u0131k, esenlik anlam\u0131na gelir ve y\u0131kananlara veya t\u0131ra\u015f olanlara s\u00f6ylenen bir nezaket s\u00f6z\u00fcd\u00fcr.<\/p><h2 class=\"wp-block-heading\"><strong>2.\u00a0Su k\u00fc\u00e7\u00fc\u011f\u00fcn, s\u00f6z b\u00fcy\u00fc\u011f\u00fcn<\/strong><\/h2><figure class=\"wp-block-image size-full\"><img loading=\"lazy\" decoding=\"async\" width=\"800\" height=\"533\" src=\"https:\/\/www.blog.extremeoutdoor.com.tr\/wp-content\/uploads\/2023\/08\/yanlis-telaffuz-edilen-soz-ve-deyimler-2.jpg\" alt=\"\" class=\"wp-image-4895\" srcset=\"https:\/\/blog.extremeoutdoor.com.tr\/wp-content\/uploads\/2023\/08\/yanlis-telaffuz-edilen-soz-ve-deyimler-2.jpg 800w, https:\/\/blog.extremeoutdoor.com.tr\/wp-content\/uploads\/2023\/08\/yanlis-telaffuz-edilen-soz-ve-deyimler-2-300x200.jpg 300w, https:\/\/blog.extremeoutdoor.com.tr\/wp-content\/uploads\/2023\/08\/yanlis-telaffuz-edilen-soz-ve-deyimler-2-768x512.jpg 768w, https:\/\/blog.extremeoutdoor.com.tr\/wp-content\/uploads\/2023\/08\/yanlis-telaffuz-edilen-soz-ve-deyimler-2-370x247.jpg 370w, https:\/\/blog.extremeoutdoor.com.tr\/wp-content\/uploads\/2023\/08\/yanlis-telaffuz-edilen-soz-ve-deyimler-2-760x506.jpg 760w, https:\/\/blog.extremeoutdoor.com.tr\/wp-content\/uploads\/2023\/08\/yanlis-telaffuz-edilen-soz-ve-deyimler-2-565x376.jpg 565w, https:\/\/blog.extremeoutdoor.com.tr\/wp-content\/uploads\/2023\/08\/yanlis-telaffuz-edilen-soz-ve-deyimler-2-600x400.jpg 600w\" sizes=\"auto, (max-width: 800px) 100vw, 800px\" \/><\/figure><p>Do\u011frusu \u201csus k\u00fc\u00e7\u00fc\u011f\u00fcn, s\u00f6z b\u00fcy\u00fc\u011f\u00fcn\u201dd\u00fcr. Atas\u00f6z\u00fcn\u00fcn ilk hali O\u011fuz T\u00fcrk\u00e7esi\u2019nde \u201cS\u00f6z ulunun, su ki\u00e7inin\u201d \u015feklinde kaydedilmi\u015ftir. B\u00fcy\u00fc\u011f\u00fc g\u00f6sterilen sayg\u0131y\u0131 vurgular.<\/p><h2 class=\"wp-block-heading\"><strong>3. Kelli felli<\/strong><\/h2><p>Do\u011frusu \u201ckerli ferli\u201ddir. Ker; kuvvet, fer ise iktidar ve \u015fevket anlam\u0131na gelir. Dil erozyonuyla, hem bi\u00e7im hem anlam\u0131 zamanla de\u011fi\u015fmi\u015ftir.<\/p><h2 class=\"wp-block-heading\"><strong>4. Haydan gelen, huya gider.<\/strong><\/h2><p>Do\u011frusu \u201cHayy\u2019dan gelen, Hu\u2019ya gider\u201ddir. Hayy&nbsp;ve Huu Allah\u2019\u0131n isimlerindendir. Allah\u2019tan gelen Allah\u2019a d\u00f6ner anlam\u0131na gelir.<\/p><h2 class=\"wp-block-heading\"><strong>5. Ge\u00e7ti\u011fimiz hafta<\/strong><\/h2><figure class=\"wp-block-image size-full\"><img loading=\"lazy\" decoding=\"async\" width=\"800\" height=\"533\" src=\"https:\/\/www.blog.extremeoutdoor.com.tr\/wp-content\/uploads\/2023\/08\/yanlis-telaffuz-edilen-soz-ve-deyimler-3.jpg\" alt=\"\" class=\"wp-image-4896\" srcset=\"https:\/\/blog.extremeoutdoor.com.tr\/wp-content\/uploads\/2023\/08\/yanlis-telaffuz-edilen-soz-ve-deyimler-3.jpg 800w, https:\/\/blog.extremeoutdoor.com.tr\/wp-content\/uploads\/2023\/08\/yanlis-telaffuz-edilen-soz-ve-deyimler-3-300x200.jpg 300w, https:\/\/blog.extremeoutdoor.com.tr\/wp-content\/uploads\/2023\/08\/yanlis-telaffuz-edilen-soz-ve-deyimler-3-768x512.jpg 768w, https:\/\/blog.extremeoutdoor.com.tr\/wp-content\/uploads\/2023\/08\/yanlis-telaffuz-edilen-soz-ve-deyimler-3-370x247.jpg 370w, https:\/\/blog.extremeoutdoor.com.tr\/wp-content\/uploads\/2023\/08\/yanlis-telaffuz-edilen-soz-ve-deyimler-3-760x506.jpg 760w, https:\/\/blog.extremeoutdoor.com.tr\/wp-content\/uploads\/2023\/08\/yanlis-telaffuz-edilen-soz-ve-deyimler-3-565x376.jpg 565w, https:\/\/blog.extremeoutdoor.com.tr\/wp-content\/uploads\/2023\/08\/yanlis-telaffuz-edilen-soz-ve-deyimler-3-600x400.jpg 600w\" sizes=\"auto, (max-width: 800px) 100vw, 800px\" \/><\/figure><p>Do\u011frusu \u201cge\u00e7en hafta\u201dd\u0131r. Ge\u00e7ti\u011fimiz hafta s\u00f6ylemi mant\u0131ksal olarak do\u011fru de\u011fildir \u00e7\u00fcnk\u00fc biz zaman\u0131 ge\u00e7emeyiz, zaman bizi ge\u00e7er.<\/p><h2 class=\"wp-block-heading\"><strong>6. Ana gibi yar, Ba\u011fdat gibi diyar olmaz.<\/strong><\/h2><p>Do\u011frusu \u201cAne gibi yar, Ba\u011fdat gibi diyar olmaz\u201dd\u0131r. Ane; Ba\u011fdat yolu \u00fczerinde bir u\u00e7urum; yar ise u\u00e7urum anlam\u0131ndad\u0131r.<\/p><h2 class=\"wp-block-heading\"><strong>7. K\u0131sa kes Ayd\u0131n havas\u0131 olsun.<\/strong><\/h2><p>Do\u011frusu \u201cK\u0131sa kes Ayd\u0131n abas\u0131 olsun\u201ddur. Aba; kuma\u015ftan yap\u0131lm\u0131\u015f \u00fcstl\u00fck, giysi anlam\u0131na gelir. Ayd\u0131n efesinin abas\u0131 k\u0131sa ve dizleri a\u00e7\u0131kt\u0131r.<\/p><h2 class=\"wp-block-heading\"><strong>8.&nbsp;\u0130nce eleyip s\u0131k dokumak<\/strong><\/h2><p>Do\u011frusu \u201cince e\u011firip s\u0131k dokumak\u201dt\u0131r. E\u011firmek; y\u00fcn, pamuk gibi \u015feyleri i\u011f ile b\u00fck\u00fcp iplik durumuna getirmektir.<\/p><h2 class=\"wp-block-heading\"><strong>9. G\u00f6z var nizam var.<\/strong><\/h2><p>Do\u011frusu \u201cG\u00f6z var izan var\u201dd\u0131r. \u0130zan; anlay\u0131\u015f, anlama yetene\u011fi anlam\u0131na gelir. Nizam ise d\u00fczen ve kural.<\/p><h2 class=\"wp-block-heading\"><strong>10. Ge\u00e7ti Bolu\u2019nun pazar\u0131, s\u00fcr e\u015fe\u011fi Ni\u011fde\u2019ye.<\/strong><\/h2><figure class=\"wp-block-image size-full\"><img loading=\"lazy\" decoding=\"async\" width=\"800\" height=\"530\" src=\"https:\/\/www.blog.extremeoutdoor.com.tr\/wp-content\/uploads\/2023\/08\/yanlis-telaffuz-edilen-soz-ve-deyimler-5.jpg\" alt=\"\" class=\"wp-image-4897\" srcset=\"https:\/\/blog.extremeoutdoor.com.tr\/wp-content\/uploads\/2023\/08\/yanlis-telaffuz-edilen-soz-ve-deyimler-5.jpg 800w, https:\/\/blog.extremeoutdoor.com.tr\/wp-content\/uploads\/2023\/08\/yanlis-telaffuz-edilen-soz-ve-deyimler-5-300x199.jpg 300w, https:\/\/blog.extremeoutdoor.com.tr\/wp-content\/uploads\/2023\/08\/yanlis-telaffuz-edilen-soz-ve-deyimler-5-768x509.jpg 768w, https:\/\/blog.extremeoutdoor.com.tr\/wp-content\/uploads\/2023\/08\/yanlis-telaffuz-edilen-soz-ve-deyimler-5-370x245.jpg 370w, https:\/\/blog.extremeoutdoor.com.tr\/wp-content\/uploads\/2023\/08\/yanlis-telaffuz-edilen-soz-ve-deyimler-5-760x504.jpg 760w, https:\/\/blog.extremeoutdoor.com.tr\/wp-content\/uploads\/2023\/08\/yanlis-telaffuz-edilen-soz-ve-deyimler-5-565x374.jpg 565w, https:\/\/blog.extremeoutdoor.com.tr\/wp-content\/uploads\/2023\/08\/yanlis-telaffuz-edilen-soz-ve-deyimler-5-600x398.jpg 600w\" sizes=\"auto, (max-width: 800px) 100vw, 800px\" \/><\/figure><p>Do\u011frusu \u201cGe\u00e7ti Bor\u2019un pazar\u0131, s\u00fcr e\u015fe\u011fi Ni\u011fde\u2019ye\u201ddir. Bor ise Ni\u011fde\u2019nin bir il\u00e7esidir.<\/p><h2 class=\"wp-block-heading\"><strong>11. Su uyur d\u00fc\u015fman uyumaz.<\/strong><\/h2><p>Do\u011frusu \u201cs\u00fc uyur d\u00fc\u015fman uyumaz\u201dd\u0131r. S\u00fc, asker anlam\u0131na gelir.<\/p><h2 class=\"wp-block-heading\"><strong>12. Aptala malum olurmu\u015f.<\/strong><\/h2><p>Do\u011frusu \u201cAbdal\u2019a malum olurmu\u015f\u201ddur. Abdal; eskiden oradan oraya dola\u015farak tarikat\u0131n\u0131 yaymaya \u00e7al\u0131\u015fan dervi\u015flere verilen isimdir.<\/p><h2 class=\"wp-block-heading\"><strong>13. Azimle s\u0131\u00e7an betonu deler.<\/strong><\/h2><figure class=\"wp-block-image size-full\"><img loading=\"lazy\" decoding=\"async\" width=\"800\" height=\"576\" src=\"https:\/\/www.blog.extremeoutdoor.com.tr\/wp-content\/uploads\/2023\/08\/yanlis-telaffuz-edilen-soz-ve-deyimler-4.jpg\" alt=\"\" class=\"wp-image-4898\" srcset=\"https:\/\/blog.extremeoutdoor.com.tr\/wp-content\/uploads\/2023\/08\/yanlis-telaffuz-edilen-soz-ve-deyimler-4.jpg 800w, https:\/\/blog.extremeoutdoor.com.tr\/wp-content\/uploads\/2023\/08\/yanlis-telaffuz-edilen-soz-ve-deyimler-4-300x216.jpg 300w, https:\/\/blog.extremeoutdoor.com.tr\/wp-content\/uploads\/2023\/08\/yanlis-telaffuz-edilen-soz-ve-deyimler-4-768x553.jpg 768w, https:\/\/blog.extremeoutdoor.com.tr\/wp-content\/uploads\/2023\/08\/yanlis-telaffuz-edilen-soz-ve-deyimler-4-370x266.jpg 370w, https:\/\/blog.extremeoutdoor.com.tr\/wp-content\/uploads\/2023\/08\/yanlis-telaffuz-edilen-soz-ve-deyimler-4-760x547.jpg 760w, https:\/\/blog.extremeoutdoor.com.tr\/wp-content\/uploads\/2023\/08\/yanlis-telaffuz-edilen-soz-ve-deyimler-4-565x407.jpg 565w, https:\/\/blog.extremeoutdoor.com.tr\/wp-content\/uploads\/2023\/08\/yanlis-telaffuz-edilen-soz-ve-deyimler-4-600x432.jpg 600w\" sizes=\"auto, (max-width: 800px) 100vw, 800px\" \/><\/figure><p>Do\u011frusu \u201cAzimli s\u0131\u00e7an mermeri deler\u201ddir. Yanl\u0131\u015f bilinen bu deyimden bilinenin aksine burada anlat\u0131lan bir eylem de\u011fil, s\u0131\u00e7an hayvan\u0131d\u0131r.<\/p><h2 class=\"wp-block-heading\"><strong>14. E\u015f\u015fek ho\u015faftan ne anlar.<\/strong><\/h2><p>Do\u011frusu \u201cE\u015f\u015fek ho\u015f laftan ne anlar\u201dd\u0131r.<\/p><h2 class=\"wp-block-heading\"><strong>15. G\u00fczele bakmak sevapt\u0131r.<\/strong><\/h2><p>Do\u011frusu \u201cG\u00fczel bakmak sevapt\u0131r\u201dd\u0131r.<\/p><h2 class=\"wp-block-heading\"><strong>16. S\u00fctten a\u011fz\u0131 yanan yo\u011furdu \u00fcfleyerek yer.<\/strong><\/h2><p>Do\u011frusu \u201cS\u00fctten a\u011fz\u0131 yanan ayran\u0131 \u00fcfleyerek i\u00e7er\u201ddir.<\/p>\n\n<div class=\"kk-star-ratings kksr-auto kksr-align-right kksr-valign-bottom\"\n    data-payload='{&quot;align&quot;:&quot;right&quot;,&quot;id&quot;:&quot;4894&quot;,&quot;slug&quot;:&quot;default&quot;,&quot;valign&quot;:&quot;bottom&quot;,&quot;ignore&quot;:&quot;&quot;,&quot;reference&quot;:&quot;auto&quot;,&quot;class&quot;:&quot;&quot;,&quot;count&quot;:&quot;0&quot;,&quot;legendonly&quot;:&quot;&quot;,&quot;readonly&quot;:&quot;&quot;,&quot;score&quot;:&quot;0&quot;,&quot;starsonly&quot;:&quot;&quot;,&quot;best&quot;:&quot;5&quot;,&quot;gap&quot;:&quot;5&quot;,&quot;greet&quot;:&quot;Oylama Yap&quot;,&quot;legend&quot;:&quot;0\\\/5 - (0 votes)&quot;,&quot;size&quot;:&quot;24&quot;,&quot;title&quot;:&quot;Yanl\u0131\u015f Telaffuz Edilen S\u00f6z ve Deyimler&quot;,&quot;width&quot;:&quot;0&quot;,&quot;_legend&quot;:&quot;{score}\\\/{best} - ({count} {votes})&quot;,&quot;font_factor&quot;:&quot;1.25&quot;}'>\n            \n<div class=\"kksr-stars\">\n    \n<div class=\"kksr-stars-inactive\">\n            <div class=\"kksr-star\" data-star=\"1\" style=\"padding-right: 5px\">\n            \n\n<div class=\"kksr-icon\" style=\"width: 24px; height: 24px;\"><\/div>\n        <\/div>\n            <div class=\"kksr-star\" data-star=\"2\" style=\"padding-right: 5px\">\n            \n\n<div class=\"kksr-icon\" style=\"width: 24px; height: 24px;\"><\/div>\n        <\/div>\n            <div class=\"kksr-star\" data-star=\"3\" style=\"padding-right: 5px\">\n            \n\n<div class=\"kksr-icon\" style=\"width: 24px; height: 24px;\"><\/div>\n        <\/div>\n            <div class=\"kksr-star\" data-star=\"4\" style=\"padding-right: 5px\">\n            \n\n<div class=\"kksr-icon\" style=\"width: 24px; height: 24px;\"><\/div>\n        <\/div>\n            <div class=\"kksr-star\" data-star=\"5\" style=\"padding-right: 5px\">\n            \n\n<div class=\"kksr-icon\" style=\"width: 24px; height: 24px;\"><\/div>\n        <\/div>\n    <\/div>\n    \n<div class=\"kksr-stars-active\" style=\"width: 0px;\">\n            <div class=\"kksr-star\" style=\"padding-right: 5px\">\n            \n\n<div class=\"kksr-icon\" style=\"width: 24px; height: 24px;\"><\/div>\n        <\/div>\n            <div class=\"kksr-star\" style=\"padding-right: 5px\">\n            \n\n<div class=\"kksr-icon\" style=\"width: 24px; height: 24px;\"><\/div>\n        <\/div>\n            <div class=\"kksr-star\" style=\"padding-right: 5px\">\n            \n\n<div class=\"kksr-icon\" style=\"width: 24px; height: 24px;\"><\/div>\n        <\/div>\n            <div class=\"kksr-star\" style=\"padding-right: 5px\">\n            \n\n<div class=\"kksr-icon\" style=\"width: 24px; height: 24px;\"><\/div>\n        <\/div>\n            <div class=\"kksr-star\" style=\"padding-right: 5px\">\n            \n\n<div class=\"kksr-icon\" style=\"width: 24px; height: 24px;\"><\/div>\n        <\/div>\n    <\/div>\n<\/div>\n                \n\n<div class=\"kksr-legend\" style=\"font-size: 19.2px;\">\n            <span class=\"kksr-muted\">Oylama Yap<\/span>\n    <\/div>\n    <\/div>\n","protected":false},"excerpt":{"rendered":"<p>T\u00fcrk\u00e7e\u2019miz \u00f6yle engin, \u00f6yle geni\u015f ve \u00f6yle \u00e7e\u015fitli ki baz\u0131 s\u00f6zc\u00fck ve ifadeleri yanl\u0131\u015f an\u0131msamak ve yanl\u0131\u015f telaffuz etmek ka\u00e7\u0131n\u0131lmaz&hellip;<\/p>\n","protected":false},"author":990005,"featured_media":4899,"comment_status":"open","ping_status":"open","sticky":false,"template":"","format":"standard","meta":{"footnotes":""},"categories":[1108],"tags":[],"class_list":["post-4894","post","type-post","status-publish","format-standard","has-post-thumbnail","hentry","category-ilginc-bilgiler"],"_links":{"self":[{"href":"https:\/\/blog.extremeoutdoor.com.tr\/index.php\/wp-json\/wp\/v2\/posts\/4894","targetHints":{"allow":["GET"]}}],"collection":[{"href":"https:\/\/blog.extremeoutdoor.com.tr\/index.php\/wp-json\/wp\/v2\/posts"}],"about":[{"href":"https:\/\/blog.extremeoutdoor.com.tr\/index.php\/wp-json\/wp\/v2\/types\/post"}],"author":[{"embeddable":true,"href":"https:\/\/blog.extremeoutdoor.com.tr\/index.php\/wp-json\/wp\/v2\/users\/990005"}],"replies":[{"embeddable":true,"href":"https:\/\/blog.extremeoutdoor.com.tr\/index.php\/wp-json\/wp\/v2\/comments?post=4894"}],"version-history":[{"count":1,"href":"https:\/\/blog.extremeoutdoor.com.tr\/index.php\/wp-json\/wp\/v2\/posts\/4894\/revisions"}],"predecessor-version":[{"id":4900,"href":"https:\/\/blog.extremeoutdoor.com.tr\/index.php\/wp-json\/wp\/v2\/posts\/4894\/revisions\/4900"}],"wp:featuredmedia":[{"embeddable":true,"href":"https:\/\/blog.extremeoutdoor.com.tr\/index.php\/wp-json\/wp\/v2\/media\/4899"}],"wp:attachment":[{"href":"https:\/\/blog.extremeoutdoor.com.tr\/index.php\/wp-json\/wp\/v2\/media?parent=4894"}],"wp:term":[{"taxonomy":"category","embeddable":true,"href":"https:\/\/blog.extremeoutdoor.com.tr\/index.php\/wp-json\/wp\/v2\/categories?post=4894"},{"taxonomy":"post_tag","embeddable":true,"href":"https:\/\/blog.extremeoutdoor.com.tr\/index.php\/wp-json\/wp\/v2\/tags?post=4894"}],"curies":[{"name":"wp","href":"https:\/\/api.w.org\/{rel}","templated":true}]}}