{"id":5133,"date":"2023-08-12T12:42:50","date_gmt":"2023-08-12T09:42:50","guid":{"rendered":"https:\/\/www.blog.extremeoutdoor.com.tr\/?p=5133"},"modified":"2023-08-12T12:42:51","modified_gmt":"2023-08-12T09:42:51","slug":"sicak-yaz-gunleri-icin-kombin-onerileri","status":"publish","type":"post","link":"https:\/\/blog.extremeoutdoor.com.tr\/index.php\/2023\/08\/12\/sicak-yaz-gunleri-icin-kombin-onerileri\/","title":{"rendered":"S\u0131cak Yaz G\u00fcnleri \u0130\u00e7in Kombin \u00d6nerileri"},"content":{"rendered":"<p>Yaza stilinle damga vurmaya haz\u0131r m\u0131s\u0131n? Yaz aylar\u0131 geldi ve s\u0131cak hava kap\u0131da. Bu y\u00fczden gard\u0131robunu g\u00fcncellemenin ve yeni sezon trendlerine uyum sa\u011flaman\u0131n tam zaman\u0131! Senin&nbsp;i\u00e7in s\u0131cak yaz g\u00fcnlerinde rahatl\u0131kla tercih edece\u011fin&nbsp;kombin \u00f6nerileri haz\u0131rlad\u0131k. \u0130\u015fte bu yaz giymek i\u00e7in harika par\u00e7alar ve stil ipu\u00e7lar\u0131!&nbsp;<\/p><h2 class=\"wp-block-heading\"><strong>Keten K\u0131yafetler<\/strong><\/h2><figure class=\"wp-block-image size-full\"><img loading=\"lazy\" decoding=\"async\" width=\"825\" height=\"500\" src=\"https:\/\/www.blog.extremeoutdoor.com.tr\/wp-content\/uploads\/2023\/08\/sicak-yaz-gunleri-icin-kombin-onerileri-2_64aaf904d4245.jpg\" alt=\"\" class=\"wp-image-5134\" srcset=\"https:\/\/blog.extremeoutdoor.com.tr\/wp-content\/uploads\/2023\/08\/sicak-yaz-gunleri-icin-kombin-onerileri-2_64aaf904d4245.jpg 825w, https:\/\/blog.extremeoutdoor.com.tr\/wp-content\/uploads\/2023\/08\/sicak-yaz-gunleri-icin-kombin-onerileri-2_64aaf904d4245-300x182.jpg 300w, https:\/\/blog.extremeoutdoor.com.tr\/wp-content\/uploads\/2023\/08\/sicak-yaz-gunleri-icin-kombin-onerileri-2_64aaf904d4245-768x465.jpg 768w, https:\/\/blog.extremeoutdoor.com.tr\/wp-content\/uploads\/2023\/08\/sicak-yaz-gunleri-icin-kombin-onerileri-2_64aaf904d4245-370x224.jpg 370w, https:\/\/blog.extremeoutdoor.com.tr\/wp-content\/uploads\/2023\/08\/sicak-yaz-gunleri-icin-kombin-onerileri-2_64aaf904d4245-760x461.jpg 760w, https:\/\/blog.extremeoutdoor.com.tr\/wp-content\/uploads\/2023\/08\/sicak-yaz-gunleri-icin-kombin-onerileri-2_64aaf904d4245-565x342.jpg 565w, https:\/\/blog.extremeoutdoor.com.tr\/wp-content\/uploads\/2023\/08\/sicak-yaz-gunleri-icin-kombin-onerileri-2_64aaf904d4245-600x364.jpg 600w\" sizes=\"auto, (max-width: 825px) 100vw, 825px\" \/><\/figure><p>Son zamanlar\u0131n moda k\u0131yafetlerinden bir tanesi de keten k\u0131yafetler. Rahat ve hafif kuma\u015f\u0131ndan dolay\u0131 insan\u0131 bunaltmayan giysiler herkesin sevdi\u011fi bir par\u00e7a. Bu giysilerin \u00f6nemi nefes alabilen kuma\u015ftan \u00fcretildi\u011fi i\u00e7in v\u00fccudunu serin tutar ve yaz s\u0131ca\u011f\u0131nda bunalman\u0131 \u00f6nler. Keten kuma\u015ftan yap\u0131lm\u0131\u015f hafif elbiseler, etekler veya \u015fortlar, yaz kombinlerinin temel par\u00e7alar\u0131 olabilir. Ayakkab\u0131 olarak ister topuklu giy ister spor hepsine uyum sa\u011flayacaklard\u0131r.&nbsp;<\/p><h2 class=\"wp-block-heading\"><strong>\u015e\u0131k ve Rahat Sandaletler<\/strong><\/h2><figure class=\"wp-block-image size-full\"><img loading=\"lazy\" decoding=\"async\" width=\"825\" height=\"500\" src=\"https:\/\/www.blog.extremeoutdoor.com.tr\/wp-content\/uploads\/2023\/08\/sicak-yaz-gunleri-icin-kombin-onerileri-3_64aaf949c5f4e.jpg\" alt=\"\" class=\"wp-image-5135\" srcset=\"https:\/\/blog.extremeoutdoor.com.tr\/wp-content\/uploads\/2023\/08\/sicak-yaz-gunleri-icin-kombin-onerileri-3_64aaf949c5f4e.jpg 825w, https:\/\/blog.extremeoutdoor.com.tr\/wp-content\/uploads\/2023\/08\/sicak-yaz-gunleri-icin-kombin-onerileri-3_64aaf949c5f4e-300x182.jpg 300w, https:\/\/blog.extremeoutdoor.com.tr\/wp-content\/uploads\/2023\/08\/sicak-yaz-gunleri-icin-kombin-onerileri-3_64aaf949c5f4e-768x465.jpg 768w, https:\/\/blog.extremeoutdoor.com.tr\/wp-content\/uploads\/2023\/08\/sicak-yaz-gunleri-icin-kombin-onerileri-3_64aaf949c5f4e-370x224.jpg 370w, https:\/\/blog.extremeoutdoor.com.tr\/wp-content\/uploads\/2023\/08\/sicak-yaz-gunleri-icin-kombin-onerileri-3_64aaf949c5f4e-760x461.jpg 760w, https:\/\/blog.extremeoutdoor.com.tr\/wp-content\/uploads\/2023\/08\/sicak-yaz-gunleri-icin-kombin-onerileri-3_64aaf949c5f4e-565x342.jpg 565w, https:\/\/blog.extremeoutdoor.com.tr\/wp-content\/uploads\/2023\/08\/sicak-yaz-gunleri-icin-kombin-onerileri-3_64aaf949c5f4e-600x364.jpg 600w\" sizes=\"auto, (max-width: 825px) 100vw, 825px\" \/><\/figure><p>Yaz\u0131n s\u0131cak g\u00fcnlerinde ayaklar\u0131n\u0131 terletmeyen ayakkab\u0131lar tercih etmen ayak sa\u011fl\u0131\u011f\u0131n i\u00e7in de \u00e7ok \u00f6nemli. B\u00f6yle durumlarda ayaklar\u0131n\u0131 serin tutmak i\u00e7in \u015f\u0131k ve rahat\u00a0sandaletler\u00a0tercih edebilirsin. Bantl\u0131 terlikler, ince kay\u0131\u015fl\u0131 sandaletler veya a\u00e7\u0131k ayakkab\u0131lar, hem \u015f\u0131k g\u00f6r\u00fcnmeni sa\u011flar hem de rahatl\u0131k sunar. Farkl\u0131 renklerde ve desenlerde sandaletler, yaz kombinlerine renk katarak bunalmadan gezmeni sa\u011flar. Ayr\u0131ca topuklu sandaletler de tercih ederek \u00f6zel g\u00fcnlerde tercih edebilirsin.\u00a0<\/p><h2 class=\"wp-block-heading\"><strong>\u015eapka ve G\u00fcne\u015f G\u00f6zl\u00fc\u011f\u00fc<\/strong><\/h2><figure class=\"wp-block-image size-full\"><img loading=\"lazy\" decoding=\"async\" width=\"825\" height=\"500\" src=\"https:\/\/www.blog.extremeoutdoor.com.tr\/wp-content\/uploads\/2023\/08\/sicak-yaz-gunleri-icin-kombin-onerileri-4_64aaf95679599.jpg\" alt=\"\" class=\"wp-image-5136\" srcset=\"https:\/\/blog.extremeoutdoor.com.tr\/wp-content\/uploads\/2023\/08\/sicak-yaz-gunleri-icin-kombin-onerileri-4_64aaf95679599.jpg 825w, https:\/\/blog.extremeoutdoor.com.tr\/wp-content\/uploads\/2023\/08\/sicak-yaz-gunleri-icin-kombin-onerileri-4_64aaf95679599-300x182.jpg 300w, https:\/\/blog.extremeoutdoor.com.tr\/wp-content\/uploads\/2023\/08\/sicak-yaz-gunleri-icin-kombin-onerileri-4_64aaf95679599-768x465.jpg 768w, https:\/\/blog.extremeoutdoor.com.tr\/wp-content\/uploads\/2023\/08\/sicak-yaz-gunleri-icin-kombin-onerileri-4_64aaf95679599-370x224.jpg 370w, https:\/\/blog.extremeoutdoor.com.tr\/wp-content\/uploads\/2023\/08\/sicak-yaz-gunleri-icin-kombin-onerileri-4_64aaf95679599-760x461.jpg 760w, https:\/\/blog.extremeoutdoor.com.tr\/wp-content\/uploads\/2023\/08\/sicak-yaz-gunleri-icin-kombin-onerileri-4_64aaf95679599-565x342.jpg 565w, https:\/\/blog.extremeoutdoor.com.tr\/wp-content\/uploads\/2023\/08\/sicak-yaz-gunleri-icin-kombin-onerileri-4_64aaf95679599-600x364.jpg 600w\" sizes=\"auto, (max-width: 825px) 100vw, 825px\" \/><\/figure><p>G\u00fcne\u015fin zararl\u0131 etkilerinden korunman\u0131n yan\u0131 s\u0131ra, yaz kombinlerine tarz katmak i\u00e7in \u015fapka ve g\u00fcne\u015f g\u00f6zl\u00fc\u011f\u00fc kullanabilirsin. \u00d6zellikle cool bir tarz olu\u015fturmak istersen g\u00fcne\u015f g\u00f6zl\u00fc\u011f\u00fc ka\u00e7\u0131n\u0131lmaz bir tercih olacakt\u0131r. \u015eapka se\u00e7enekleri aras\u0131nda geni\u015f kenarl\u0131 \u015fapkalar, \u015fapka \u015feritleri veya sevimli kasketler bulunur. G\u00fcne\u015f g\u00f6zl\u00fc\u011f\u00fc tercih ederken y\u00fcz \u015feklinizi ve ten rengini dikkate alarak, tarz\u0131na uygun bir model se\u00e7meye \u00f6zen g\u00f6ster.&nbsp;<\/p><h2 class=\"wp-block-heading\"><strong>Renkli Aksesuarlar<\/strong><\/h2><figure class=\"wp-block-image size-full\"><img loading=\"lazy\" decoding=\"async\" width=\"825\" height=\"500\" src=\"https:\/\/www.blog.extremeoutdoor.com.tr\/wp-content\/uploads\/2023\/08\/sicak-yaz-gunleri-icin-kombin-onerileri-5_64aaf96b021b0.jpg\" alt=\"\" class=\"wp-image-5137\" srcset=\"https:\/\/blog.extremeoutdoor.com.tr\/wp-content\/uploads\/2023\/08\/sicak-yaz-gunleri-icin-kombin-onerileri-5_64aaf96b021b0.jpg 825w, https:\/\/blog.extremeoutdoor.com.tr\/wp-content\/uploads\/2023\/08\/sicak-yaz-gunleri-icin-kombin-onerileri-5_64aaf96b021b0-300x182.jpg 300w, https:\/\/blog.extremeoutdoor.com.tr\/wp-content\/uploads\/2023\/08\/sicak-yaz-gunleri-icin-kombin-onerileri-5_64aaf96b021b0-768x465.jpg 768w, https:\/\/blog.extremeoutdoor.com.tr\/wp-content\/uploads\/2023\/08\/sicak-yaz-gunleri-icin-kombin-onerileri-5_64aaf96b021b0-370x224.jpg 370w, https:\/\/blog.extremeoutdoor.com.tr\/wp-content\/uploads\/2023\/08\/sicak-yaz-gunleri-icin-kombin-onerileri-5_64aaf96b021b0-760x461.jpg 760w, https:\/\/blog.extremeoutdoor.com.tr\/wp-content\/uploads\/2023\/08\/sicak-yaz-gunleri-icin-kombin-onerileri-5_64aaf96b021b0-565x342.jpg 565w, https:\/\/blog.extremeoutdoor.com.tr\/wp-content\/uploads\/2023\/08\/sicak-yaz-gunleri-icin-kombin-onerileri-5_64aaf96b021b0-600x364.jpg 600w\" sizes=\"auto, (max-width: 825px) 100vw, 825px\" \/><\/figure><p>Yaz\u0131n olmazsa olmazlar\u0131 aras\u0131nda tabii ki aksesuarlar en \u00f6nemlisi. Tarz\u0131m\u0131za c\u0131v\u0131l c\u0131v\u0131l bir hava katan tak\u0131lar renkli tercihlerle enerjimizi de renklendiriyorlar. Yaz kombinlerini canland\u0131rmak i\u00e7in renkli aksesuarlara yer verebilirsin. B\u00fcy\u00fck ve renkli k\u00fcpeler, bilezikler, \u015fallar veya \u00e7antalar, basit bir k\u0131yafeti an\u0131nda \u015f\u0131k hale getirebilir. Ayr\u0131ca, \u00e7i\u00e7ek desenli veya tropikal desenli aksesuarlar da yaz havas\u0131n\u0131 yans\u0131tan se\u00e7enekler aras\u0131nda yer al\u0131r. D\u00fcmd\u00fcz bir pantolon veya t shirt giysen bile bu renkli aksesuarlarla kombinini canland\u0131rabilirsin.&nbsp;<\/p><h2 class=\"wp-block-heading\"><strong>Hafif Ceket Veya \u015eal<\/strong><\/h2><figure class=\"wp-block-image size-full\"><img loading=\"lazy\" decoding=\"async\" width=\"825\" height=\"500\" src=\"https:\/\/www.blog.extremeoutdoor.com.tr\/wp-content\/uploads\/2023\/08\/sicak-yaz-gunleri-icin-kombin-onerileri-6_64aaf97f56143.jpg\" alt=\"\" class=\"wp-image-5138\" srcset=\"https:\/\/blog.extremeoutdoor.com.tr\/wp-content\/uploads\/2023\/08\/sicak-yaz-gunleri-icin-kombin-onerileri-6_64aaf97f56143.jpg 825w, https:\/\/blog.extremeoutdoor.com.tr\/wp-content\/uploads\/2023\/08\/sicak-yaz-gunleri-icin-kombin-onerileri-6_64aaf97f56143-300x182.jpg 300w, https:\/\/blog.extremeoutdoor.com.tr\/wp-content\/uploads\/2023\/08\/sicak-yaz-gunleri-icin-kombin-onerileri-6_64aaf97f56143-768x465.jpg 768w, https:\/\/blog.extremeoutdoor.com.tr\/wp-content\/uploads\/2023\/08\/sicak-yaz-gunleri-icin-kombin-onerileri-6_64aaf97f56143-370x224.jpg 370w, https:\/\/blog.extremeoutdoor.com.tr\/wp-content\/uploads\/2023\/08\/sicak-yaz-gunleri-icin-kombin-onerileri-6_64aaf97f56143-760x461.jpg 760w, https:\/\/blog.extremeoutdoor.com.tr\/wp-content\/uploads\/2023\/08\/sicak-yaz-gunleri-icin-kombin-onerileri-6_64aaf97f56143-565x342.jpg 565w, https:\/\/blog.extremeoutdoor.com.tr\/wp-content\/uploads\/2023\/08\/sicak-yaz-gunleri-icin-kombin-onerileri-6_64aaf97f56143-600x364.jpg 600w\" sizes=\"auto, (max-width: 825px) 100vw, 825px\" \/><\/figure><p>Her ne kadar s\u0131cak yaz g\u00fcnleri desek de bu g\u00fcnlerin bir de ak\u015famlar\u0131 var. Yaz aylar\u0131nda ak\u015famlar\u0131n hafif serin olmas\u0131ndan dolay\u0131 mutlaka \u00fczerine bir \u015fal veya\u00a0ceket\u00a0almal\u0131s\u0131n. Tabii bunlar ince ve hafif olursa seni bunaltmaz. Hafif hafif esen sakin r\u00fczgar\u0131n alt\u0131nda otururken yaz ak\u015famlar\u0131n\u0131n tad\u0131n\u0131 \u00e7\u0131karmal\u0131s\u0131n. Bunalt\u0131c\u0131 s\u0131caklardan sonra ak\u015fam esen o hafif r\u00fczgar sana kendini iyi hissettirecektir<\/p><p>Yaz g\u00fcnlerinde kombin \u00f6nerisine ihtiya\u00e7 duyanlara birbirinden g\u00fczel fikirler sunduk. BU bunalt\u0131c\u0131 g\u00fcnlerde \u00f6zellikle hafif ve rahat kuma\u015flar tercih etmek olduk\u00e7a \u00f6nemli. Sen de t\u00fcm \u00f6nerilerimizi dikkate alarak yaz tarz\u0131n\u0131 yenileyebilir, rahat ve hafif giysilerle kendini daha \u00f6zg\u00fcr hissedebilirsin.\u00a0<\/p><figure class=\"wp-block-image size-full\"><img loading=\"lazy\" decoding=\"async\" width=\"825\" height=\"569\" src=\"https:\/\/www.blog.extremeoutdoor.com.tr\/wp-content\/uploads\/2023\/08\/sicak-yaz-gunleri-icin-kombin-onerileri-1_64aaf8fa1a245.jpg\" alt=\"\" class=\"wp-image-5139\" srcset=\"https:\/\/blog.extremeoutdoor.com.tr\/wp-content\/uploads\/2023\/08\/sicak-yaz-gunleri-icin-kombin-onerileri-1_64aaf8fa1a245.jpg 825w, https:\/\/blog.extremeoutdoor.com.tr\/wp-content\/uploads\/2023\/08\/sicak-yaz-gunleri-icin-kombin-onerileri-1_64aaf8fa1a245-300x207.jpg 300w, https:\/\/blog.extremeoutdoor.com.tr\/wp-content\/uploads\/2023\/08\/sicak-yaz-gunleri-icin-kombin-onerileri-1_64aaf8fa1a245-768x530.jpg 768w, https:\/\/blog.extremeoutdoor.com.tr\/wp-content\/uploads\/2023\/08\/sicak-yaz-gunleri-icin-kombin-onerileri-1_64aaf8fa1a245-370x255.jpg 370w, https:\/\/blog.extremeoutdoor.com.tr\/wp-content\/uploads\/2023\/08\/sicak-yaz-gunleri-icin-kombin-onerileri-1_64aaf8fa1a245-760x524.jpg 760w, https:\/\/blog.extremeoutdoor.com.tr\/wp-content\/uploads\/2023\/08\/sicak-yaz-gunleri-icin-kombin-onerileri-1_64aaf8fa1a245-565x390.jpg 565w, https:\/\/blog.extremeoutdoor.com.tr\/wp-content\/uploads\/2023\/08\/sicak-yaz-gunleri-icin-kombin-onerileri-1_64aaf8fa1a245-600x414.jpg 600w\" sizes=\"auto, (max-width: 825px) 100vw, 825px\" \/><\/figure>\n\n<div class=\"kk-star-ratings kksr-auto kksr-align-right kksr-valign-bottom\"\n    data-payload='{&quot;align&quot;:&quot;right&quot;,&quot;id&quot;:&quot;5133&quot;,&quot;slug&quot;:&quot;default&quot;,&quot;valign&quot;:&quot;bottom&quot;,&quot;ignore&quot;:&quot;&quot;,&quot;reference&quot;:&quot;auto&quot;,&quot;class&quot;:&quot;&quot;,&quot;count&quot;:&quot;0&quot;,&quot;legendonly&quot;:&quot;&quot;,&quot;readonly&quot;:&quot;&quot;,&quot;score&quot;:&quot;0&quot;,&quot;starsonly&quot;:&quot;&quot;,&quot;best&quot;:&quot;5&quot;,&quot;gap&quot;:&quot;5&quot;,&quot;greet&quot;:&quot;Oylama Yap&quot;,&quot;legend&quot;:&quot;0\\\/5 - (0 votes)&quot;,&quot;size&quot;:&quot;24&quot;,&quot;title&quot;:&quot;S\u0131cak Yaz G\u00fcnleri \u0130\u00e7in Kombin \u00d6nerileri&quot;,&quot;width&quot;:&quot;0&quot;,&quot;_legend&quot;:&quot;{score}\\\/{best} - ({count} {votes})&quot;,&quot;font_factor&quot;:&quot;1.25&quot;}'>\n            \n<div class=\"kksr-stars\">\n    \n<div class=\"kksr-stars-inactive\">\n            <div class=\"kksr-star\" data-star=\"1\" style=\"padding-right: 5px\">\n            \n\n<div class=\"kksr-icon\" style=\"width: 24px; height: 24px;\"><\/div>\n        <\/div>\n            <div class=\"kksr-star\" data-star=\"2\" style=\"padding-right: 5px\">\n            \n\n<div class=\"kksr-icon\" style=\"width: 24px; height: 24px;\"><\/div>\n        <\/div>\n            <div class=\"kksr-star\" data-star=\"3\" style=\"padding-right: 5px\">\n            \n\n<div class=\"kksr-icon\" style=\"width: 24px; height: 24px;\"><\/div>\n        <\/div>\n            <div class=\"kksr-star\" data-star=\"4\" style=\"padding-right: 5px\">\n            \n\n<div class=\"kksr-icon\" style=\"width: 24px; height: 24px;\"><\/div>\n        <\/div>\n            <div class=\"kksr-star\" data-star=\"5\" style=\"padding-right: 5px\">\n            \n\n<div class=\"kksr-icon\" style=\"width: 24px; height: 24px;\"><\/div>\n        <\/div>\n    <\/div>\n    \n<div class=\"kksr-stars-active\" style=\"width: 0px;\">\n            <div class=\"kksr-star\" style=\"padding-right: 5px\">\n            \n\n<div class=\"kksr-icon\" style=\"width: 24px; height: 24px;\"><\/div>\n        <\/div>\n            <div class=\"kksr-star\" style=\"padding-right: 5px\">\n            \n\n<div class=\"kksr-icon\" style=\"width: 24px; height: 24px;\"><\/div>\n        <\/div>\n            <div class=\"kksr-star\" style=\"padding-right: 5px\">\n            \n\n<div class=\"kksr-icon\" style=\"width: 24px; height: 24px;\"><\/div>\n        <\/div>\n            <div class=\"kksr-star\" style=\"padding-right: 5px\">\n            \n\n<div class=\"kksr-icon\" style=\"width: 24px; height: 24px;\"><\/div>\n        <\/div>\n            <div class=\"kksr-star\" style=\"padding-right: 5px\">\n            \n\n<div class=\"kksr-icon\" style=\"width: 24px; height: 24px;\"><\/div>\n        <\/div>\n    <\/div>\n<\/div>\n                \n\n<div class=\"kksr-legend\" style=\"font-size: 19.2px;\">\n            <span class=\"kksr-muted\">Oylama Yap<\/span>\n    <\/div>\n    <\/div>\n","protected":false},"excerpt":{"rendered":"<p>Yaza stilinle damga vurmaya haz\u0131r m\u0131s\u0131n? Yaz aylar\u0131 geldi ve s\u0131cak hava kap\u0131da. Bu y\u00fczden gard\u0131robunu g\u00fcncellemenin ve yeni sezon&hellip;<\/p>\n","protected":false},"author":990005,"featured_media":5140,"comment_status":"open","ping_status":"open","sticky":false,"template":"","format":"standard","meta":{"footnotes":""},"categories":[58],"tags":[461,127,1135],"class_list":["post-5133","post","type-post","status-publish","format-standard","has-post-thumbnail","hentry","category-giyim","tag-extreme-outdoor","tag-extreme-outdoor-blog","tag-kombin-onerileri"],"_links":{"self":[{"href":"https:\/\/blog.extremeoutdoor.com.tr\/index.php\/wp-json\/wp\/v2\/posts\/5133","targetHints":{"allow":["GET"]}}],"collection":[{"href":"https:\/\/blog.extremeoutdoor.com.tr\/index.php\/wp-json\/wp\/v2\/posts"}],"about":[{"href":"https:\/\/blog.extremeoutdoor.com.tr\/index.php\/wp-json\/wp\/v2\/types\/post"}],"author":[{"embeddable":true,"href":"https:\/\/blog.extremeoutdoor.com.tr\/index.php\/wp-json\/wp\/v2\/users\/990005"}],"replies":[{"embeddable":true,"href":"https:\/\/blog.extremeoutdoor.com.tr\/index.php\/wp-json\/wp\/v2\/comments?post=5133"}],"version-history":[{"count":1,"href":"https:\/\/blog.extremeoutdoor.com.tr\/index.php\/wp-json\/wp\/v2\/posts\/5133\/revisions"}],"predecessor-version":[{"id":5141,"href":"https:\/\/blog.extremeoutdoor.com.tr\/index.php\/wp-json\/wp\/v2\/posts\/5133\/revisions\/5141"}],"wp:featuredmedia":[{"embeddable":true,"href":"https:\/\/blog.extremeoutdoor.com.tr\/index.php\/wp-json\/wp\/v2\/media\/5140"}],"wp:attachment":[{"href":"https:\/\/blog.extremeoutdoor.com.tr\/index.php\/wp-json\/wp\/v2\/media?parent=5133"}],"wp:term":[{"taxonomy":"category","embeddable":true,"href":"https:\/\/blog.extremeoutdoor.com.tr\/index.php\/wp-json\/wp\/v2\/categories?post=5133"},{"taxonomy":"post_tag","embeddable":true,"href":"https:\/\/blog.extremeoutdoor.com.tr\/index.php\/wp-json\/wp\/v2\/tags?post=5133"}],"curies":[{"name":"wp","href":"https:\/\/api.w.org\/{rel}","templated":true}]}}