{"id":5247,"date":"2023-08-14T09:27:26","date_gmt":"2023-08-14T06:27:26","guid":{"rendered":"https:\/\/www.blog.extremeoutdoor.com.tr\/?p=5247"},"modified":"2023-08-14T09:27:26","modified_gmt":"2023-08-14T06:27:26","slug":"bisiklet-dunya-sampiyonasi-basliyor","status":"publish","type":"post","link":"https:\/\/blog.extremeoutdoor.com.tr\/index.php\/2023\/08\/14\/bisiklet-dunya-sampiyonasi-basliyor\/","title":{"rendered":"Bisiklet D\u00fcnya \u015eampiyonas\u0131 Ba\u015fl\u0131yor!"},"content":{"rendered":"<p>Bisiklet d\u00fcnyas\u0131n\u0131n heyecanla bekledi\u011fi ve merakla takip etti\u011fi 2023 UCI Bisiklet D\u00fcnya \u015eampiyonalar\u0131, 3-13 A\u011fustos tarihleri aras\u0131nda ger\u00e7ekle\u015fecek. Bu y\u0131l\u0131n ilk edisyonu, B\u00fcy\u00fck Britanya&#8217;n\u0131n ev sahipli\u011finde, Glasgow ve \u0130sko\u00e7ya&#8217;n\u0131n \u00e7e\u015fitli b\u00f6lgelerinde d\u00fczenlenecek. 11 g\u00fcn s\u00fcrecek bu muhte\u015fem etkinlikte, 13 ayr\u0131 UCI D\u00fcnya \u015eampiyonas\u0131 ger\u00e7ekle\u015ftirilecek ve 2600&#8217;den fazla sporcu 200&#8217;den fazla g\u00f6kku\u015fa\u011f\u0131 formas\u0131 i\u00e7in k\u0131yas\u0131ya m\u00fccadele verecek.&nbsp;<\/p><h2 class=\"wp-block-heading\"><strong>Glasgow ve \u0130sko\u00e7ya: D\u00fcnya Bisiklet Ba\u015fkenti<\/strong><\/h2><p>Bu y\u0131lki organizasyonunun ev sahibi \u015fehir ve b\u00f6lge olarak se\u00e7ilen Glasgow ve \u0130sko\u00e7ya, 10 ila 12 g\u00fcn boyunca d\u00fcnyan\u0131n ger\u00e7ek bisiklet ba\u015fkenti haline gelecek. Binlerce bisikletsever ve sporcu, bu heyecan dolu organizasyon i\u00e7in bu e\u015fsiz co\u011frafyaya ak\u0131n edecek. Ayn\u0131 zamanda d\u00fcnya genelinde yap\u0131lacak yay\u0131nlar sayesinde yar\u0131\u015fma mekanlar\u0131 ve \u00e7evreleri, bisiklet tutkunlar\u0131na d\u00fcnyan\u0131n d\u00f6rt bir yan\u0131ndan izlettirilecek.<\/p><figure class=\"wp-block-image size-full\"><img loading=\"lazy\" decoding=\"async\" width=\"825\" height=\"500\" src=\"https:\/\/www.blog.extremeoutdoor.com.tr\/wp-content\/uploads\/2023\/08\/bisiklet-sampiyonasi-basliyor-2_64d8cec289b95.jpg\" alt=\"\" class=\"wp-image-5248\" srcset=\"https:\/\/blog.extremeoutdoor.com.tr\/wp-content\/uploads\/2023\/08\/bisiklet-sampiyonasi-basliyor-2_64d8cec289b95.jpg 825w, https:\/\/blog.extremeoutdoor.com.tr\/wp-content\/uploads\/2023\/08\/bisiklet-sampiyonasi-basliyor-2_64d8cec289b95-300x182.jpg 300w, https:\/\/blog.extremeoutdoor.com.tr\/wp-content\/uploads\/2023\/08\/bisiklet-sampiyonasi-basliyor-2_64d8cec289b95-768x465.jpg 768w, https:\/\/blog.extremeoutdoor.com.tr\/wp-content\/uploads\/2023\/08\/bisiklet-sampiyonasi-basliyor-2_64d8cec289b95-370x224.jpg 370w, https:\/\/blog.extremeoutdoor.com.tr\/wp-content\/uploads\/2023\/08\/bisiklet-sampiyonasi-basliyor-2_64d8cec289b95-760x461.jpg 760w, https:\/\/blog.extremeoutdoor.com.tr\/wp-content\/uploads\/2023\/08\/bisiklet-sampiyonasi-basliyor-2_64d8cec289b95-565x342.jpg 565w, https:\/\/blog.extremeoutdoor.com.tr\/wp-content\/uploads\/2023\/08\/bisiklet-sampiyonasi-basliyor-2_64d8cec289b95-600x364.jpg 600w\" sizes=\"auto, (max-width: 825px) 100vw, 825px\" \/><\/figure><p><strong>Yar\u0131\u015fma Takvimi ve Heyecan Verici Etaplar<\/strong><\/p><p>2023 Bisiklet D\u00fcnya \u015eampiyonas\u0131&#8217;nda pek \u00e7ok \u00f6nemli etap ve yar\u0131\u015fma d\u00fczenlenecek. \u0130\u015fte, merakla beklenen baz\u0131 ana etaplar ve yar\u0131\u015fma sonu\u00e7lar\u0131:<\/p><p><strong>Yol Yar\u0131\u015f\u0131 \/ Erkekler (06\/08)<\/strong><\/p><p><strong>D\u00fcnya \u015eampiyonas\u0131 \/ 271.1 KM<\/strong><\/p><p><strong>Saat:<\/strong>&nbsp;11:30<\/p><p><strong>Team Relay \/ Kar\u0131\u015f\u0131k (08\/08)<\/strong><\/p><p><strong>D\u00fcnya \u015eampiyonas\u0131 \/ 40.3 KM<\/strong><\/p><p><strong>Saat:&nbsp;<\/strong>15:00<\/p><p><strong>Bireysel Deneme S\u00fcresi \/ Kad\u0131nlar (10\/08)<\/strong><\/p><p><strong>D\u00fcnya \u015eampiyonas\u0131 \/ 36.2 KM<\/strong><\/p><p><strong>Saat:&nbsp;<\/strong>16:00<\/p><p><strong>Bireysel Deneme S\u00fcresi \/ Erkekler (11\/08)<\/strong><\/p><p><strong>D\u00fcnya \u015eampiyonas\u0131 \/ 47.8 KM<\/strong><\/p><p><strong>Saat:&nbsp;<\/strong>16:35<\/p><p><strong>Yol Yar\u0131\u015f\u0131 \/ Kad\u0131nlar (13\/08)<\/strong><\/p><p><strong>D\u00fcnya \u015eampiyonas\u0131 \/ 154.1 KM<\/strong><\/p><p><strong>Saat:&nbsp;<\/strong>14:00<\/p><p>Yar\u0131\u015flarda, d\u00fcnya \u00e7ap\u0131nda \u00fcnl\u00fc bisiklet\u00e7iler, kendi \u00fclkelerini temsil etmek i\u00e7in ter d\u00f6kecekler. Hem yol yar\u0131\u015flar\u0131nda hem de bireysel deneme s\u00fcrelerinde sporcular\u0131n s\u0131n\u0131rlar\u0131n\u0131 zorlamas\u0131 ve izleyicilere nefes kesen m\u00fccadeleler sunmas\u0131 bekleniyor. Ayr\u0131ca, Team Relay yar\u0131\u015fmas\u0131yla birlikte kar\u0131\u015f\u0131k tak\u0131mlar\u0131n m\u00fccadelesi de b\u00fcy\u00fck bir ilgiyle takip edilecek.<\/p><p>2023 Bisiklet D\u00fcnya \u015eampiyonas\u0131&#8217;n\u0131n en prestijli \u00f6d\u00fcl\u00fc olan g\u00f6kku\u015fa\u011f\u0131 formas\u0131, her kategorideki UCI D\u00fcnya \u015eampiyonalar\u0131nda kazan\u0131lacak. Bu formay\u0131 giymek, her bisiklet\u00e7inin hayali ve \u015fampiyonlar i\u00e7in b\u00fcy\u00fck bir gurur kayna\u011f\u0131d\u0131r. \u015eampiyonaya kat\u0131lan t\u00fcm sporcular, yar\u0131\u015flarda g\u00f6sterdikleri \u00fcst\u00fcn performansla g\u00f6kku\u015fa\u011f\u0131 formay\u0131 elde etmek i\u00e7in b\u00fcy\u00fck bir m\u00fccadele edecekler.\u00a0<\/p><figure class=\"wp-block-image size-full\"><img loading=\"lazy\" decoding=\"async\" width=\"825\" height=\"500\" src=\"https:\/\/www.blog.extremeoutdoor.com.tr\/wp-content\/uploads\/2023\/08\/bisiklet-sampiyonasi-basliyor-3_64d8ced996dd1.jpg\" alt=\"\" class=\"wp-image-5249\" srcset=\"https:\/\/blog.extremeoutdoor.com.tr\/wp-content\/uploads\/2023\/08\/bisiklet-sampiyonasi-basliyor-3_64d8ced996dd1.jpg 825w, https:\/\/blog.extremeoutdoor.com.tr\/wp-content\/uploads\/2023\/08\/bisiklet-sampiyonasi-basliyor-3_64d8ced996dd1-300x182.jpg 300w, https:\/\/blog.extremeoutdoor.com.tr\/wp-content\/uploads\/2023\/08\/bisiklet-sampiyonasi-basliyor-3_64d8ced996dd1-768x465.jpg 768w, https:\/\/blog.extremeoutdoor.com.tr\/wp-content\/uploads\/2023\/08\/bisiklet-sampiyonasi-basliyor-3_64d8ced996dd1-370x224.jpg 370w, https:\/\/blog.extremeoutdoor.com.tr\/wp-content\/uploads\/2023\/08\/bisiklet-sampiyonasi-basliyor-3_64d8ced996dd1-760x461.jpg 760w, https:\/\/blog.extremeoutdoor.com.tr\/wp-content\/uploads\/2023\/08\/bisiklet-sampiyonasi-basliyor-3_64d8ced996dd1-565x342.jpg 565w, https:\/\/blog.extremeoutdoor.com.tr\/wp-content\/uploads\/2023\/08\/bisiklet-sampiyonasi-basliyor-3_64d8ced996dd1-600x364.jpg 600w\" sizes=\"auto, (max-width: 825px) 100vw, 825px\" \/><\/figure>\n\n<div class=\"kk-star-ratings kksr-auto kksr-align-right kksr-valign-bottom\"\n    data-payload='{&quot;align&quot;:&quot;right&quot;,&quot;id&quot;:&quot;5247&quot;,&quot;slug&quot;:&quot;default&quot;,&quot;valign&quot;:&quot;bottom&quot;,&quot;ignore&quot;:&quot;&quot;,&quot;reference&quot;:&quot;auto&quot;,&quot;class&quot;:&quot;&quot;,&quot;count&quot;:&quot;1&quot;,&quot;legendonly&quot;:&quot;&quot;,&quot;readonly&quot;:&quot;&quot;,&quot;score&quot;:&quot;5&quot;,&quot;starsonly&quot;:&quot;&quot;,&quot;best&quot;:&quot;5&quot;,&quot;gap&quot;:&quot;5&quot;,&quot;greet&quot;:&quot;Oylama Yap&quot;,&quot;legend&quot;:&quot;5\\\/5 - (1 vote)&quot;,&quot;size&quot;:&quot;24&quot;,&quot;title&quot;:&quot;Bisiklet D\u00fcnya \u015eampiyonas\u0131 Ba\u015fl\u0131yor!&quot;,&quot;width&quot;:&quot;142.5&quot;,&quot;_legend&quot;:&quot;{score}\\\/{best} - ({count} {votes})&quot;,&quot;font_factor&quot;:&quot;1.25&quot;}'>\n            \n<div class=\"kksr-stars\">\n    \n<div class=\"kksr-stars-inactive\">\n            <div class=\"kksr-star\" data-star=\"1\" style=\"padding-right: 5px\">\n            \n\n<div class=\"kksr-icon\" style=\"width: 24px; height: 24px;\"><\/div>\n        <\/div>\n            <div class=\"kksr-star\" data-star=\"2\" style=\"padding-right: 5px\">\n            \n\n<div class=\"kksr-icon\" style=\"width: 24px; height: 24px;\"><\/div>\n        <\/div>\n            <div class=\"kksr-star\" data-star=\"3\" style=\"padding-right: 5px\">\n            \n\n<div class=\"kksr-icon\" style=\"width: 24px; height: 24px;\"><\/div>\n        <\/div>\n            <div class=\"kksr-star\" data-star=\"4\" style=\"padding-right: 5px\">\n            \n\n<div class=\"kksr-icon\" style=\"width: 24px; height: 24px;\"><\/div>\n        <\/div>\n            <div class=\"kksr-star\" data-star=\"5\" style=\"padding-right: 5px\">\n            \n\n<div class=\"kksr-icon\" style=\"width: 24px; height: 24px;\"><\/div>\n        <\/div>\n    <\/div>\n    \n<div class=\"kksr-stars-active\" style=\"width: 142.5px;\">\n            <div class=\"kksr-star\" style=\"padding-right: 5px\">\n            \n\n<div class=\"kksr-icon\" style=\"width: 24px; height: 24px;\"><\/div>\n        <\/div>\n            <div class=\"kksr-star\" style=\"padding-right: 5px\">\n            \n\n<div class=\"kksr-icon\" style=\"width: 24px; height: 24px;\"><\/div>\n        <\/div>\n            <div class=\"kksr-star\" style=\"padding-right: 5px\">\n            \n\n<div class=\"kksr-icon\" style=\"width: 24px; height: 24px;\"><\/div>\n        <\/div>\n            <div class=\"kksr-star\" style=\"padding-right: 5px\">\n            \n\n<div class=\"kksr-icon\" style=\"width: 24px; height: 24px;\"><\/div>\n        <\/div>\n            <div class=\"kksr-star\" style=\"padding-right: 5px\">\n            \n\n<div class=\"kksr-icon\" style=\"width: 24px; height: 24px;\"><\/div>\n        <\/div>\n    <\/div>\n<\/div>\n                \n\n<div class=\"kksr-legend\" style=\"font-size: 19.2px;\">\n            5\/5 - (1 vote)    <\/div>\n    <\/div>\n","protected":false},"excerpt":{"rendered":"<p>Bisiklet d\u00fcnyas\u0131n\u0131n heyecanla bekledi\u011fi ve merakla takip etti\u011fi 2023 UCI Bisiklet D\u00fcnya \u015eampiyonalar\u0131, 3-13 A\u011fustos tarihleri aras\u0131nda ger\u00e7ekle\u015fecek. Bu y\u0131l\u0131n&hellip;<\/p>\n","protected":false},"author":990005,"featured_media":5250,"comment_status":"open","ping_status":"open","sticky":false,"template":"","format":"standard","meta":{"footnotes":""},"categories":[1],"tags":[461,127],"class_list":["post-5247","post","type-post","status-publish","format-standard","has-post-thumbnail","hentry","category-bisiklet","tag-extreme-outdoor","tag-extreme-outdoor-blog"],"_links":{"self":[{"href":"https:\/\/blog.extremeoutdoor.com.tr\/index.php\/wp-json\/wp\/v2\/posts\/5247","targetHints":{"allow":["GET"]}}],"collection":[{"href":"https:\/\/blog.extremeoutdoor.com.tr\/index.php\/wp-json\/wp\/v2\/posts"}],"about":[{"href":"https:\/\/blog.extremeoutdoor.com.tr\/index.php\/wp-json\/wp\/v2\/types\/post"}],"author":[{"embeddable":true,"href":"https:\/\/blog.extremeoutdoor.com.tr\/index.php\/wp-json\/wp\/v2\/users\/990005"}],"replies":[{"embeddable":true,"href":"https:\/\/blog.extremeoutdoor.com.tr\/index.php\/wp-json\/wp\/v2\/comments?post=5247"}],"version-history":[{"count":1,"href":"https:\/\/blog.extremeoutdoor.com.tr\/index.php\/wp-json\/wp\/v2\/posts\/5247\/revisions"}],"predecessor-version":[{"id":5251,"href":"https:\/\/blog.extremeoutdoor.com.tr\/index.php\/wp-json\/wp\/v2\/posts\/5247\/revisions\/5251"}],"wp:featuredmedia":[{"embeddable":true,"href":"https:\/\/blog.extremeoutdoor.com.tr\/index.php\/wp-json\/wp\/v2\/media\/5250"}],"wp:attachment":[{"href":"https:\/\/blog.extremeoutdoor.com.tr\/index.php\/wp-json\/wp\/v2\/media?parent=5247"}],"wp:term":[{"taxonomy":"category","embeddable":true,"href":"https:\/\/blog.extremeoutdoor.com.tr\/index.php\/wp-json\/wp\/v2\/categories?post=5247"},{"taxonomy":"post_tag","embeddable":true,"href":"https:\/\/blog.extremeoutdoor.com.tr\/index.php\/wp-json\/wp\/v2\/tags?post=5247"}],"curies":[{"name":"wp","href":"https:\/\/api.w.org\/{rel}","templated":true}]}}