{"id":5260,"date":"2023-08-23T11:28:37","date_gmt":"2023-08-23T08:28:37","guid":{"rendered":"https:\/\/www.blog.extremeoutdoor.com.tr\/?p=5260"},"modified":"2023-08-23T11:28:37","modified_gmt":"2023-08-23T08:28:37","slug":"sac-bandi-nasil-takilir-avantajlari-nelerdir","status":"publish","type":"post","link":"https:\/\/blog.extremeoutdoor.com.tr\/index.php\/2023\/08\/23\/sac-bandi-nasil-takilir-avantajlari-nelerdir\/","title":{"rendered":"SA\u00c7 BANDI NASIL TAKILIR? &amp; AVANTAJLARI NELERD\u0130R?"},"content":{"rendered":"<p>Sa\u00e7 bantlar\u0131 ilk olarak sa\u00e7lar\u0131 y\u00fcz\u00fcn\u00fczden uzak tutmak i\u00e7in tasarlansa da marka ve model se\u00e7enekleri sayesinde art\u0131k bir moda aksesuar\u0131d\u0131r. Ancak tabii ki i\u015flevlerini yerine getirmeye devam edebilirler. \u00c7\u00fcnk\u00fc sa\u00e7 bantlar\u0131n\u0131 so\u011fuktan korunmak, ter \u00f6nlemek ya da sa\u00e7lar\u0131 sabit tutmak i\u00e7in kullanabilirsiniz. Dolay\u0131s\u0131yla sa\u00e7 band\u0131n\u0131 ister bir kombin \u00f6gesi ister spor aksesuar\u0131 olarak tercih edebilirsiniz. Sa\u00e7 band\u0131n\u0131n yan\u0131 s\u0131ra ayn\u0131 i\u015flevlere sahip bandanalar da vard\u0131r. Bu iki t\u00fcr sa\u00e7 aksesuar\u0131 sa\u00e7 uzunlu\u011funuz fark etmeksizin pek \u00e7ok farkl\u0131 \u015fekilde tak\u0131labilir. Gelin \u201cSa\u00e7 band\u0131 nas\u0131l tak\u0131l\u0131r?\u201d A\u00e7\u0131k sa\u00e7a bandana nas\u0131l ba\u011flan\u0131r?\u201d gibi merak edilen konular\u0131 birlikte inceleyelim.<\/p><h2 class=\"wp-block-heading\"><strong>Sa\u00e7 Band\u0131 Neden Tak\u0131l\u0131r?<\/strong><\/h2><p>Sa\u00e7 band\u0131n\u0131n k\u00f6kenleri y\u00fczy\u0131llar \u00f6ncesi Yunanl\u0131lara ve Romal\u0131lara dayan\u0131r. \u00c7\u00fcnk\u00fc sa\u00e7 bantlar\u0131 eskiden de sadece g\u00fcne\u015f ve etkilerinden korunmak i\u00e7in de\u011fil, aksesuar olarak da olduk\u00e7a pop\u00fclerdi. G\u00fcn\u00fcm\u00fczde ise t\u0131pk\u0131 bandanalar gibi pop\u00fclerli\u011fini koruyan aksesuarlardan biri. Bunun sebebi ise kad\u0131n-erkek veya gen\u00e7-ya\u015fl\u0131 herkesin diledi\u011fi gibi kullanabilmesidir. Bununla birlikte sa\u00e7 band\u0131 takman\u0131n bir\u00e7ok nedeni olabilir. \u00d6rne\u011fin en \u00f6nemlisi \u015fapka takmay\u0131 tercih etmedi\u011finizde ko\u015farken sa\u00e7lar\u0131n\u0131z\u0131n sabit kalmas\u0131n\u0131 sa\u011flamas\u0131 olabilir. \u00c7\u00fcnk\u00fc ko\u015fu esnas\u0131nda sa\u00e7lar\u0131n\u0131z a\u00e7\u0131ksa y\u00fcz\u00fcn\u00fcze gelir ve ko\u015fu performans\u0131n\u0131z\u0131 olumsuz etkileyebilir. Bunun d\u0131\u015f\u0131nda sa\u00e7 band\u0131 kullanman\u0131n pek \u00e7ok farkl\u0131 nedeni vard\u0131r. Bu nedenlerden baz\u0131lar\u0131 ise \u015f\u00f6yle s\u0131ralanabilir:<\/p><ul class=\"wp-block-list\"><li>\u0130nce bir sa\u00e7 band\u0131 sa\u00e7lar\u0131 y\u00fcz\u00fcn\u00fczden uzak tutarken daha kal\u0131n tasar\u0131mlar per\u00e7emlerinizi tutman\u0131n yan\u0131 s\u0131ra ayn\u0131 zamanda teri toplayarak konfor sa\u011flar.<\/li>\n\n<li>Termal malzemeden \u00fcretilmi\u015f kal\u0131n sa\u00e7 bantlar\u0131 so\u011fuk g\u00fcnlerde aln\u0131n\u0131z\u0131 ve kulaklar\u0131n\u0131z\u0131 s\u0131cak tutar.<\/li>\n\n<li>S\u0131cakl\u0131\u011f\u0131n s\u0131f\u0131r\u0131n alt\u0131na d\u00fc\u015ft\u00fc\u011f\u00fc g\u00fcnlerde aln\u0131n\u0131z\u0131 ve kulaklar\u0131n\u0131z\u0131 so\u011fu\u011fa kar\u015f\u0131 korumak i\u00e7in sa\u00e7 band\u0131 kullanman\u0131z \u00f6nerilir. \u00d6zellikle k\u0131\u015f\u0131n ko\u015fu yapmay\u0131 \u00e7ok daha rahat hale getirebilir.<\/li>\n\n<li>Sa\u00e7 bantlar\u0131 genellikle nefes alabilen malzemeden yap\u0131l\u0131r ve bu nedenle rahat bir ko\u015fu antrenman\u0131na katk\u0131da bulunur.<\/li>\n\n<li>Kombinlerinizi tamamlamak i\u00e7in sa\u00e7 aksesuar\u0131 da olabilir. A\u00e7\u0131k ya da at kuyru\u011fu sa\u00e7lar\u0131n\u0131za uygun renkte bir sa\u00e7 band\u0131 takabilirsiniz.<\/li><\/ul><figure class=\"wp-block-image size-large\"><img loading=\"lazy\" decoding=\"async\" width=\"1024\" height=\"682\" src=\"https:\/\/www.blog.extremeoutdoor.com.tr\/wp-content\/uploads\/2023\/08\/IB_API_P_4001227_d95d230d-9c87-44fa-9996-362fc5aa8666-1024x682.jpg\" alt=\"\" class=\"wp-image-5261\" srcset=\"https:\/\/blog.extremeoutdoor.com.tr\/wp-content\/uploads\/2023\/08\/IB_API_P_4001227_d95d230d-9c87-44fa-9996-362fc5aa8666-1024x682.jpg 1024w, https:\/\/blog.extremeoutdoor.com.tr\/wp-content\/uploads\/2023\/08\/IB_API_P_4001227_d95d230d-9c87-44fa-9996-362fc5aa8666-300x200.jpg 300w, https:\/\/blog.extremeoutdoor.com.tr\/wp-content\/uploads\/2023\/08\/IB_API_P_4001227_d95d230d-9c87-44fa-9996-362fc5aa8666-768x512.jpg 768w, https:\/\/blog.extremeoutdoor.com.tr\/wp-content\/uploads\/2023\/08\/IB_API_P_4001227_d95d230d-9c87-44fa-9996-362fc5aa8666-370x247.jpg 370w, https:\/\/blog.extremeoutdoor.com.tr\/wp-content\/uploads\/2023\/08\/IB_API_P_4001227_d95d230d-9c87-44fa-9996-362fc5aa8666-760x506.jpg 760w, https:\/\/blog.extremeoutdoor.com.tr\/wp-content\/uploads\/2023\/08\/IB_API_P_4001227_d95d230d-9c87-44fa-9996-362fc5aa8666-565x377.jpg 565w, https:\/\/blog.extremeoutdoor.com.tr\/wp-content\/uploads\/2023\/08\/IB_API_P_4001227_d95d230d-9c87-44fa-9996-362fc5aa8666-600x400.jpg 600w, https:\/\/blog.extremeoutdoor.com.tr\/wp-content\/uploads\/2023\/08\/IB_API_P_4001227_d95d230d-9c87-44fa-9996-362fc5aa8666.jpg 1280w\" sizes=\"auto, (max-width: 1024px) 100vw, 1024px\" \/><\/figure><h2 class=\"wp-block-heading\"><strong>Sporcu Sa\u00e7 Band\u0131 Ne \u0130\u015fe Yarar?<\/strong><\/h2><p>Spor ya da ko\u015fu band\u0131, ko\u015farken sa\u00e7lar\u0131n\u0131z\u0131n aln\u0131n\u0131za yap\u0131\u015fmas\u0131n\u0131 ya da sa\u00e7lar\u0131n\u0131z\u0131n g\u00f6zlerinizin \u00f6n\u00fcne gelmesini engeller. K\u0131\u015f ko\u015fular\u0131nda aln\u0131n\u0131z\u0131 ve kulaklar\u0131n\u0131z\u0131 s\u0131cak tutacak termal sa\u00e7 bantlar\u0131 da bulunur. Dolay\u0131s\u0131yla so\u011fuk havada da outdoor aktivitelerinize ve antrenmanlar\u0131n\u0131za devam edebilirsiniz. Spor bir sa\u00e7 band\u0131 \u00f6zellikle per\u00e7emli veya bukleli sa\u00e7lara sahip kullan\u0131c\u0131lar i\u00e7in idealdir. Bu sayede sa\u00e7lar\u0131n\u0131z\u0131n ko\u015fuda ya da ekstrem hareketlerde sizi rahats\u0131z etmesini \u00f6nleyebilirsiniz. Bununla birlikte spor sa\u00e7 band\u0131n\u0131 sadece ko\u015fucular de\u011fil, ayn\u0131 zamanda hokey oyuncular\u0131, futbolcular veya kardiyo sporcular\u0131 da antrenman esnas\u0131nda kullanabilir. Bununla birlikte t\u00fcm bu avantajlardan yararlanmak i\u00e7in \u201csporcu sa\u00e7 band\u0131 nas\u0131l tak\u0131l\u0131r?\u201d diye d\u00fc\u015f\u00fcn\u00fcyor olabilirsiniz. Sporcu sa\u00e7 band\u0131n\u0131 ba\u015f\u0131n\u0131zdan aln\u0131n\u0131za kadar ge\u00e7irerek takabilirsiniz. B\u00f6ylece hem sa\u00e7lar\u0131n\u0131z\u0131 sabitler hem de terin akmas\u0131n\u0131 \u00f6nleyebilir.<\/p><h2 class=\"wp-block-heading\"><strong>Sa\u00e7 Band\u0131 Nas\u0131l Kullan\u0131l\u0131r?<\/strong><\/h2><p>Sa\u00e7 band\u0131 ya da bandana farkl\u0131 \u015fekillerde \u00fcretilebildi\u011finden genellikle kullan\u0131c\u0131lar \u201cbandana nas\u0131l tak\u0131l\u0131r?\u201d diye merak edebilir. \u00c7\u00fcnk\u00fc her model farkl\u0131 \u015fekillerde direkt tak\u0131labilir veya sa\u00e7lara ba\u011flanabilir. \u00d6rne\u011fin elastik sa\u00e7 bantlar\u0131 daire \u015feklinde tek par\u00e7adan olu\u015fur. Bu sa\u00e7 bantlar\u0131n\u0131 ba\u015f\u0131n\u0131zdan boynunuza kadar ge\u00e7irdikten sonra sa\u00e7lar\u0131n\u0131z\u0131 geride b\u0131rakacak \u015fekilde aln\u0131n\u0131zdan yukar\u0131 do\u011fru kadar kald\u0131rarak takabilirsiniz. Ancak \u015ferit \u015feklinde olan sa\u00e7 bantlar\u0131 takman\u0131n daha \u00e7ok yolu vard\u0131r. Yine elastik sa\u00e7 bantlar\u0131 gibi t\u00fcm sa\u00e7lar\u0131n\u0131z arkada kalacak \u015fekilde takabilirsiniz. Bu bilinen en klasik sa\u00e7 band\u0131 takma y\u00f6ntemidir. Di\u011fer y\u00f6ntemler ise \u015f\u00f6yledir:<\/p><ul class=\"wp-block-list\"><li>\u015eerit \u015feklinde tasarlanan sa\u00e7 bantlar\u0131n\u0131, sa\u00e7lar\u0131n\u0131z\u0131 at kuyru\u011fu ba\u011flad\u0131ktan sonra tokayla birlikte kullanabilirsiniz. Tokan\u0131n \u00fczerinden birka\u00e7 tur sar\u0131p fiyonk ya da kurdele yapabilirsiniz.<\/li>\n\n<li>Ta\u00e7 \u015feklinde \u00fcretilen sa\u00e7 bantlar\u0131n\u0131 ise ba\u015f\u0131n\u0131z\u0131n \u00f6n\u00fcnden arkaya do\u011fru yerle\u015ftirmeniz yeterlidir.<\/li>\n\n<li>Bandanalar ise \u00e7ok daha farkl\u0131 \u015fekillerde tak\u0131labilir. \u00d6rne\u011fin, boyunluk, bileklik ya da bant olarak kullan\u0131labilir.<\/li><\/ul><figure class=\"wp-block-image size-large\"><img loading=\"lazy\" decoding=\"async\" width=\"1024\" height=\"684\" src=\"https:\/\/www.blog.extremeoutdoor.com.tr\/wp-content\/uploads\/2023\/08\/IB_API_P_2699755_aba08160-4eea-4eb0-931c-a0015b75a1df-1024x684.jpg\" alt=\"\" class=\"wp-image-5262\" srcset=\"https:\/\/blog.extremeoutdoor.com.tr\/wp-content\/uploads\/2023\/08\/IB_API_P_2699755_aba08160-4eea-4eb0-931c-a0015b75a1df-1024x684.jpg 1024w, https:\/\/blog.extremeoutdoor.com.tr\/wp-content\/uploads\/2023\/08\/IB_API_P_2699755_aba08160-4eea-4eb0-931c-a0015b75a1df-300x200.jpg 300w, https:\/\/blog.extremeoutdoor.com.tr\/wp-content\/uploads\/2023\/08\/IB_API_P_2699755_aba08160-4eea-4eb0-931c-a0015b75a1df-768x513.jpg 768w, https:\/\/blog.extremeoutdoor.com.tr\/wp-content\/uploads\/2023\/08\/IB_API_P_2699755_aba08160-4eea-4eb0-931c-a0015b75a1df-370x247.jpg 370w, https:\/\/blog.extremeoutdoor.com.tr\/wp-content\/uploads\/2023\/08\/IB_API_P_2699755_aba08160-4eea-4eb0-931c-a0015b75a1df-760x508.jpg 760w, https:\/\/blog.extremeoutdoor.com.tr\/wp-content\/uploads\/2023\/08\/IB_API_P_2699755_aba08160-4eea-4eb0-931c-a0015b75a1df-565x377.jpg 565w, https:\/\/blog.extremeoutdoor.com.tr\/wp-content\/uploads\/2023\/08\/IB_API_P_2699755_aba08160-4eea-4eb0-931c-a0015b75a1df-600x401.jpg 600w, https:\/\/blog.extremeoutdoor.com.tr\/wp-content\/uploads\/2023\/08\/IB_API_P_2699755_aba08160-4eea-4eb0-931c-a0015b75a1df.jpg 1280w\" sizes=\"auto, (max-width: 1024px) 100vw, 1024px\" \/><\/figure>\n\n<div class=\"kk-star-ratings kksr-auto kksr-align-right kksr-valign-bottom\"\n    data-payload='{&quot;align&quot;:&quot;right&quot;,&quot;id&quot;:&quot;5260&quot;,&quot;slug&quot;:&quot;default&quot;,&quot;valign&quot;:&quot;bottom&quot;,&quot;ignore&quot;:&quot;&quot;,&quot;reference&quot;:&quot;auto&quot;,&quot;class&quot;:&quot;&quot;,&quot;count&quot;:&quot;0&quot;,&quot;legendonly&quot;:&quot;&quot;,&quot;readonly&quot;:&quot;&quot;,&quot;score&quot;:&quot;0&quot;,&quot;starsonly&quot;:&quot;&quot;,&quot;best&quot;:&quot;5&quot;,&quot;gap&quot;:&quot;5&quot;,&quot;greet&quot;:&quot;Oylama Yap&quot;,&quot;legend&quot;:&quot;0\\\/5 - (0 votes)&quot;,&quot;size&quot;:&quot;24&quot;,&quot;title&quot;:&quot;SA\u00c7 BANDI NASIL TAKILIR? \\u0026amp; AVANTAJLARI NELERD\u0130R?&quot;,&quot;width&quot;:&quot;0&quot;,&quot;_legend&quot;:&quot;{score}\\\/{best} - ({count} {votes})&quot;,&quot;font_factor&quot;:&quot;1.25&quot;}'>\n            \n<div class=\"kksr-stars\">\n    \n<div class=\"kksr-stars-inactive\">\n            <div class=\"kksr-star\" data-star=\"1\" style=\"padding-right: 5px\">\n            \n\n<div class=\"kksr-icon\" style=\"width: 24px; height: 24px;\"><\/div>\n        <\/div>\n            <div class=\"kksr-star\" data-star=\"2\" style=\"padding-right: 5px\">\n            \n\n<div class=\"kksr-icon\" style=\"width: 24px; height: 24px;\"><\/div>\n        <\/div>\n            <div class=\"kksr-star\" data-star=\"3\" style=\"padding-right: 5px\">\n            \n\n<div class=\"kksr-icon\" style=\"width: 24px; height: 24px;\"><\/div>\n        <\/div>\n            <div class=\"kksr-star\" data-star=\"4\" style=\"padding-right: 5px\">\n            \n\n<div class=\"kksr-icon\" style=\"width: 24px; height: 24px;\"><\/div>\n        <\/div>\n            <div class=\"kksr-star\" data-star=\"5\" style=\"padding-right: 5px\">\n            \n\n<div class=\"kksr-icon\" style=\"width: 24px; height: 24px;\"><\/div>\n        <\/div>\n    <\/div>\n    \n<div class=\"kksr-stars-active\" style=\"width: 0px;\">\n            <div class=\"kksr-star\" style=\"padding-right: 5px\">\n            \n\n<div class=\"kksr-icon\" style=\"width: 24px; height: 24px;\"><\/div>\n        <\/div>\n            <div class=\"kksr-star\" style=\"padding-right: 5px\">\n            \n\n<div class=\"kksr-icon\" style=\"width: 24px; height: 24px;\"><\/div>\n        <\/div>\n            <div class=\"kksr-star\" style=\"padding-right: 5px\">\n            \n\n<div class=\"kksr-icon\" style=\"width: 24px; height: 24px;\"><\/div>\n        <\/div>\n            <div class=\"kksr-star\" style=\"padding-right: 5px\">\n            \n\n<div class=\"kksr-icon\" style=\"width: 24px; height: 24px;\"><\/div>\n        <\/div>\n            <div class=\"kksr-star\" style=\"padding-right: 5px\">\n            \n\n<div class=\"kksr-icon\" style=\"width: 24px; height: 24px;\"><\/div>\n        <\/div>\n    <\/div>\n<\/div>\n                \n\n<div class=\"kksr-legend\" style=\"font-size: 19.2px;\">\n            <span class=\"kksr-muted\">Oylama Yap<\/span>\n    <\/div>\n    <\/div>\n","protected":false},"excerpt":{"rendered":"<p>Sa\u00e7 bantlar\u0131 ilk olarak sa\u00e7lar\u0131 y\u00fcz\u00fcn\u00fczden uzak tutmak i\u00e7in tasarlansa da marka ve model se\u00e7enekleri sayesinde art\u0131k bir moda aksesuar\u0131d\u0131r.&hellip;<\/p>\n","protected":false},"author":990005,"featured_media":5263,"comment_status":"open","ping_status":"open","sticky":false,"template":"","format":"standard","meta":{"footnotes":""},"categories":[58,66],"tags":[461,127,1143,1145,1146,1148,1147],"class_list":["post-5260","post","type-post","status-publish","format-standard","has-post-thumbnail","hentry","category-giyim","category-spor-fitness","tag-extreme-outdoor","tag-extreme-outdoor-blog","tag-sac-bandi","tag-sac-bandi-nasil-kullanilir","tag-sac-bandi-ne-ise-yarar","tag-sac-bandi-neden-takilir","tag-sporcu-sac-bandi-ne-ise-yarar"],"_links":{"self":[{"href":"https:\/\/blog.extremeoutdoor.com.tr\/index.php\/wp-json\/wp\/v2\/posts\/5260","targetHints":{"allow":["GET"]}}],"collection":[{"href":"https:\/\/blog.extremeoutdoor.com.tr\/index.php\/wp-json\/wp\/v2\/posts"}],"about":[{"href":"https:\/\/blog.extremeoutdoor.com.tr\/index.php\/wp-json\/wp\/v2\/types\/post"}],"author":[{"embeddable":true,"href":"https:\/\/blog.extremeoutdoor.com.tr\/index.php\/wp-json\/wp\/v2\/users\/990005"}],"replies":[{"embeddable":true,"href":"https:\/\/blog.extremeoutdoor.com.tr\/index.php\/wp-json\/wp\/v2\/comments?post=5260"}],"version-history":[{"count":1,"href":"https:\/\/blog.extremeoutdoor.com.tr\/index.php\/wp-json\/wp\/v2\/posts\/5260\/revisions"}],"predecessor-version":[{"id":5264,"href":"https:\/\/blog.extremeoutdoor.com.tr\/index.php\/wp-json\/wp\/v2\/posts\/5260\/revisions\/5264"}],"wp:featuredmedia":[{"embeddable":true,"href":"https:\/\/blog.extremeoutdoor.com.tr\/index.php\/wp-json\/wp\/v2\/media\/5263"}],"wp:attachment":[{"href":"https:\/\/blog.extremeoutdoor.com.tr\/index.php\/wp-json\/wp\/v2\/media?parent=5260"}],"wp:term":[{"taxonomy":"category","embeddable":true,"href":"https:\/\/blog.extremeoutdoor.com.tr\/index.php\/wp-json\/wp\/v2\/categories?post=5260"},{"taxonomy":"post_tag","embeddable":true,"href":"https:\/\/blog.extremeoutdoor.com.tr\/index.php\/wp-json\/wp\/v2\/tags?post=5260"}],"curies":[{"name":"wp","href":"https:\/\/api.w.org\/{rel}","templated":true}]}}