{"id":5292,"date":"2023-08-23T12:25:05","date_gmt":"2023-08-23T09:25:05","guid":{"rendered":"https:\/\/www.blog.extremeoutdoor.com.tr\/?p=5292"},"modified":"2023-08-23T12:25:05","modified_gmt":"2023-08-23T09:25:05","slug":"muzik-aletlerinin-kisa-tarihleri","status":"publish","type":"post","link":"https:\/\/blog.extremeoutdoor.com.tr\/index.php\/2023\/08\/23\/muzik-aletlerinin-kisa-tarihleri\/","title":{"rendered":"M\u00fczik Aletlerinin K\u0131sa Tarihleri"},"content":{"rendered":"<p><strong>M\u00fczik,&nbsp;<\/strong>bir sanat formu olman\u0131n yan\u0131 s\u0131ra bir ileti\u015fim formudur da. M\u00fczi\u011fin tarihini yazmak, insanl\u0131\u011f\u0131n tarihini yazmak gibidir. Hatta sadece insanl\u0131\u011f\u0131n tarihi mi? M\u00fczik, d\u00fcnyan\u0131n, do\u011fan\u0131n, evrimin bir tarihi gibidir ayn\u0131 zamanda. \u0130zi s\u00fcr\u00fcld\u00fc\u011f\u00fcnde en k\u00fc\u00e7\u00fck ku\u015ftan en geli\u015fmi\u015f memeliye dek rastlanabilir. \u0130nsan k\u00fclt\u00fcr\u00fcne bak\u0131ld\u0131\u011f\u0131nda, en eski toplumlarda da g\u00f6r\u00fclebilecek olan m\u00fczik, insan\u0131n ruhu ve varolu\u015fu i\u00e7in asla vazge\u00e7emeyece\u011fi bir yarat\u0131m\u0131 temsil eder. M\u00fczi\u011fin geli\u015fimi, \u00e7e\u015fitli toplumlarda icat edilip geli\u015ftirilen birtak\u0131m&nbsp;<strong>m\u00fczik aletleri<\/strong>&nbsp;ile paralel y\u00fcr\u00fcm\u00fc\u015ft\u00fcr. \u0130lk m\u00fczik aletinin ne zaman ve nas\u0131l icat edildi\u011fi hen\u00fcz kesin olarak bilinememekle birlikte, tarih\u00e7iler hayvan kemiklerinden yap\u0131lm\u0131\u015f olan fl\u00fctlerin ilk m\u00fczik aletleri olarak kullan\u0131ld\u0131\u011f\u0131na i\u015faret ediyor. Bu yaz\u0131m\u0131z\u0131, g\u00fcn\u00fcm\u00fczde pop\u00fcler olan&nbsp;<strong>m\u00fczik aletleri ve tarih\u00e7elerine<\/strong>&nbsp;ay\u0131rmak istedik.<\/p><h2 class=\"wp-block-heading\"><strong>1. Gitar<\/strong><\/h2><figure class=\"wp-block-image size-full\"><img loading=\"lazy\" decoding=\"async\" width=\"800\" height=\"534\" src=\"https:\/\/www.blog.extremeoutdoor.com.tr\/wp-content\/uploads\/2023\/08\/EXT-muzik-aletlerinin-kisa-tarihleri-7.jpg\" alt=\"\" class=\"wp-image-5293\" srcset=\"https:\/\/blog.extremeoutdoor.com.tr\/wp-content\/uploads\/2023\/08\/EXT-muzik-aletlerinin-kisa-tarihleri-7.jpg 800w, https:\/\/blog.extremeoutdoor.com.tr\/wp-content\/uploads\/2023\/08\/EXT-muzik-aletlerinin-kisa-tarihleri-7-300x200.jpg 300w, https:\/\/blog.extremeoutdoor.com.tr\/wp-content\/uploads\/2023\/08\/EXT-muzik-aletlerinin-kisa-tarihleri-7-768x513.jpg 768w, https:\/\/blog.extremeoutdoor.com.tr\/wp-content\/uploads\/2023\/08\/EXT-muzik-aletlerinin-kisa-tarihleri-7-370x247.jpg 370w, https:\/\/blog.extremeoutdoor.com.tr\/wp-content\/uploads\/2023\/08\/EXT-muzik-aletlerinin-kisa-tarihleri-7-760x507.jpg 760w, https:\/\/blog.extremeoutdoor.com.tr\/wp-content\/uploads\/2023\/08\/EXT-muzik-aletlerinin-kisa-tarihleri-7-565x377.jpg 565w, https:\/\/blog.extremeoutdoor.com.tr\/wp-content\/uploads\/2023\/08\/EXT-muzik-aletlerinin-kisa-tarihleri-7-600x401.jpg 600w\" sizes=\"auto, (max-width: 800px) 100vw, 800px\" \/><\/figure><p>Gitar eski bir enstr\u00fcmand\u0131r.&nbsp;<strong>Gitar\u0131n tarihi<\/strong>&nbsp;4000 y\u0131l \u00f6ncesine kadar s\u00fcr\u00fclebilir. Eski bir Grek \u00e7alg\u0131s\u0131ndan geli\u015ftirilmi\u015f oldu\u011fu iddialar\u0131 da vard\u0131r; Ma\u011fribilerin \u0130spanya\u2019ya getirdikleri uddan k\u00f6ken ald\u0131\u011f\u0131na dair iddialar da. \u0130lk telli \u00e7alg\u0131lar\u0131n en eskilerinden biri olan tanbur, gitar\u0131n atas\u0131 olarak g\u00f6r\u00fcl\u00fcr. \u00d6nce d\u00f6rt ila be\u015f teli olan gitar, modern klasik gitar olarak adland\u0131rabilece\u011fimiz alt\u0131 telli haline on dokuzuncu y\u00fczy\u0131lda Antonio Torrez taraf\u0131ndan geli\u015ftirilmi\u015ftir. Ard\u0131ndan \u00e7elik teller, ses delikleri, caz gitarlar derken amplifikasyonun ilerlemesiyle elektrikli gitarlar icat edilmi\u015ftir.<\/p><h2 class=\"wp-block-heading\"><strong>2. Keman<\/strong><\/h2><figure class=\"wp-block-image size-full\"><img loading=\"lazy\" decoding=\"async\" width=\"800\" height=\"534\" src=\"https:\/\/www.blog.extremeoutdoor.com.tr\/wp-content\/uploads\/2023\/08\/EXT-muzik-aletlerinin-kisa-tarihleri-5.jpg\" alt=\"\" class=\"wp-image-5294\" srcset=\"https:\/\/blog.extremeoutdoor.com.tr\/wp-content\/uploads\/2023\/08\/EXT-muzik-aletlerinin-kisa-tarihleri-5.jpg 800w, https:\/\/blog.extremeoutdoor.com.tr\/wp-content\/uploads\/2023\/08\/EXT-muzik-aletlerinin-kisa-tarihleri-5-300x200.jpg 300w, https:\/\/blog.extremeoutdoor.com.tr\/wp-content\/uploads\/2023\/08\/EXT-muzik-aletlerinin-kisa-tarihleri-5-768x513.jpg 768w, https:\/\/blog.extremeoutdoor.com.tr\/wp-content\/uploads\/2023\/08\/EXT-muzik-aletlerinin-kisa-tarihleri-5-370x247.jpg 370w, https:\/\/blog.extremeoutdoor.com.tr\/wp-content\/uploads\/2023\/08\/EXT-muzik-aletlerinin-kisa-tarihleri-5-760x507.jpg 760w, https:\/\/blog.extremeoutdoor.com.tr\/wp-content\/uploads\/2023\/08\/EXT-muzik-aletlerinin-kisa-tarihleri-5-565x377.jpg 565w, https:\/\/blog.extremeoutdoor.com.tr\/wp-content\/uploads\/2023\/08\/EXT-muzik-aletlerinin-kisa-tarihleri-5-600x401.jpg 600w\" sizes=\"auto, (max-width: 800px) 100vw, 800px\" \/><\/figure><p>Keman\u0131n en \u00f6nemli d\u00f6n\u00fc\u015f\u00fcm\u00fcn\u00fc on alt\u0131nc\u0131 y\u00fczy\u0131l \u0130talya\u2019s\u0131nda ya\u015fad\u0131\u011f\u0131 d\u00fc\u015f\u00fcn\u00fcl\u00fcr. \u0130talya\u2019da keman yap\u0131m\u0131nda uzmanla\u015fm\u0131\u015f olan Amati ailesinin keman, viyola ve \u00e7ello gibi m\u00fczik aletlerinin temel ebatlar\u0131n\u0131 belirlemede b\u00fcy\u00fck rol oynad\u0131\u011f\u0131 s\u0131kl\u0131kla an\u0131lan bir ger\u00e7ektir. \u00d6nce sadece bir solistin sesine yank\u0131 katmak i\u00e7in kullan\u0131lan keman, sonralar\u0131 daha b\u00fcy\u00fck konser alanlar\u0131n\u0131n ihtiya\u00e7lar\u0131na g\u00f6re geli\u015ftirilmi\u015f, g\u00fcncel m\u00fczi\u011fin taleplerini kar\u015f\u0131layacak \u015fekilde d\u00f6n\u00fc\u015f\u00fcm ge\u00e7irmi\u015ftir.<\/p><h2 class=\"wp-block-heading\"><strong>3. Akordeon<\/strong><\/h2><figure class=\"wp-block-image size-full\"><img loading=\"lazy\" decoding=\"async\" width=\"800\" height=\"532\" src=\"https:\/\/www.blog.extremeoutdoor.com.tr\/wp-content\/uploads\/2023\/08\/EXT-muzik-aletlerinin-kisa-tarihleri-4.jpg\" alt=\"\" class=\"wp-image-5295\" srcset=\"https:\/\/blog.extremeoutdoor.com.tr\/wp-content\/uploads\/2023\/08\/EXT-muzik-aletlerinin-kisa-tarihleri-4.jpg 800w, https:\/\/blog.extremeoutdoor.com.tr\/wp-content\/uploads\/2023\/08\/EXT-muzik-aletlerinin-kisa-tarihleri-4-300x200.jpg 300w, https:\/\/blog.extremeoutdoor.com.tr\/wp-content\/uploads\/2023\/08\/EXT-muzik-aletlerinin-kisa-tarihleri-4-768x511.jpg 768w, https:\/\/blog.extremeoutdoor.com.tr\/wp-content\/uploads\/2023\/08\/EXT-muzik-aletlerinin-kisa-tarihleri-4-370x246.jpg 370w, https:\/\/blog.extremeoutdoor.com.tr\/wp-content\/uploads\/2023\/08\/EXT-muzik-aletlerinin-kisa-tarihleri-4-760x505.jpg 760w, https:\/\/blog.extremeoutdoor.com.tr\/wp-content\/uploads\/2023\/08\/EXT-muzik-aletlerinin-kisa-tarihleri-4-565x376.jpg 565w, https:\/\/blog.extremeoutdoor.com.tr\/wp-content\/uploads\/2023\/08\/EXT-muzik-aletlerinin-kisa-tarihleri-4-600x399.jpg 600w\" sizes=\"auto, (max-width: 800px) 100vw, 800px\" \/><\/figure><p>K\u00f6kenini Afrika ve Asya toplumlar\u0131n\u0131n m\u00fczik aletlerinden alan akordeon, modern haliyle ilk olarak on dokuzuncu y\u00fczy\u0131lda Avusturya\u2019da tasarland\u0131. O haliyle sadece bir klavyesi ve k\u00f6r\u00fc\u011f\u00fc vard\u0131. G\u00fcn\u00fcm\u00fczde birka\u00e7 t\u00fcrden akordeona rastlamak m\u00fcmk\u00fcn: Konsertina (klavyesi olmayan alt\u0131gen bir \u00e7alg\u0131), d\u00fc\u011fmeli akordeon (ad\u0131yla m\u00fcsemma) ve piyano-akordeon (piyano gibi bir klavyesi olan k\u00f6r\u00fckl\u00fc \u00e7alg\u0131). Akordeonlar\u0131n hepsi, k\u00f6r\u00fc\u011f\u00fc geni\u015fletip bast\u0131rma hareketleri ile \u00e7al\u0131n\u0131r, klavye ve d\u00fc\u011fmelerle de ses perdeleri belirlenir.<\/p><h2 class=\"wp-block-heading\"><strong>4. Saksafon<\/strong><\/h2><figure class=\"wp-block-image size-full\"><img loading=\"lazy\" decoding=\"async\" width=\"800\" height=\"569\" src=\"https:\/\/www.blog.extremeoutdoor.com.tr\/wp-content\/uploads\/2023\/08\/EXT-muzik-aletlerinin-kisa-tarihleri-3.jpg\" alt=\"\" class=\"wp-image-5296\" srcset=\"https:\/\/blog.extremeoutdoor.com.tr\/wp-content\/uploads\/2023\/08\/EXT-muzik-aletlerinin-kisa-tarihleri-3.jpg 800w, https:\/\/blog.extremeoutdoor.com.tr\/wp-content\/uploads\/2023\/08\/EXT-muzik-aletlerinin-kisa-tarihleri-3-300x213.jpg 300w, https:\/\/blog.extremeoutdoor.com.tr\/wp-content\/uploads\/2023\/08\/EXT-muzik-aletlerinin-kisa-tarihleri-3-768x546.jpg 768w, https:\/\/blog.extremeoutdoor.com.tr\/wp-content\/uploads\/2023\/08\/EXT-muzik-aletlerinin-kisa-tarihleri-3-370x263.jpg 370w, https:\/\/blog.extremeoutdoor.com.tr\/wp-content\/uploads\/2023\/08\/EXT-muzik-aletlerinin-kisa-tarihleri-3-760x541.jpg 760w, https:\/\/blog.extremeoutdoor.com.tr\/wp-content\/uploads\/2023\/08\/EXT-muzik-aletlerinin-kisa-tarihleri-3-565x402.jpg 565w, https:\/\/blog.extremeoutdoor.com.tr\/wp-content\/uploads\/2023\/08\/EXT-muzik-aletlerinin-kisa-tarihleri-3-600x427.jpg 600w\" sizes=\"auto, (max-width: 800px) 100vw, 800px\" \/><\/figure><p>Saksafon, g\u00fcn\u00fcm\u00fczde pop m\u00fczikten rock m\u00fczi\u011fe her m\u00fczik t\u00fcr\u00fcnde rastlayabilece\u011fimiz bir \u00fcflemeli \u00e7alg\u0131d\u0131r. 1840\u2019l\u0131 y\u0131llar\u0131n ba\u015f\u0131nda Bel\u00e7ikal\u0131 mucit Adolphe Sax taraf\u0131ndan icat edilen saksafon, eskiden klasik m\u00fczik ve ordu m\u00fcziklerinde kullan\u0131lmaktayd\u0131. Saksafonun yap\u0131 olarak klarnete benzedi\u011fi konusunda hakl\u0131s\u0131n\u0131z. Sax\u2019\u0131n, saksafonu tasarlarken ilham ald\u0131\u011f\u0131 bir m\u00fczik aleti de klarnettir. Di\u011fer m\u00fczik aleti ise ophicleide olarak bilinen bak\u0131r nefesli \u00e7alg\u0131d\u0131r. \u015eimdi ise&nbsp;<strong>caz<\/strong>&nbsp;ve blues\u2019un en vazge\u00e7ilmezleri aras\u0131ndad\u0131r.<\/p><h2 class=\"wp-block-heading\"><strong>5. Ba\u011flama<\/strong><\/h2><figure class=\"wp-block-image size-full\"><img loading=\"lazy\" decoding=\"async\" width=\"800\" height=\"534\" src=\"https:\/\/www.blog.extremeoutdoor.com.tr\/wp-content\/uploads\/2023\/08\/EXT-muzik-aletlerinin-kisa-tarihleri-2.jpg\" alt=\"\" class=\"wp-image-5297\" srcset=\"https:\/\/blog.extremeoutdoor.com.tr\/wp-content\/uploads\/2023\/08\/EXT-muzik-aletlerinin-kisa-tarihleri-2.jpg 800w, https:\/\/blog.extremeoutdoor.com.tr\/wp-content\/uploads\/2023\/08\/EXT-muzik-aletlerinin-kisa-tarihleri-2-300x200.jpg 300w, https:\/\/blog.extremeoutdoor.com.tr\/wp-content\/uploads\/2023\/08\/EXT-muzik-aletlerinin-kisa-tarihleri-2-768x513.jpg 768w, https:\/\/blog.extremeoutdoor.com.tr\/wp-content\/uploads\/2023\/08\/EXT-muzik-aletlerinin-kisa-tarihleri-2-370x247.jpg 370w, https:\/\/blog.extremeoutdoor.com.tr\/wp-content\/uploads\/2023\/08\/EXT-muzik-aletlerinin-kisa-tarihleri-2-760x507.jpg 760w, https:\/\/blog.extremeoutdoor.com.tr\/wp-content\/uploads\/2023\/08\/EXT-muzik-aletlerinin-kisa-tarihleri-2-565x377.jpg 565w, https:\/\/blog.extremeoutdoor.com.tr\/wp-content\/uploads\/2023\/08\/EXT-muzik-aletlerinin-kisa-tarihleri-2-600x401.jpg 600w\" sizes=\"auto, (max-width: 800px) 100vw, 800px\" \/><\/figure><p>T\u00fcrkiye toplumunun \u00fcretti\u011fi m\u00fczikal eserlere damgas\u0131n\u0131 vuran&nbsp;<strong>ba\u011flaman\u0131n tarihi geli\u015fimi<\/strong>&nbsp;kopuzun uzun bir d\u00f6n\u00fc\u015f\u00fcm ge\u00e7irmesi sayesinde olmu\u015ftur. Ba\u011flama ad\u0131 alt\u0131nda grupland\u0131r\u0131lm\u0131\u015f olan yedi ayr\u0131 \u00e7alg\u0131dan daha s\u00f6z edebiliriz. Bunlar, divan saz\u0131, bozuk, \u00e7\u00f6\u011f\u00fcr, kopuz, tambura, cura ve ba\u011flamad\u0131r. 1400 y\u0131ll\u0131k bir tarihi oldu\u011fu d\u00fc\u015f\u00fcn\u00fclen ba\u011flama, T\u00fcrkiye\u2019de ya\u015fam\u0131\u015f ve ya\u015famakta olan halklar taraf\u0131ndan benimsenmi\u015f ve geli\u015ftirilmi\u015ftir. Ozanl\u0131k k\u00fclt\u00fcr\u00fcnde de \u00f6nemli yeri olan ba\u011flama, k\u00fclt\u00fcr\u00fcm\u00fcz\u00fcn \u00f6nemli bir par\u00e7as\u0131d\u0131r.<\/p><h2 class=\"wp-block-heading\"><strong>6. Piyano<\/strong><\/h2><figure class=\"wp-block-image size-full\"><img loading=\"lazy\" decoding=\"async\" width=\"800\" height=\"534\" src=\"https:\/\/www.blog.extremeoutdoor.com.tr\/wp-content\/uploads\/2023\/08\/EXT-muzik-aletlerinin-kisa-tarihleri.jpg\" alt=\"\" class=\"wp-image-5298\" srcset=\"https:\/\/blog.extremeoutdoor.com.tr\/wp-content\/uploads\/2023\/08\/EXT-muzik-aletlerinin-kisa-tarihleri.jpg 800w, https:\/\/blog.extremeoutdoor.com.tr\/wp-content\/uploads\/2023\/08\/EXT-muzik-aletlerinin-kisa-tarihleri-300x200.jpg 300w, https:\/\/blog.extremeoutdoor.com.tr\/wp-content\/uploads\/2023\/08\/EXT-muzik-aletlerinin-kisa-tarihleri-768x513.jpg 768w, https:\/\/blog.extremeoutdoor.com.tr\/wp-content\/uploads\/2023\/08\/EXT-muzik-aletlerinin-kisa-tarihleri-370x247.jpg 370w, https:\/\/blog.extremeoutdoor.com.tr\/wp-content\/uploads\/2023\/08\/EXT-muzik-aletlerinin-kisa-tarihleri-760x507.jpg 760w, https:\/\/blog.extremeoutdoor.com.tr\/wp-content\/uploads\/2023\/08\/EXT-muzik-aletlerinin-kisa-tarihleri-565x377.jpg 565w, https:\/\/blog.extremeoutdoor.com.tr\/wp-content\/uploads\/2023\/08\/EXT-muzik-aletlerinin-kisa-tarihleri-600x401.jpg 600w\" sizes=\"auto, (max-width: 800px) 100vw, 800px\" \/><\/figure><p>Piyanonun icat edilmesinin, 1700-1710 y\u0131llar\u0131 aras\u0131na denk d\u00fc\u015ft\u00fc\u011f\u00fcn\u00fc d\u00fc\u015f\u00fcn\u00fclmektedir. \u0130talyan klavsen \u00fcreticisi Bartolomeo Cristofori taraf\u0131ndan tasarlanan ilk piyanolar, kuyruklu piyanolard\u0131. 1821 y\u0131l\u0131nda, pedallar piyano tasar\u0131mlar\u0131n\u0131n bir par\u00e7as\u0131 oldu. \u00c7a\u011fda\u015f piyano tekni\u011fi b\u00f6ylelikle geli\u015fmeye ba\u015flad\u0131; teknik geli\u015ftik\u00e7e piyano geli\u015fti, piyano geli\u015ftik\u00e7e de teknik. Bu ortak ili\u015fki, g\u00fcn\u00fcm\u00fcz son teknoloji piyanolar\u0131na dek s\u00fcrd\u00fc ve m\u00fczik var olduk\u00e7a s\u00fcrmeye de devam edecek.<\/p><p>Siz \u00e7ald\u0131\u011f\u0131n\u0131z m\u00fczik aletinin tarih\u00e7esini biliyor musunuz? \u201cYorumlar\u201d k\u0131sm\u0131ndan bizimle d\u00fc\u015f\u00fcncelerinizi payla\u015fmay\u0131 unutmay\u0131n! \ud83d\ude09<\/p>\n\n<div class=\"kk-star-ratings kksr-auto kksr-align-right kksr-valign-bottom\"\n    data-payload='{&quot;align&quot;:&quot;right&quot;,&quot;id&quot;:&quot;5292&quot;,&quot;slug&quot;:&quot;default&quot;,&quot;valign&quot;:&quot;bottom&quot;,&quot;ignore&quot;:&quot;&quot;,&quot;reference&quot;:&quot;auto&quot;,&quot;class&quot;:&quot;&quot;,&quot;count&quot;:&quot;0&quot;,&quot;legendonly&quot;:&quot;&quot;,&quot;readonly&quot;:&quot;&quot;,&quot;score&quot;:&quot;0&quot;,&quot;starsonly&quot;:&quot;&quot;,&quot;best&quot;:&quot;5&quot;,&quot;gap&quot;:&quot;5&quot;,&quot;greet&quot;:&quot;Oylama Yap&quot;,&quot;legend&quot;:&quot;0\\\/5 - (0 votes)&quot;,&quot;size&quot;:&quot;24&quot;,&quot;title&quot;:&quot;M\u00fczik Aletlerinin K\u0131sa Tarihleri&quot;,&quot;width&quot;:&quot;0&quot;,&quot;_legend&quot;:&quot;{score}\\\/{best} - ({count} {votes})&quot;,&quot;font_factor&quot;:&quot;1.25&quot;}'>\n            \n<div class=\"kksr-stars\">\n    \n<div class=\"kksr-stars-inactive\">\n            <div class=\"kksr-star\" data-star=\"1\" style=\"padding-right: 5px\">\n            \n\n<div class=\"kksr-icon\" style=\"width: 24px; height: 24px;\"><\/div>\n        <\/div>\n            <div class=\"kksr-star\" data-star=\"2\" style=\"padding-right: 5px\">\n            \n\n<div class=\"kksr-icon\" style=\"width: 24px; height: 24px;\"><\/div>\n        <\/div>\n            <div class=\"kksr-star\" data-star=\"3\" style=\"padding-right: 5px\">\n            \n\n<div class=\"kksr-icon\" style=\"width: 24px; height: 24px;\"><\/div>\n        <\/div>\n            <div class=\"kksr-star\" data-star=\"4\" style=\"padding-right: 5px\">\n            \n\n<div class=\"kksr-icon\" style=\"width: 24px; height: 24px;\"><\/div>\n        <\/div>\n            <div class=\"kksr-star\" data-star=\"5\" style=\"padding-right: 5px\">\n            \n\n<div class=\"kksr-icon\" style=\"width: 24px; height: 24px;\"><\/div>\n        <\/div>\n    <\/div>\n    \n<div class=\"kksr-stars-active\" style=\"width: 0px;\">\n            <div class=\"kksr-star\" style=\"padding-right: 5px\">\n            \n\n<div class=\"kksr-icon\" style=\"width: 24px; height: 24px;\"><\/div>\n        <\/div>\n            <div class=\"kksr-star\" style=\"padding-right: 5px\">\n            \n\n<div class=\"kksr-icon\" style=\"width: 24px; height: 24px;\"><\/div>\n        <\/div>\n            <div class=\"kksr-star\" style=\"padding-right: 5px\">\n            \n\n<div class=\"kksr-icon\" style=\"width: 24px; height: 24px;\"><\/div>\n        <\/div>\n            <div class=\"kksr-star\" style=\"padding-right: 5px\">\n            \n\n<div class=\"kksr-icon\" style=\"width: 24px; height: 24px;\"><\/div>\n        <\/div>\n            <div class=\"kksr-star\" style=\"padding-right: 5px\">\n            \n\n<div class=\"kksr-icon\" style=\"width: 24px; height: 24px;\"><\/div>\n        <\/div>\n    <\/div>\n<\/div>\n                \n\n<div class=\"kksr-legend\" style=\"font-size: 19.2px;\">\n            <span class=\"kksr-muted\">Oylama Yap<\/span>\n    <\/div>\n    <\/div>\n","protected":false},"excerpt":{"rendered":"<p>M\u00fczik,&nbsp;bir sanat formu olman\u0131n yan\u0131 s\u0131ra bir ileti\u015fim formudur da. M\u00fczi\u011fin tarihini yazmak, insanl\u0131\u011f\u0131n tarihini yazmak gibidir. Hatta sadece insanl\u0131\u011f\u0131n&hellip;<\/p>\n","protected":false},"author":990005,"featured_media":5299,"comment_status":"open","ping_status":"open","sticky":false,"template":"","format":"standard","meta":{"footnotes":""},"categories":[1107],"tags":[461,127],"class_list":["post-5292","post","type-post","status-publish","format-standard","has-post-thumbnail","hentry","category-kultur-sanat","tag-extreme-outdoor","tag-extreme-outdoor-blog"],"_links":{"self":[{"href":"https:\/\/blog.extremeoutdoor.com.tr\/index.php\/wp-json\/wp\/v2\/posts\/5292","targetHints":{"allow":["GET"]}}],"collection":[{"href":"https:\/\/blog.extremeoutdoor.com.tr\/index.php\/wp-json\/wp\/v2\/posts"}],"about":[{"href":"https:\/\/blog.extremeoutdoor.com.tr\/index.php\/wp-json\/wp\/v2\/types\/post"}],"author":[{"embeddable":true,"href":"https:\/\/blog.extremeoutdoor.com.tr\/index.php\/wp-json\/wp\/v2\/users\/990005"}],"replies":[{"embeddable":true,"href":"https:\/\/blog.extremeoutdoor.com.tr\/index.php\/wp-json\/wp\/v2\/comments?post=5292"}],"version-history":[{"count":1,"href":"https:\/\/blog.extremeoutdoor.com.tr\/index.php\/wp-json\/wp\/v2\/posts\/5292\/revisions"}],"predecessor-version":[{"id":5300,"href":"https:\/\/blog.extremeoutdoor.com.tr\/index.php\/wp-json\/wp\/v2\/posts\/5292\/revisions\/5300"}],"wp:featuredmedia":[{"embeddable":true,"href":"https:\/\/blog.extremeoutdoor.com.tr\/index.php\/wp-json\/wp\/v2\/media\/5299"}],"wp:attachment":[{"href":"https:\/\/blog.extremeoutdoor.com.tr\/index.php\/wp-json\/wp\/v2\/media?parent=5292"}],"wp:term":[{"taxonomy":"category","embeddable":true,"href":"https:\/\/blog.extremeoutdoor.com.tr\/index.php\/wp-json\/wp\/v2\/categories?post=5292"},{"taxonomy":"post_tag","embeddable":true,"href":"https:\/\/blog.extremeoutdoor.com.tr\/index.php\/wp-json\/wp\/v2\/tags?post=5292"}],"curies":[{"name":"wp","href":"https:\/\/api.w.org\/{rel}","templated":true}]}}