{"id":5309,"date":"2023-08-23T12:39:10","date_gmt":"2023-08-23T09:39:10","guid":{"rendered":"https:\/\/www.blog.extremeoutdoor.com.tr\/?p=5309"},"modified":"2023-08-23T12:39:10","modified_gmt":"2023-08-23T09:39:10","slug":"canakkale-zaferini-anlatan-kitaplar","status":"publish","type":"post","link":"https:\/\/blog.extremeoutdoor.com.tr\/index.php\/2023\/08\/23\/canakkale-zaferini-anlatan-kitaplar\/","title":{"rendered":"\u00c7anakkale Zaferini Anlatan Kitaplar"},"content":{"rendered":"<p>18 Mart 1915 T\u00fcrk tarihinin en b\u00fcy\u00fck ve en \u00f6nemli zaferlerinden birisine tan\u0131kl\u0131k eden g\u00fcnd\u00fcr. 1. D\u00fcnya Sava\u015f\u0131 s\u0131ras\u0131nda en zor ko\u015fullar ile sava\u015f\u0131lan Gelibolu ve \u00c7anakkale cephelerinde verilen m\u00fccadele 18 Mart g\u00fcn\u00fcnde kazan\u0131lm\u0131\u015ft\u0131r. Bug\u00fcn 101. Y\u0131l d\u00f6n\u00fcm\u00fc olan&nbsp;<strong>18 Mart \u00c7anakkale Zaferi\u2019nde<\/strong>&nbsp;cephede sava\u015fan askerleri sayg\u0131yla an\u0131yoruz. T\u00fcyleri diken diken eden bu destans\u0131 tarihi daha iyi anlamam\u0131z\u0131 sa\u011flayan ve kimi zaman da kurmaca hikayeleri tarihle birle\u015ftiren birbirinden etkileyici eserler bulunuyor. \u00c7anakkale zaferinin nas\u0131l kazan\u0131ld\u0131\u011f\u0131n\u0131, sava\u015f s\u0131ras\u0131nda hangi imkanlarla neler yap\u0131ld\u0131\u011f\u0131n\u0131 daha iyi anlayabilmeniz i\u00e7in okuyabilece\u011finiz 5 kitab\u0131 sizin i\u00e7in s\u0131ralad\u0131k.<\/p><h2 class=\"wp-block-heading\">Dirili\u015f \u2013 \u00c7anakkale 1915<\/h2><p>Turgut \u00d6zakman\u2019\u0131n kaleme ald\u0131\u011f\u0131 kitap, \u00c7anakkale Sava\u015f\u0131\u2019n\u0131 ve o d\u00f6nemlerde ya\u015fananlar\u0131 konu alan eserlerden birisi. Romanda kurmaca kahramanlar da yer almaktad\u0131r. Fakat ger\u00e7ek hayat\u0131n anlat\u0131ld\u0131\u011f\u0131 ve tarihi bilgilerin verildi\u011fi bir\u00e7ok b\u00f6l\u00fcm de bulunur ve bu dipnotlar ile belirtilmi\u015ftir. Bilgi Yay\u0131nevi\u2019nden 2008 y\u0131l\u0131nda \u00e7\u0131km\u0131\u015f olan roman, T\u00fcrk tarihinin en b\u00fcy\u00fck zaferlerinden olan<strong>&nbsp;\u00c7anakkale Zaferi\u2019ni<\/strong>&nbsp;yani bir milletin Dirili\u015f\u2019ini olduk\u00e7a destans\u0131 bir \u015fekilde hikayele\u015ftirmi\u015ftir.<\/p><h2 class=\"wp-block-heading\">\u00c7anakkale Mah\u015feri<\/h2><p>\u00c7anakkale Sava\u015f\u0131\u2019n\u0131n hem h\u00fcz\u00fcnl\u00fc hem de korkun\u00e7 yan\u0131n\u0131 ortaya koyan eseri Mehmed Niyazi kaleme alm\u0131\u015ft\u0131r. Tarihi bir belgesel roman niteli\u011fi ta\u015f\u0131yan bu eser&nbsp;<strong>\u00c7anakkale Sava\u015f\u0131<\/strong>&nbsp;ile ilgili ilk belgesel romanlar\u0131ndand\u0131r ve olduk\u00e7a ger\u00e7ek\u00e7i anlat\u0131m\u0131 sayesinde fazlas\u0131yla be\u011feni toplam\u0131\u015ft\u0131r. Sava\u015f\u0131n ba\u015flad\u0131\u011f\u0131 ilk g\u00fcnden 18 Mart g\u00fcn\u00fcndeki zafere kadar t\u00fcm olaylar\u0131 hikayele\u015ftiren bu roman\u0131 mutlaka okumal\u0131s\u0131n\u0131z.<\/p><h2 class=\"wp-block-heading\">Bir Destand\u0131r \u00c7anakkale \u2013 William Ewing<\/h2><p>Nesil yay\u0131nlar\u0131ndan taraf\u0131ndan bas\u0131lan bu kitap, Vehbi Vakkaso\u011flu\u2019nun eseri. \u00c7anakkale Destan\u2019\u0131n\u0131 \u00f6\u011frenmek isteyenler i\u00e7in faydal\u0131 bir kaynak niteli\u011fi ta\u015f\u0131makta. Uzun s\u00fcren ara\u015ft\u0131rmalar sonucunda ortaya \u00e7\u0131kar\u0131lan kitapta ger\u00e7ek tarihin kimler taraf\u0131ndan ve nas\u0131l ortaya kondu\u011funu g\u00f6receksiniz. Ayr\u0131ca Vehbi Vakkaso\u011flu\u2019nun \u00c7anakkale\u2019de \u015eahlananlar adl\u0131 bir kitab\u0131 daha vard\u0131r.<\/p><h2 class=\"wp-block-heading\">Gelibolu\u2019dan Ba\u011fdat\u2019a<\/h2><p>\u00c7anakkale Sava\u015f\u0131 s\u0131ras\u0131nda cephenin gerisinde neler olup bitti\u011fini merak edenler bu kitab\u0131 mutlaka okumal\u0131. S\u00f6m\u00fcrgeci bir \u0130ngiliz Ordusunda \u00e7al\u0131\u015fan rahibin bak\u0131\u015f a\u00e7\u0131s\u0131n\u0131n anlat\u0131ld\u0131\u011f\u0131 Gelibolu\u2019dan Ba\u011fdat\u2019a kitab\u0131n\u0131 hi\u00e7 s\u0131k\u0131lmadan okuyaca\u011f\u0131n\u0131za eminiz.<\/p><h2 class=\"wp-block-heading\">Uzun Beyaz Bulut Gelibolu \u2013 Buket Uzuner<\/h2><p>Anzaklar\u2019la T\u00fcrkler\u2019in sava\u015ft\u0131\u011f\u0131, \u00c7anakkale Sava\u015f\u0131\u2019n\u0131n hayali kahramanlarla hikayele\u015ftirilen bu kitaptan \u00f6\u011frenece\u011finiz \u00e7ok \u015fey var. Kitab\u0131 okuduktan sonra kafan\u0131zda birtak\u0131m sorulara cevap aramaya ba\u015flayabilirsiniz. Mesela \u00c7anakkale ge\u00e7ilebilseydi, 20.yy\u2019da d\u00fcnya sahnesinde hala Rus \u0130mparatorlu\u011fu oturabilir miydi? \u00c7anakkale ge\u00e7ilebilseydi Sovyetler Birli\u011fi kurulamaz, Bol\u015fevik Devrimi yap\u0131lamazd\u0131. 12 A\u011fustos 1925\u2019de Suvla Koyu\u2019nda bir bulut i\u00e7inde kaybolduklar\u0131 bildirilen 4. Norfolk Tabur\u2019una ne oldu? Yeni Zelandal\u0131lar\u2019\u0131n dedi\u011fi gibi bulata binip gittiler mi yoksa \u0130ngilizler\u2019in iddia etti\u011fi gibi T\u00fcrkler taraf\u0131ndan topluca yok mu edildiler?<\/p><p><\/p>\n\n<div class=\"kk-star-ratings kksr-auto kksr-align-right kksr-valign-bottom\"\n    data-payload='{&quot;align&quot;:&quot;right&quot;,&quot;id&quot;:&quot;5309&quot;,&quot;slug&quot;:&quot;default&quot;,&quot;valign&quot;:&quot;bottom&quot;,&quot;ignore&quot;:&quot;&quot;,&quot;reference&quot;:&quot;auto&quot;,&quot;class&quot;:&quot;&quot;,&quot;count&quot;:&quot;0&quot;,&quot;legendonly&quot;:&quot;&quot;,&quot;readonly&quot;:&quot;&quot;,&quot;score&quot;:&quot;0&quot;,&quot;starsonly&quot;:&quot;&quot;,&quot;best&quot;:&quot;5&quot;,&quot;gap&quot;:&quot;5&quot;,&quot;greet&quot;:&quot;Oylama Yap&quot;,&quot;legend&quot;:&quot;0\\\/5 - (0 votes)&quot;,&quot;size&quot;:&quot;24&quot;,&quot;title&quot;:&quot;\u00c7anakkale Zaferini Anlatan Kitaplar&quot;,&quot;width&quot;:&quot;0&quot;,&quot;_legend&quot;:&quot;{score}\\\/{best} - ({count} {votes})&quot;,&quot;font_factor&quot;:&quot;1.25&quot;}'>\n            \n<div class=\"kksr-stars\">\n    \n<div class=\"kksr-stars-inactive\">\n            <div class=\"kksr-star\" data-star=\"1\" style=\"padding-right: 5px\">\n            \n\n<div class=\"kksr-icon\" style=\"width: 24px; height: 24px;\"><\/div>\n        <\/div>\n            <div class=\"kksr-star\" data-star=\"2\" style=\"padding-right: 5px\">\n            \n\n<div class=\"kksr-icon\" style=\"width: 24px; height: 24px;\"><\/div>\n        <\/div>\n            <div class=\"kksr-star\" data-star=\"3\" style=\"padding-right: 5px\">\n            \n\n<div class=\"kksr-icon\" style=\"width: 24px; height: 24px;\"><\/div>\n        <\/div>\n            <div class=\"kksr-star\" data-star=\"4\" style=\"padding-right: 5px\">\n            \n\n<div class=\"kksr-icon\" style=\"width: 24px; height: 24px;\"><\/div>\n        <\/div>\n            <div class=\"kksr-star\" data-star=\"5\" style=\"padding-right: 5px\">\n            \n\n<div class=\"kksr-icon\" style=\"width: 24px; height: 24px;\"><\/div>\n        <\/div>\n    <\/div>\n    \n<div class=\"kksr-stars-active\" style=\"width: 0px;\">\n            <div class=\"kksr-star\" style=\"padding-right: 5px\">\n            \n\n<div class=\"kksr-icon\" style=\"width: 24px; height: 24px;\"><\/div>\n        <\/div>\n            <div class=\"kksr-star\" style=\"padding-right: 5px\">\n            \n\n<div class=\"kksr-icon\" style=\"width: 24px; height: 24px;\"><\/div>\n        <\/div>\n            <div class=\"kksr-star\" style=\"padding-right: 5px\">\n            \n\n<div class=\"kksr-icon\" style=\"width: 24px; height: 24px;\"><\/div>\n        <\/div>\n            <div class=\"kksr-star\" style=\"padding-right: 5px\">\n            \n\n<div class=\"kksr-icon\" style=\"width: 24px; height: 24px;\"><\/div>\n        <\/div>\n            <div class=\"kksr-star\" style=\"padding-right: 5px\">\n            \n\n<div class=\"kksr-icon\" style=\"width: 24px; height: 24px;\"><\/div>\n        <\/div>\n    <\/div>\n<\/div>\n                \n\n<div class=\"kksr-legend\" style=\"font-size: 19.2px;\">\n            <span class=\"kksr-muted\">Oylama Yap<\/span>\n    <\/div>\n    <\/div>\n","protected":false},"excerpt":{"rendered":"<p>18 Mart 1915 T\u00fcrk tarihinin en b\u00fcy\u00fck ve en \u00f6nemli zaferlerinden birisine tan\u0131kl\u0131k eden g\u00fcnd\u00fcr. 1. D\u00fcnya Sava\u015f\u0131 s\u0131ras\u0131nda en&hellip;<\/p>\n","protected":false},"author":990005,"featured_media":5310,"comment_status":"open","ping_status":"open","sticky":false,"template":"","format":"standard","meta":{"footnotes":""},"categories":[1107],"tags":[461,127],"class_list":["post-5309","post","type-post","status-publish","format-standard","has-post-thumbnail","hentry","category-kultur-sanat","tag-extreme-outdoor","tag-extreme-outdoor-blog"],"_links":{"self":[{"href":"https:\/\/blog.extremeoutdoor.com.tr\/index.php\/wp-json\/wp\/v2\/posts\/5309","targetHints":{"allow":["GET"]}}],"collection":[{"href":"https:\/\/blog.extremeoutdoor.com.tr\/index.php\/wp-json\/wp\/v2\/posts"}],"about":[{"href":"https:\/\/blog.extremeoutdoor.com.tr\/index.php\/wp-json\/wp\/v2\/types\/post"}],"author":[{"embeddable":true,"href":"https:\/\/blog.extremeoutdoor.com.tr\/index.php\/wp-json\/wp\/v2\/users\/990005"}],"replies":[{"embeddable":true,"href":"https:\/\/blog.extremeoutdoor.com.tr\/index.php\/wp-json\/wp\/v2\/comments?post=5309"}],"version-history":[{"count":1,"href":"https:\/\/blog.extremeoutdoor.com.tr\/index.php\/wp-json\/wp\/v2\/posts\/5309\/revisions"}],"predecessor-version":[{"id":5311,"href":"https:\/\/blog.extremeoutdoor.com.tr\/index.php\/wp-json\/wp\/v2\/posts\/5309\/revisions\/5311"}],"wp:featuredmedia":[{"embeddable":true,"href":"https:\/\/blog.extremeoutdoor.com.tr\/index.php\/wp-json\/wp\/v2\/media\/5310"}],"wp:attachment":[{"href":"https:\/\/blog.extremeoutdoor.com.tr\/index.php\/wp-json\/wp\/v2\/media?parent=5309"}],"wp:term":[{"taxonomy":"category","embeddable":true,"href":"https:\/\/blog.extremeoutdoor.com.tr\/index.php\/wp-json\/wp\/v2\/categories?post=5309"},{"taxonomy":"post_tag","embeddable":true,"href":"https:\/\/blog.extremeoutdoor.com.tr\/index.php\/wp-json\/wp\/v2\/tags?post=5309"}],"curies":[{"name":"wp","href":"https:\/\/api.w.org\/{rel}","templated":true}]}}