{"id":5372,"date":"2023-08-24T14:22:17","date_gmt":"2023-08-24T11:22:17","guid":{"rendered":"https:\/\/www.blog.extremeoutdoor.com.tr\/?p=5372"},"modified":"2023-08-24T14:22:17","modified_gmt":"2023-08-24T11:22:17","slug":"kamp-sandalyesi-seciminde-dikkat-edilmesi-gereken-hususlar","status":"publish","type":"post","link":"https:\/\/blog.extremeoutdoor.com.tr\/index.php\/2023\/08\/24\/kamp-sandalyesi-seciminde-dikkat-edilmesi-gereken-hususlar\/","title":{"rendered":"Kamp Sandalyesi Se\u00e7iminde Dikkat Edilmesi Gereken Hususlar"},"content":{"rendered":"<p>Kendinizi do\u011faya b\u0131rakt\u0131\u011f\u0131n\u0131z, ku\u015flar\u0131n ya da dalgalar\u0131n sesini dinledi\u011finiz huzurlu bir ortamdas\u0131n\u0131z. \u015e\u00f6yle arkan\u0131za yaslan\u0131p, ayaklar\u0131n\u0131z\u0131 uzatabilece\u011finiz konforlu bir yer olsayd\u0131 harika olmaz m\u0131yd\u0131? i\u015fte tam da bu noktada, kamp sandalyeleri devreye giriyor<br>Kamp sandalyeleri bu a\u00e7\u0131dan bak\u0131ld\u0131\u011f\u0131nda sadece bir oturma alan\u0131 de\u011fil, do\u011fayla b\u00fct\u00fcnle\u015fmek i\u00e7in bir anahtar g\u00f6revi g\u00f6r\u00fcyor. Orman\u0131n i\u00e7inde veya denizin kenar\u0131nda be\u011fendi\u011finiz herhangi bir yer g\u00f6rd\u00fc\u011f\u00fcn\u00fczde kamp sandalyenizi a\u00e7\u0131p oraya kurulabilirsiniz. Kula\u011fa harika geliyor \u00f6yle de\u011fil mi?<br>Peki, konforlu bir \u015fekilde kullanabilece\u011finiz kamp sandalyesini nas\u0131l bulacaks\u0131n\u0131z? Kamp sandalyesi se\u00e7erken nelere dikkat etmelisiniz? Sizin i\u00e7in bu sorunun cevab\u0131n\u0131 ara\u015ft\u0131rd\u0131k ve i\u015fte do\u011fan\u0131n kollar\u0131nda unutulmaz anlar ya\u015fayabilece\u011finiz kamp sandalyesi se\u00e7iminin inceliklerini payla\u015ft\u0131k.<\/p><iframe loading=\"lazy\" width=\"720\" height=\"520\" src=\"https:\/\/www.youtube.com\/embed\/xZV6toxCg80\" title=\"GCI Outdoor: Where Innovation Meets Versatility\" frameborder=\"0\" allow=\"accelerometer; autoplay; clipboard-write; encrypted-media; gyroscope; picture-in-picture; web-share\" allowfullscreen><\/iframe><p class=\"has-medium-font-size\"><strong><mark style=\"background-color:rgba(0, 0, 0, 0)\" class=\"has-inline-color has-vivid-red-color\">En ucuz kamp sandalyesi ile pahal\u0131 olan farkl\u0131 m\u0131?<\/mark><\/strong><br>Bug\u00fcn herhangi bir s\u00fcpermarkete gitti\u011finizde bile kamp sandalyesi sat\u0131ld\u0131\u011f\u0131n\u0131 g\u00f6rebilirsiniz. Kimisi son derece ucuz kimisi olduk\u00e7a pahal\u0131 bu kamp malzemeleri aras\u0131nda ne gibi bir fark var hi\u00e7 d\u00fc\u015f\u00fcnd\u00fcn\u00fcz m\u00fc?<br>En ucuz kamp sandalyesi de i\u015finizi g\u00f6r\u00fcr m\u00fc yoksa pahal\u0131 bir kamp sandalyesi ald\u0131\u011f\u0131n\u0131zda verdi\u011finiz paran\u0131n hakk\u0131n\u0131 alaca\u011f\u0131n\u0131z\u0131n bir garantisi var m\u0131? Hangi kamp sandalyesini almal\u0131s\u0131n\u0131z? Ya ucuz kamp sandalyesi al\u0131rsan\u0131z ve ikinci g\u00fcn par\u00e7alan\u0131p paran\u0131z \u00e7\u00f6pe giderse?<br>i\u015fte t\u00fcm bu sorulara cevap verebilmek i\u00e7in kamp sandalyelerinin \u00f6zelliklerini bilmemiz gerekiyor. Belki ucuz bir kamp sandalyesi de sizin ihtiyac\u0131n\u0131z\u0131 g\u00f6recek Belki yapaca\u011f\u0131n\u0131z aktivite i\u00e7in maksimum dayan\u0131kl\u0131l\u0131\u011fa sahip bir sandalye en iyi se\u00e7enek. Gelin kamp sandalyesi al\u0131rken dikkat etmemiz gereken \u00f6zellikleri yak\u0131ndan inceleyelim.<\/p><p><strong>Sitemizdeki t\u00fcm kamp sandalyelerini g\u00f6rmek i\u00e7in <a href=\"https:\/\/www.extremeoutdoor.com.tr\/sandalyeler-80\" data-type=\"link\" data-id=\"https:\/\/www.extremeoutdoor.com.tr\/sandalyeler-80\"><mark style=\"background-color:rgba(0, 0, 0, 0)\" class=\"has-inline-color has-vivid-cyan-blue-color\">Kamp Sandalyeleri<\/mark><\/a><\/strong><\/p><p>Kamp Sandalyesi Se\u00e7erken Bunlar\u0131 G\u00f6z \u00d6n\u00fcnde Bulundurun<br><strong>Kamp\u0131n\u0131z\u0131<\/strong> kurduktan sonra ayaklar\u0131n\u0131z\u0131 uzat\u0131p kestirmek ya da ak\u015fam ate\u015f ba\u015f\u0131nda dostlar\u0131n\u0131zla toplan\u0131p sohbet etmek i\u00e7in kamp sandalyesi ar\u0131yorsunuz. Peki neye g\u00f6re se\u00e7im yapacaks\u0131n\u0131z? i\u015fte kamp sandalyesi se\u00e7erken g\u00f6z \u00f6n\u00fcnde bulundurman\u0131z gereken baz\u0131 ipu\u00e7lar\u0131 : <\/p><ol class=\"wp-block-list\"><li><strong><mark style=\"background-color:rgba(0, 0, 0, 0)\" class=\"has-inline-color has-vivid-cyan-blue-color\">Konfor<\/mark><\/strong>: Kamp sandalyelerinin temel amac\u0131 rahat bir oturma alan\u0131 sa\u011flamakt\u0131r. Dolay\u0131s\u0131yla, konfor her zaman \u00f6n planda olmal\u0131d\u0131r. Sandalyenin <strong>s\u0131rt deste\u011fi<\/strong>, <strong>oturma y\u00fczeyinin rahatl\u0131\u011f\u0131<\/strong> ve <strong>ergonomik tasar\u0131m<\/strong>\u0131, uzun s\u00fcreli oturmalarda bile rahatl\u0131k sa\u011flamal\u0131d\u0131r. Baz\u0131 sandalyeler, <strong>kol dayama<\/strong> yerleri ve ayak destekleri gibi ekstra \u00f6zelliklerle <strong>konfor<\/strong> seviyesini daha da art\u0131r\u0131r.<\/li>\n\n<li><strong><mark style=\"background-color:rgba(0, 0, 0, 0)\" class=\"has-inline-color has-vivid-cyan-blue-color\">Ta\u015f\u0131nabilirlik<\/mark><\/strong>: Kamp sandalyeleri ta\u015f\u0131nabilir olmal\u0131d\u0131r, b\u00f6ylece a\u00e7\u0131k hava etkinliklerinde kolayca ta\u015f\u0131nabilir ve saklanabilirler. Hafif malzemelerden yap\u0131lm\u0131\u015f, katlanabilir veya s\u00f6k\u00fclebilir \u00f6zelliklere sahip olan sandalyelerin, seyahatlerinizde ve do\u011fa gezilerinizde kullan\u0131m\u0131 kolay olacakt\u0131r. Ayr\u0131ca, ta\u015f\u0131ma \u00e7antas\u0131 veya kemer gibi ta\u015f\u0131ma se\u00e7eneklerinin olmas\u0131 da sandalyenin ta\u015f\u0131nabilirli\u011fini art\u0131ran \u00f6nemli bir fakt\u00f6rd\u00fcr.<\/li><\/ol><figure class=\"wp-block-image size-full is-resized\"><img loading=\"lazy\" decoding=\"async\" src=\"https:\/\/www.blog.extremeoutdoor.com.tr\/wp-content\/uploads\/2023\/08\/Naturehike-Kamp-Sandalyesi-\u2013-Ekstra-Comfort-10.jpg\" alt=\"\" class=\"wp-image-5373\" style=\"width:550px;height:550px\" width=\"550\" height=\"550\" srcset=\"https:\/\/blog.extremeoutdoor.com.tr\/wp-content\/uploads\/2023\/08\/Naturehike-Kamp-Sandalyesi-\u2013-Ekstra-Comfort-10.jpg 800w, https:\/\/blog.extremeoutdoor.com.tr\/wp-content\/uploads\/2023\/08\/Naturehike-Kamp-Sandalyesi-\u2013-Ekstra-Comfort-10-300x300.jpg 300w, https:\/\/blog.extremeoutdoor.com.tr\/wp-content\/uploads\/2023\/08\/Naturehike-Kamp-Sandalyesi-\u2013-Ekstra-Comfort-10-150x150.jpg 150w, https:\/\/blog.extremeoutdoor.com.tr\/wp-content\/uploads\/2023\/08\/Naturehike-Kamp-Sandalyesi-\u2013-Ekstra-Comfort-10-768x768.jpg 768w, https:\/\/blog.extremeoutdoor.com.tr\/wp-content\/uploads\/2023\/08\/Naturehike-Kamp-Sandalyesi-\u2013-Ekstra-Comfort-10-370x370.jpg 370w, https:\/\/blog.extremeoutdoor.com.tr\/wp-content\/uploads\/2023\/08\/Naturehike-Kamp-Sandalyesi-\u2013-Ekstra-Comfort-10-110x110.jpg 110w, https:\/\/blog.extremeoutdoor.com.tr\/wp-content\/uploads\/2023\/08\/Naturehike-Kamp-Sandalyesi-\u2013-Ekstra-Comfort-10-760x760.jpg 760w, https:\/\/blog.extremeoutdoor.com.tr\/wp-content\/uploads\/2023\/08\/Naturehike-Kamp-Sandalyesi-\u2013-Ekstra-Comfort-10-565x565.jpg 565w, https:\/\/blog.extremeoutdoor.com.tr\/wp-content\/uploads\/2023\/08\/Naturehike-Kamp-Sandalyesi-\u2013-Ekstra-Comfort-10-600x600.jpg 600w, https:\/\/blog.extremeoutdoor.com.tr\/wp-content\/uploads\/2023\/08\/Naturehike-Kamp-Sandalyesi-\u2013-Ekstra-Comfort-10-100x100.jpg 100w\" sizes=\"auto, (max-width: 550px) 100vw, 550px\" \/><\/figure><ol class=\"wp-block-list\" start=\"3\"><li><strong><mark style=\"background-color:rgba(0, 0, 0, 0)\" class=\"has-inline-color has-vivid-cyan-blue-color\">Dayan\u0131kl\u0131l\u0131k<\/mark><\/strong>: Kamp sandalyesi, a\u00e7\u0131k havada \u00e7e\u015fitli hava ko\u015fullar\u0131na dayanabilmeli ve uzun \u00f6m\u00fcrl\u00fc olmal\u0131d\u0131r. Kaliteli malzemelerden \u00fcretilmi\u015f, sa\u011flam bir yap\u0131ya sahip olan sandalyeler, kullan\u0131c\u0131lara g\u00fcvenilirlik sunar. Paslanmaz \u00e7elik veya al\u00fcminyum gibi dayan\u0131kl\u0131 ve hafif malzemeler tercih edilebilir. Ayr\u0131ca, suya dayan\u0131kl\u0131 ve kolay temizlenebilir \u00f6zellikler de sandalyenin dayan\u0131kl\u0131l\u0131\u011f\u0131n\u0131 art\u0131r\u0131r.<\/li>\n\n<li><strong><mark style=\"background-color:rgba(0, 0, 0, 0)\" class=\"has-inline-color has-vivid-cyan-blue-color\">Stil ve Tasar\u0131m<\/mark><\/strong>: Kamp sandalyesi se\u00e7erken, ki\u015fisel tercihlerinizi de g\u00f6z \u00f6n\u00fcnde bulundurmal\u0131s\u0131n\u0131z. Farkl\u0131 stillerde ve renklerde bir\u00e7ok se\u00e7enek bulunmaktad\u0131r. Kendinizi do\u011fayla uyumlu hissettirecek bir tasar\u0131m se\u00e7mek size daha fazla keyif verecektir.<\/li><\/ol><ol class=\"wp-block-list\" start=\"5\"><li><strong><mark style=\"background-color:rgba(0, 0, 0, 0)\" class=\"has-inline-color has-vivid-cyan-blue-color\">Ta\u015f\u0131ma Kapasitesi<\/mark><\/strong>: Sandalyenin ta\u015f\u0131ma kapasitesi, oturacak ki\u015finin a\u011f\u0131rl\u0131\u011f\u0131n\u0131 destekleyebilmelidir. Kamp sandalyesi sat\u0131n al\u0131rken maksimum a\u011f\u0131rl\u0131k ta\u015f\u0131ma kapasitesine mutlaka dikkat etmelisiniz. Sandalyenin dayan\u0131kl\u0131l\u0131\u011f\u0131 ve ta\u015f\u0131ma kapasitesi hakk\u0131nda bilgi edinmek, do\u011fru se\u00e7imi yapman\u0131za yard\u0131mc\u0131 olur.<\/li>\n\n<li><strong><mark style=\"background-color:rgba(0, 0, 0, 0)\" class=\"has-inline-color has-vivid-cyan-blue-color\">G\u00fcvenlik<\/mark><\/strong>: Sandalyenin sa\u011flam bir \u015fekilde yerle\u015ftirilebilmesi i\u00e7in stabilite \u00f6nemlidir. <strong>Kaymaz ayaklar<\/strong> ve zemine tutunma sa\u011flayan temas y\u00fczeyi g\u00fcvenli oturmay\u0131 sa\u011flar. Ayr\u0131ca, \u00e7ocuklar i\u00e7in kamp sandalyesi se\u00e7erken, \u00f6zel olarak tasarlanm\u0131\u015f g\u00fcvenlik kilitleri veya kemerler gibi ek g\u00fcvenlik \u00f6zellikleri de dikkate al\u0131nabilir.<\/li>\n\n<li><strong><mark style=\"background-color:rgba(0, 0, 0, 0)\" class=\"has-inline-color has-vivid-cyan-blue-color\">Ekstra \u00f6zellikler<\/mark><\/strong>: Baz\u0131 kamp sandalyeleri konforu art\u0131ran ekstra \u00f6zellikler sunar. \u00f6rne\u011fin, i\u00e7ecek tutucular ve yan cepler gibi ekstra depolama alanlar\u0131 pratiklik ve kullan\u0131m kolayl\u0131\u011f\u0131 sa\u011flayarak kamp deneyiminizi daha da geli\u015ftirebilir. Kahve termosunuzu, kitab\u0131n\u0131z\u0131, radyonuzu veya kafa lamban\u0131z\u0131 bu ceplere koyabilirsiniz<\/li><\/ol><p>Yenilik ve konforun kesi\u015fti\u011fi geni\u015f kamp sandalyeleri yelpazesini ke\u015ffetmek i\u00e7in sitemizi ziyaret edin <strong><a href=\"https:\/\/www.extremeoutdoor.com.tr\/sandalyeler-80\" data-type=\"link\" data-id=\"https:\/\/www.extremeoutdoor.com.tr\/sandalyeler-80\"><mark style=\"background-color:rgba(0, 0, 0, 0)\" class=\"has-inline-color has-vivid-cyan-blue-color\">Kamp Sandalyeleri<\/mark><\/a><\/strong><\/p><p>Do\u011fayla bulu\u015ftu\u011fumuz anlarda konforun ve huzurun tad\u0131n\u0131 \u00e7\u0131karmak i\u00e7in kamp sandalyeleri vazge\u00e7ilmezdir. Do\u011fru bir kamp sandalyesi se\u00e7mek, a\u00e7\u0131k havada ge\u00e7irdi\u011fimiz zaman\u0131 daha keyifli hale getirebilir ve do\u011fan\u0131n g\u00fczelliklerini rahatl\u0131kla ke\u015ffetmemizi sa\u011flar.<br>Konfor, ta\u015f\u0131nabilirlik, dayan\u0131kl\u0131l\u0131k ve kullan\u0131m kolayl\u0131\u011f\u0131 gibi fakt\u00f6rler, sandalye se\u00e7iminde \u00f6nemli rol oynar Ki\u015fisel tercihlerinizi g\u00f6z \u00f6n\u00fcnde bulundurup do\u011fru sandalyeyi se\u00e7erek do\u011fayla uyum i\u00e7inde rahatl\u0131kla dinlenebilir ve unutulmaz an\u0131lar biriktirebilirsiniz!<\/p><figure class=\"wp-block-image size-full is-resized\"><img loading=\"lazy\" decoding=\"async\" src=\"https:\/\/www.blog.extremeoutdoor.com.tr\/wp-content\/uploads\/2023\/08\/Naturehike-Ahsap-Katlanir-Kamp-Sandalyesi-4.jpg\" alt=\"\" class=\"wp-image-5374\" style=\"width:562px;height:562px\" width=\"562\" height=\"562\" srcset=\"https:\/\/blog.extremeoutdoor.com.tr\/wp-content\/uploads\/2023\/08\/Naturehike-Ahsap-Katlanir-Kamp-Sandalyesi-4.jpg 790w, https:\/\/blog.extremeoutdoor.com.tr\/wp-content\/uploads\/2023\/08\/Naturehike-Ahsap-Katlanir-Kamp-Sandalyesi-4-300x300.jpg 300w, https:\/\/blog.extremeoutdoor.com.tr\/wp-content\/uploads\/2023\/08\/Naturehike-Ahsap-Katlanir-Kamp-Sandalyesi-4-150x150.jpg 150w, https:\/\/blog.extremeoutdoor.com.tr\/wp-content\/uploads\/2023\/08\/Naturehike-Ahsap-Katlanir-Kamp-Sandalyesi-4-768x768.jpg 768w, https:\/\/blog.extremeoutdoor.com.tr\/wp-content\/uploads\/2023\/08\/Naturehike-Ahsap-Katlanir-Kamp-Sandalyesi-4-370x370.jpg 370w, https:\/\/blog.extremeoutdoor.com.tr\/wp-content\/uploads\/2023\/08\/Naturehike-Ahsap-Katlanir-Kamp-Sandalyesi-4-110x110.jpg 110w, https:\/\/blog.extremeoutdoor.com.tr\/wp-content\/uploads\/2023\/08\/Naturehike-Ahsap-Katlanir-Kamp-Sandalyesi-4-760x760.jpg 760w, https:\/\/blog.extremeoutdoor.com.tr\/wp-content\/uploads\/2023\/08\/Naturehike-Ahsap-Katlanir-Kamp-Sandalyesi-4-565x565.jpg 565w, https:\/\/blog.extremeoutdoor.com.tr\/wp-content\/uploads\/2023\/08\/Naturehike-Ahsap-Katlanir-Kamp-Sandalyesi-4-600x600.jpg 600w, https:\/\/blog.extremeoutdoor.com.tr\/wp-content\/uploads\/2023\/08\/Naturehike-Ahsap-Katlanir-Kamp-Sandalyesi-4-100x100.jpg 100w\" sizes=\"auto, (max-width: 562px) 100vw, 562px\" \/><\/figure><figure class=\"wp-block-image size-full is-resized\"><img loading=\"lazy\" decoding=\"async\" src=\"https:\/\/www.blog.extremeoutdoor.com.tr\/wp-content\/uploads\/2023\/08\/KAMP-FINAL-3.jpg\" alt=\"\" class=\"wp-image-5376\" style=\"width:940px;height:140px\" width=\"940\" height=\"140\" srcset=\"https:\/\/blog.extremeoutdoor.com.tr\/wp-content\/uploads\/2023\/08\/KAMP-FINAL-3.jpg 984w, https:\/\/blog.extremeoutdoor.com.tr\/wp-content\/uploads\/2023\/08\/KAMP-FINAL-3-300x45.jpg 300w, https:\/\/blog.extremeoutdoor.com.tr\/wp-content\/uploads\/2023\/08\/KAMP-FINAL-3-768x115.jpg 768w, https:\/\/blog.extremeoutdoor.com.tr\/wp-content\/uploads\/2023\/08\/KAMP-FINAL-3-370x55.jpg 370w, https:\/\/blog.extremeoutdoor.com.tr\/wp-content\/uploads\/2023\/08\/KAMP-FINAL-3-760x114.jpg 760w, https:\/\/blog.extremeoutdoor.com.tr\/wp-content\/uploads\/2023\/08\/KAMP-FINAL-3-565x84.jpg 565w, https:\/\/blog.extremeoutdoor.com.tr\/wp-content\/uploads\/2023\/08\/KAMP-FINAL-3-600x90.jpg 600w\" sizes=\"auto, (max-width: 940px) 100vw, 940px\" \/><\/figure>\n\n<div class=\"kk-star-ratings kksr-auto kksr-align-right kksr-valign-bottom\"\n    data-payload='{&quot;align&quot;:&quot;right&quot;,&quot;id&quot;:&quot;5372&quot;,&quot;slug&quot;:&quot;default&quot;,&quot;valign&quot;:&quot;bottom&quot;,&quot;ignore&quot;:&quot;&quot;,&quot;reference&quot;:&quot;auto&quot;,&quot;class&quot;:&quot;&quot;,&quot;count&quot;:&quot;0&quot;,&quot;legendonly&quot;:&quot;&quot;,&quot;readonly&quot;:&quot;&quot;,&quot;score&quot;:&quot;0&quot;,&quot;starsonly&quot;:&quot;&quot;,&quot;best&quot;:&quot;5&quot;,&quot;gap&quot;:&quot;5&quot;,&quot;greet&quot;:&quot;Oylama Yap&quot;,&quot;legend&quot;:&quot;0\\\/5 - (0 votes)&quot;,&quot;size&quot;:&quot;24&quot;,&quot;title&quot;:&quot;Kamp Sandalyesi Se\u00e7iminde Dikkat Edilmesi Gereken Hususlar&quot;,&quot;width&quot;:&quot;0&quot;,&quot;_legend&quot;:&quot;{score}\\\/{best} - ({count} {votes})&quot;,&quot;font_factor&quot;:&quot;1.25&quot;}'>\n            \n<div class=\"kksr-stars\">\n    \n<div class=\"kksr-stars-inactive\">\n            <div class=\"kksr-star\" data-star=\"1\" style=\"padding-right: 5px\">\n            \n\n<div class=\"kksr-icon\" style=\"width: 24px; height: 24px;\"><\/div>\n        <\/div>\n            <div class=\"kksr-star\" data-star=\"2\" style=\"padding-right: 5px\">\n            \n\n<div class=\"kksr-icon\" style=\"width: 24px; height: 24px;\"><\/div>\n        <\/div>\n            <div class=\"kksr-star\" data-star=\"3\" style=\"padding-right: 5px\">\n            \n\n<div class=\"kksr-icon\" style=\"width: 24px; height: 24px;\"><\/div>\n        <\/div>\n            <div class=\"kksr-star\" data-star=\"4\" style=\"padding-right: 5px\">\n            \n\n<div class=\"kksr-icon\" style=\"width: 24px; height: 24px;\"><\/div>\n        <\/div>\n            <div class=\"kksr-star\" data-star=\"5\" style=\"padding-right: 5px\">\n            \n\n<div class=\"kksr-icon\" style=\"width: 24px; height: 24px;\"><\/div>\n        <\/div>\n    <\/div>\n    \n<div class=\"kksr-stars-active\" style=\"width: 0px;\">\n            <div class=\"kksr-star\" style=\"padding-right: 5px\">\n            \n\n<div class=\"kksr-icon\" style=\"width: 24px; height: 24px;\"><\/div>\n        <\/div>\n            <div class=\"kksr-star\" style=\"padding-right: 5px\">\n            \n\n<div class=\"kksr-icon\" style=\"width: 24px; height: 24px;\"><\/div>\n        <\/div>\n            <div class=\"kksr-star\" style=\"padding-right: 5px\">\n            \n\n<div class=\"kksr-icon\" style=\"width: 24px; height: 24px;\"><\/div>\n        <\/div>\n            <div class=\"kksr-star\" style=\"padding-right: 5px\">\n            \n\n<div class=\"kksr-icon\" style=\"width: 24px; height: 24px;\"><\/div>\n        <\/div>\n            <div class=\"kksr-star\" style=\"padding-right: 5px\">\n            \n\n<div class=\"kksr-icon\" style=\"width: 24px; height: 24px;\"><\/div>\n        <\/div>\n    <\/div>\n<\/div>\n                \n\n<div class=\"kksr-legend\" style=\"font-size: 19.2px;\">\n            <span class=\"kksr-muted\">Oylama Yap<\/span>\n    <\/div>\n    <\/div>\n","protected":false},"excerpt":{"rendered":"<p>Kendinizi do\u011faya b\u0131rakt\u0131\u011f\u0131n\u0131z, ku\u015flar\u0131n ya da dalgalar\u0131n sesini dinledi\u011finiz huzurlu bir ortamdas\u0131n\u0131z. \u015e\u00f6yle arkan\u0131za yaslan\u0131p, ayaklar\u0131n\u0131z\u0131 uzatabilece\u011finiz konforlu bir yer&hellip;<\/p>\n","protected":false},"author":990005,"featured_media":5375,"comment_status":"open","ping_status":"open","sticky":false,"template":"","format":"standard","meta":{"footnotes":""},"categories":[15],"tags":[461,127,1168,809,1167,1164,1166,1170],"class_list":["post-5372","post","type-post","status-publish","format-standard","has-post-thumbnail","hentry","category-kampcilik","tag-extreme-outdoor","tag-extreme-outdoor-blog","tag-gci-outdoor-sandalye-2","tag-kamp-sandalyesi","tag-kingcamp-sandalye","tag-madfox-sandalye","tag-nurgaz-sandalye","tag-sandalye-modelleri"],"_links":{"self":[{"href":"https:\/\/blog.extremeoutdoor.com.tr\/index.php\/wp-json\/wp\/v2\/posts\/5372","targetHints":{"allow":["GET"]}}],"collection":[{"href":"https:\/\/blog.extremeoutdoor.com.tr\/index.php\/wp-json\/wp\/v2\/posts"}],"about":[{"href":"https:\/\/blog.extremeoutdoor.com.tr\/index.php\/wp-json\/wp\/v2\/types\/post"}],"author":[{"embeddable":true,"href":"https:\/\/blog.extremeoutdoor.com.tr\/index.php\/wp-json\/wp\/v2\/users\/990005"}],"replies":[{"embeddable":true,"href":"https:\/\/blog.extremeoutdoor.com.tr\/index.php\/wp-json\/wp\/v2\/comments?post=5372"}],"version-history":[{"count":3,"href":"https:\/\/blog.extremeoutdoor.com.tr\/index.php\/wp-json\/wp\/v2\/posts\/5372\/revisions"}],"predecessor-version":[{"id":5379,"href":"https:\/\/blog.extremeoutdoor.com.tr\/index.php\/wp-json\/wp\/v2\/posts\/5372\/revisions\/5379"}],"wp:featuredmedia":[{"embeddable":true,"href":"https:\/\/blog.extremeoutdoor.com.tr\/index.php\/wp-json\/wp\/v2\/media\/5375"}],"wp:attachment":[{"href":"https:\/\/blog.extremeoutdoor.com.tr\/index.php\/wp-json\/wp\/v2\/media?parent=5372"}],"wp:term":[{"taxonomy":"category","embeddable":true,"href":"https:\/\/blog.extremeoutdoor.com.tr\/index.php\/wp-json\/wp\/v2\/categories?post=5372"},{"taxonomy":"post_tag","embeddable":true,"href":"https:\/\/blog.extremeoutdoor.com.tr\/index.php\/wp-json\/wp\/v2\/tags?post=5372"}],"curies":[{"name":"wp","href":"https:\/\/api.w.org\/{rel}","templated":true}]}}