{"id":5406,"date":"2024-06-03T14:27:22","date_gmt":"2024-06-03T11:27:22","guid":{"rendered":"https:\/\/blog.extremeoutdoor.com.tr\/?p=5406"},"modified":"2024-06-03T14:27:24","modified_gmt":"2024-06-03T11:27:24","slug":"2024-yili-ormanlara-girislerin-yasaklandigi-iller","status":"publish","type":"post","link":"https:\/\/blog.extremeoutdoor.com.tr\/index.php\/2024\/06\/03\/2024-yili-ormanlara-girislerin-yasaklandigi-iller\/","title":{"rendered":"2024 Y\u0131l\u0131 &#8211; Ormanlara Giri\u015flerin Yasakland\u0131\u011f\u0131 \u0130ller"},"content":{"rendered":"<p>2021 \u2013 2022 ve son olarak 2023 y\u0131l\u0131nda \u00fclkemizin d\u00f6rt bir yan\u0131nda meydana gelen orman yang\u0131nlar\u0131 nedeniyle; pek \u00e7ok ormanl\u0131k alan\u0131m\u0131z\u0131 kaybettik ve T\u00fcrkiye Cumhuriyeti olarak y\u00fcreklerimiz yand\u0131. Bununla beraber, pek \u00e7ok nesli t\u00fckenme tehlikesi ile kar\u015f\u0131 kar\u015f\u0131ya kalan canlar\u0131m\u0131z da ya\u015fam\u0131n\u0131 yitirdi. Saatler s\u00fcren orman yang\u0131n\u0131 s\u00f6nd\u00fcrme \u00e7al\u0131\u015fmalar\u0131n\u0131 hep birlikte takip ettik ve g\u00f6n\u00fcll\u00fc olarak ormanlar\u0131m\u0131z\u0131 korumak ad\u0131na yo\u011fun \u015fekilde m\u00fccadele verdik. T\u00fcm bu ya\u015fananlar \u00fclkemiz ad\u0131na b\u00fcy\u00fck bir felaket ile sonu\u00e7lan\u0131rken, ormanlar\u0131m\u0131z\u0131 koruma bilinci bir kez daha \u00f6n plana \u00e7\u0131kt\u0131 ve \u00fclkemizin d\u00f6rt bir taraf\u0131nda 2024 y\u0131l\u0131 i\u00e7erisinde \u201corman benim\u201d kampanyas\u0131 ba\u015flat\u0131ld\u0131. 2023 y\u0131l\u0131nda, ormanl\u0131k alanlara giri\u015fler yasaklanm\u0131\u015ft\u0131 ve \u00fclkemizin d\u00f6rt bir taraf\u0131nda yer alan ormanl\u0131k alanlarda; do\u011fa y\u00fcr\u00fcy\u00fc\u015f\u00fc, piknik, ATV turu,\u00a0kamp, bisiklet turu ve \u00e7e\u015fitli outdoor etkinliklerin yap\u0131lmas\u0131 yasaklanm\u0131\u015ft\u0131. 2024 y\u0131l\u0131nda da ormanlara giri\u015flerin yasak olup, olmad\u0131\u011f\u0131; herhangi bir orman giri\u015f yasa\u011f\u0131n\u0131n varl\u0131\u011f\u0131 hakk\u0131nda detaylar\u0131 derlemek ad\u0131na <strong><a href=\"https:\/\/www.extremeoutdoor.com.tr\/\"><mark style=\"background-color:rgba(0, 0, 0, 0)\" class=\"has-inline-color has-vivid-cyan-blue-color\">extremeoutdoor.com.tr<\/mark><\/a><\/strong> ekibi olarak; Belediyeler, \u0130l Valilikleri, Orman Genel M\u00fcd\u00fcrl\u00fc\u011f\u00fc\u2019ne ba\u011fl\u0131 \u0130l Tar\u0131m ve Orman M\u00fcd\u00fcrl\u00fckleri taraf\u0131ndan a\u00e7\u0131klanan orman yasaklar\u0131 hakk\u0131nda bilgiler payla\u015ft\u0131k. 2024 y\u0131l\u0131 May\u0131s ay\u0131 itibariyle, ormanl\u0131k alanlara giri\u015flerin yasakland\u0131\u011f\u0131 iller a\u00e7\u0131klanmaya ba\u015flad\u0131. Peki, hangi illerde ormana giri\u015f yasakland\u0131? 2024 ormanlara giri\u015flerin yasakland\u0131\u011f\u0131 iller listesi. Ormana giri\u015f yasa\u011f\u0131 var m\u0131? Ormanlarda kamp yapmak yasak m\u0131? Ormanlarda piknik yapmak yasak m\u0131? 2024 orman yasa\u011f\u0131 var m\u0131? Ormanlara giri\u015f yasak m\u0131 2024.<\/p><figure class=\"wp-block-image size-full is-resized\"><img loading=\"lazy\" decoding=\"async\" width=\"760\" height=\"506\" src=\"https:\/\/blog.extremeoutdoor.com.tr\/wp-content\/uploads\/2024\/06\/c4fa1940-bbf3-4c27-88c7-7aef9e099578.jpg\" alt=\"\" class=\"wp-image-5409\" style=\"width:840px;height:auto\" srcset=\"https:\/\/blog.extremeoutdoor.com.tr\/wp-content\/uploads\/2024\/06\/c4fa1940-bbf3-4c27-88c7-7aef9e099578.jpg 760w, https:\/\/blog.extremeoutdoor.com.tr\/wp-content\/uploads\/2024\/06\/c4fa1940-bbf3-4c27-88c7-7aef9e099578-300x200.jpg 300w, https:\/\/blog.extremeoutdoor.com.tr\/wp-content\/uploads\/2024\/06\/c4fa1940-bbf3-4c27-88c7-7aef9e099578-370x246.jpg 370w, https:\/\/blog.extremeoutdoor.com.tr\/wp-content\/uploads\/2024\/06\/c4fa1940-bbf3-4c27-88c7-7aef9e099578-565x376.jpg 565w, https:\/\/blog.extremeoutdoor.com.tr\/wp-content\/uploads\/2024\/06\/c4fa1940-bbf3-4c27-88c7-7aef9e099578-600x399.jpg 600w\" sizes=\"auto, (max-width: 760px) 100vw, 760px\" \/><\/figure><p><strong>Ormanlara Girmek Yasak M\u0131? 2024 \u2013 Hangi \u0130llerde Ormana Giri\u015f Yasakland\u0131?<\/strong><\/p><p>\u00dclkemizin farkl\u0131 kentlerinde ormanl\u0131k alanlara giri\u015f yasaklar\u0131 a\u00e7\u0131klamaya devam ederken; OGM \u0130l M\u00fcd\u00fcrl\u00fckleri, Belediyeler ve Valilikler taraf\u0131ndan al\u0131nan \u201cOrmanl\u0131k Alanlara Giri\u015flerin Yasaklanmas\u0131 Hakk\u0131nda Karar\u201d kapsam\u0131na g\u00f6re; belirlenen tarihlerde ormanl\u0131k alanlara giri\u015fler yasakland\u0131.<\/p><p><strong><em>2024 May\u0131s ay\u0131 itibariyle, ormanl\u0131k alanlara giri\u015flerin yasakland\u0131\u011f\u0131 iller \u015fu \u015fekildedir;<\/em><\/strong><\/p><ul class=\"wp-block-list\"><li>Hatay: (1 May\u0131s 2024 \u2013 30 Kas\u0131m 2024 tarihleri aras\u0131nda)<\/li>\n\n<li>K\u00fctahya: (1 Temmuz 2024 \u2013 30 Eyl\u00fcl 2024 tarihleri aras\u0131nda)<\/li>\n\n<li>Kastamonu: (1 May\u0131s 2024 \u2013 31 Ekim 2024 tarihleri aras\u0131nda)<\/li>\n\n<li>K\u0131rklareli: (8 May\u0131s 2024 \u2013 31 Ekim 2024 tarihleri aras\u0131nda<\/li>\n\n<li>Bursa: (16 May\u0131s 2024 tarihinden itibaren)<\/li>\n\n<li>\u00c7anakkale: (1 Haziran 2024 \u2013 15 Eyl\u00fcl 2024 tarihleri aras\u0131nda)<\/li>\n\n<li>Ayd\u0131n: (1 Haziran 2024 \u2013 31 Ekim 2024 tarihleri aras\u0131nda)<\/li>\n\n<li>Mu\u011fla: (1 Haziran 2024 \u2013 31 Ekim 2024 tarihleri aras\u0131nda)<\/li>\n\n<li>Bart\u0131n: (Tarih belirtilmemi\u015ftir ancak yasak karar\u0131 30 May\u0131s 2024 tarihinde yay\u0131nlanm\u0131\u015ft\u0131r)<\/li>\n\n<li>Yozgat: (1 Haziran 2024 \u2013 31 Ekim 2024 tarihleri aras\u0131nda)<\/li>\n\n<li>Manisa: (1 Haziran 2024 \u2013 31 Ekim 2024 tarihleri aras\u0131nda)<\/li>\n\n<li>\u00c7orum: (1 Haziran 2024 \u2013 31 Ekim 2024 tarihleri aras\u0131nda)<\/li>\n\n<li>\u0130zmir: (1 Haziran 2024 \u2013 31 Ekim 2024 tarihleri aras\u0131nda<\/li>\n\n<li>Yalova: (27 May\u0131s 2024 \u2013 31 Ekim 2024 tarihleri aras\u0131nda)<\/li><\/ul><figure class=\"wp-block-image size-full is-resized\"><img loading=\"lazy\" decoding=\"async\" width=\"760\" height=\"427\" src=\"https:\/\/blog.extremeoutdoor.com.tr\/wp-content\/uploads\/2024\/06\/Orman-Yangini-Ilk-Mudahale-15-Dakka-Vitrin.jpg\" alt=\"\" class=\"wp-image-5408\" style=\"width:840px;height:auto\" srcset=\"https:\/\/blog.extremeoutdoor.com.tr\/wp-content\/uploads\/2024\/06\/Orman-Yangini-Ilk-Mudahale-15-Dakka-Vitrin.jpg 760w, https:\/\/blog.extremeoutdoor.com.tr\/wp-content\/uploads\/2024\/06\/Orman-Yangini-Ilk-Mudahale-15-Dakka-Vitrin-300x169.jpg 300w, https:\/\/blog.extremeoutdoor.com.tr\/wp-content\/uploads\/2024\/06\/Orman-Yangini-Ilk-Mudahale-15-Dakka-Vitrin-370x208.jpg 370w, https:\/\/blog.extremeoutdoor.com.tr\/wp-content\/uploads\/2024\/06\/Orman-Yangini-Ilk-Mudahale-15-Dakka-Vitrin-565x317.jpg 565w, https:\/\/blog.extremeoutdoor.com.tr\/wp-content\/uploads\/2024\/06\/Orman-Yangini-Ilk-Mudahale-15-Dakka-Vitrin-600x337.jpg 600w, https:\/\/blog.extremeoutdoor.com.tr\/wp-content\/uploads\/2024\/06\/Orman-Yangini-Ilk-Mudahale-15-Dakka-Vitrin-270x152.jpg 270w\" sizes=\"auto, (max-width: 760px) 100vw, 760px\" \/><\/figure>\n\n<div class=\"kk-star-ratings kksr-auto kksr-align-right kksr-valign-bottom\"\n    data-payload='{&quot;align&quot;:&quot;right&quot;,&quot;id&quot;:&quot;5406&quot;,&quot;slug&quot;:&quot;default&quot;,&quot;valign&quot;:&quot;bottom&quot;,&quot;ignore&quot;:&quot;&quot;,&quot;reference&quot;:&quot;auto&quot;,&quot;class&quot;:&quot;&quot;,&quot;count&quot;:&quot;1&quot;,&quot;legendonly&quot;:&quot;&quot;,&quot;readonly&quot;:&quot;&quot;,&quot;score&quot;:&quot;5&quot;,&quot;starsonly&quot;:&quot;&quot;,&quot;best&quot;:&quot;5&quot;,&quot;gap&quot;:&quot;5&quot;,&quot;greet&quot;:&quot;Oylama Yap&quot;,&quot;legend&quot;:&quot;5\\\/5 - (1 vote)&quot;,&quot;size&quot;:&quot;24&quot;,&quot;title&quot;:&quot;2024 Y\u0131l\u0131 - Ormanlara Giri\u015flerin Yasakland\u0131\u011f\u0131 \u0130ller&quot;,&quot;width&quot;:&quot;142.5&quot;,&quot;_legend&quot;:&quot;{score}\\\/{best} - ({count} {votes})&quot;,&quot;font_factor&quot;:&quot;1.25&quot;}'>\n            \n<div class=\"kksr-stars\">\n    \n<div class=\"kksr-stars-inactive\">\n            <div class=\"kksr-star\" data-star=\"1\" style=\"padding-right: 5px\">\n            \n\n<div class=\"kksr-icon\" style=\"width: 24px; height: 24px;\"><\/div>\n        <\/div>\n            <div class=\"kksr-star\" data-star=\"2\" style=\"padding-right: 5px\">\n            \n\n<div class=\"kksr-icon\" style=\"width: 24px; height: 24px;\"><\/div>\n        <\/div>\n            <div class=\"kksr-star\" data-star=\"3\" style=\"padding-right: 5px\">\n            \n\n<div class=\"kksr-icon\" style=\"width: 24px; height: 24px;\"><\/div>\n        <\/div>\n            <div class=\"kksr-star\" data-star=\"4\" style=\"padding-right: 5px\">\n            \n\n<div class=\"kksr-icon\" style=\"width: 24px; height: 24px;\"><\/div>\n        <\/div>\n            <div class=\"kksr-star\" data-star=\"5\" style=\"padding-right: 5px\">\n            \n\n<div class=\"kksr-icon\" style=\"width: 24px; height: 24px;\"><\/div>\n        <\/div>\n    <\/div>\n    \n<div class=\"kksr-stars-active\" style=\"width: 142.5px;\">\n            <div class=\"kksr-star\" style=\"padding-right: 5px\">\n            \n\n<div class=\"kksr-icon\" style=\"width: 24px; height: 24px;\"><\/div>\n        <\/div>\n            <div class=\"kksr-star\" style=\"padding-right: 5px\">\n            \n\n<div class=\"kksr-icon\" style=\"width: 24px; height: 24px;\"><\/div>\n        <\/div>\n            <div class=\"kksr-star\" style=\"padding-right: 5px\">\n            \n\n<div class=\"kksr-icon\" style=\"width: 24px; height: 24px;\"><\/div>\n        <\/div>\n            <div class=\"kksr-star\" style=\"padding-right: 5px\">\n            \n\n<div class=\"kksr-icon\" style=\"width: 24px; height: 24px;\"><\/div>\n        <\/div>\n            <div class=\"kksr-star\" style=\"padding-right: 5px\">\n            \n\n<div class=\"kksr-icon\" style=\"width: 24px; height: 24px;\"><\/div>\n        <\/div>\n    <\/div>\n<\/div>\n                \n\n<div class=\"kksr-legend\" style=\"font-size: 19.2px;\">\n            5\/5 - (1 vote)    <\/div>\n    <\/div>\n","protected":false},"excerpt":{"rendered":"<p>2021 \u2013 2022 ve son olarak 2023 y\u0131l\u0131nda \u00fclkemizin d\u00f6rt bir yan\u0131nda meydana gelen orman yang\u0131nlar\u0131 nedeniyle; pek \u00e7ok ormanl\u0131k&hellip;<\/p>\n","protected":false},"author":990005,"featured_media":5407,"comment_status":"open","ping_status":"open","sticky":false,"template":"","format":"standard","meta":{"footnotes":""},"categories":[647,398,15],"tags":[461,127,1198,1195,1196,1197,1199],"class_list":["post-5406","post","type-post","status-publish","format-standard","has-post-thumbnail","hentry","category-dogayi-koru","category-haber","category-kampcilik","tag-extreme-outdoor","tag-extreme-outdoor-blog","tag-hangi-illerde-ormanalra-girmek-yasak","tag-orman-yanginlari","tag-ormanlara-girislerin-yasaklandigi-iller","tag-ormanlara-neden-girmek-yasaklaniyor","tag-ormanlarda-kamp-yapmak-yasakmi"],"_links":{"self":[{"href":"https:\/\/blog.extremeoutdoor.com.tr\/index.php\/wp-json\/wp\/v2\/posts\/5406","targetHints":{"allow":["GET"]}}],"collection":[{"href":"https:\/\/blog.extremeoutdoor.com.tr\/index.php\/wp-json\/wp\/v2\/posts"}],"about":[{"href":"https:\/\/blog.extremeoutdoor.com.tr\/index.php\/wp-json\/wp\/v2\/types\/post"}],"author":[{"embeddable":true,"href":"https:\/\/blog.extremeoutdoor.com.tr\/index.php\/wp-json\/wp\/v2\/users\/990005"}],"replies":[{"embeddable":true,"href":"https:\/\/blog.extremeoutdoor.com.tr\/index.php\/wp-json\/wp\/v2\/comments?post=5406"}],"version-history":[{"count":1,"href":"https:\/\/blog.extremeoutdoor.com.tr\/index.php\/wp-json\/wp\/v2\/posts\/5406\/revisions"}],"predecessor-version":[{"id":5410,"href":"https:\/\/blog.extremeoutdoor.com.tr\/index.php\/wp-json\/wp\/v2\/posts\/5406\/revisions\/5410"}],"wp:featuredmedia":[{"embeddable":true,"href":"https:\/\/blog.extremeoutdoor.com.tr\/index.php\/wp-json\/wp\/v2\/media\/5407"}],"wp:attachment":[{"href":"https:\/\/blog.extremeoutdoor.com.tr\/index.php\/wp-json\/wp\/v2\/media?parent=5406"}],"wp:term":[{"taxonomy":"category","embeddable":true,"href":"https:\/\/blog.extremeoutdoor.com.tr\/index.php\/wp-json\/wp\/v2\/categories?post=5406"},{"taxonomy":"post_tag","embeddable":true,"href":"https:\/\/blog.extremeoutdoor.com.tr\/index.php\/wp-json\/wp\/v2\/tags?post=5406"}],"curies":[{"name":"wp","href":"https:\/\/api.w.org\/{rel}","templated":true}]}}