{"id":5536,"date":"2024-06-13T15:00:21","date_gmt":"2024-06-13T12:00:21","guid":{"rendered":"https:\/\/blog.extremeoutdoor.com.tr\/?p=5536"},"modified":"2024-06-13T15:07:11","modified_gmt":"2024-06-13T12:07:11","slug":"kusak-farki-iletisimi-nasil-etkiliyor","status":"publish","type":"post","link":"https:\/\/blog.extremeoutdoor.com.tr\/index.php\/2024\/06\/13\/kusak-farki-iletisimi-nasil-etkiliyor\/","title":{"rendered":"Ku\u015fak Fark\u0131 \u0130leti\u015fimi Nas\u0131l Etkiliyor?"},"content":{"rendered":"<p><span style=\"color: rgb(68, 68, 68); font-family: &quot;Source Sans Pro&quot;, sans-serif; font-size: 16px; white-space-collapse: collapse;\">Ku\u015fak fark\u0131 ileti\u015fimi, farkl\u0131 ya\u015f gruplar\u0131 aras\u0131ndaki ileti\u015fim tarzlar\u0131, tercihleri ve beklentilerindeki farkl\u0131l\u0131klar\u0131 ifade eder. Genellikle farkl\u0131 ku\u015faklara mensup bireyler aras\u0131nda ileti\u015fimde ortaya \u00e7\u0131kan bu farkl\u0131l\u0131klar, ya\u015f, k\u00fclt\u00fcrel deneyimler, teknolojik geli\u015fmeler ve toplumsal de\u011fi\u015fimler gibi \u00e7e\u015fitli fakt\u00f6rlerden kaynaklan\u0131r. \u00d6rne\u011fin, geleneksel ku\u015faklar olan Baby Boomers, ileti\u015fimde daha y\u00fcz y\u00fcze etkile\u015fimlere de\u011fer verirken, Y ku\u015fa\u011f\u0131 ve Z ku\u015fa\u011f\u0131 gibi daha gen\u00e7 ku\u015faklar, dijital ileti\u015fim ara\u00e7lar\u0131n\u0131 daha s\u0131k kullanarak ileti\u015fim kurmay\u0131 tercih ederler.<\/span><\/p><figure class=\"wp-block-image size-full is-resized\"><img loading=\"lazy\" decoding=\"async\" width=\"750\" height=\"322\" src=\"https:\/\/blog.extremeoutdoor.com.tr\/wp-content\/uploads\/2024\/06\/pLyz5.jpg\" alt=\"\" class=\"wp-image-5546\" style=\"width:840px;height:auto\" srcset=\"https:\/\/blog.extremeoutdoor.com.tr\/wp-content\/uploads\/2024\/06\/pLyz5.jpg 750w, https:\/\/blog.extremeoutdoor.com.tr\/wp-content\/uploads\/2024\/06\/pLyz5-300x129.jpg 300w, https:\/\/blog.extremeoutdoor.com.tr\/wp-content\/uploads\/2024\/06\/pLyz5-370x159.jpg 370w, https:\/\/blog.extremeoutdoor.com.tr\/wp-content\/uploads\/2024\/06\/pLyz5-565x243.jpg 565w, https:\/\/blog.extremeoutdoor.com.tr\/wp-content\/uploads\/2024\/06\/pLyz5-600x258.jpg 600w\" sizes=\"auto, (max-width: 750px) 100vw, 750px\" \/><\/figure><h2 class=\"wp-block-heading\">Ku\u015fak Fark\u0131 \u0130leti\u015fiminin Olumsuz Etkileri<\/h2><p>Ku\u015fak fark\u0131 ileti\u015fimi, \u00e7e\u015fitli olumsuz etkilere yol a\u00e7abilir:<\/p><ol class=\"wp-block-list\"><li><strong>Anla\u015fmazl\u0131klar ve Yanl\u0131\u015f Anlamalar:<\/strong>&nbsp;Farkl\u0131 ku\u015faklara mensup bireyler aras\u0131ndaki ileti\u015fim tarzlar\u0131ndaki farkl\u0131l\u0131klar, anla\u015fmazl\u0131klara ve yanl\u0131\u015f anlamalara neden olabilir. \u00d6rne\u011fin, bir taraf\u0131n yaz\u0131l\u0131 mesajlar\u0131 daha k\u0131sa ve h\u0131zl\u0131 al\u0131p vermek i\u00e7in kullanma e\u011filimi, di\u011fer taraf\u0131n bu tarz\u0131 yetersiz veya sayg\u0131s\u0131z bulmas\u0131na neden olabilir.<\/li>\n\n<li><strong>\u0130\u015fbirli\u011fi ve Verimlilikte Azalma:<\/strong>&nbsp;Ku\u015faklar aras\u0131ndaki ileti\u015fim farkl\u0131l\u0131klar\u0131, i\u015fbirli\u011fini ve verimlili\u011fi olumsuz y\u00f6nde etkileyebilir. Farkl\u0131 ileti\u015fim tarzlar\u0131na sahip bireylerin ayn\u0131 projede \u00e7al\u0131\u015fmas\u0131 gerekti\u011finde uyumsuzluklar ve uyumsuzluklar ortaya \u00e7\u0131kabilir, bu da i\u015fbirli\u011fini zorla\u015ft\u0131rabilir.<\/li>\n\n<li><strong>\u00c7at\u0131\u015fma ve Tansiyon:<\/strong>&nbsp;Farkl\u0131 ku\u015faklara mensup bireyler aras\u0131ndaki ileti\u015fim farkl\u0131l\u0131klar\u0131, zaman zaman \u00e7at\u0131\u015fma ve tansiyona yol a\u00e7abilir. \u00d6rne\u011fin, daha gen\u00e7 bir ku\u015fa\u011f\u0131n teknoloji kullan\u0131m\u0131 hakk\u0131nda daha bilgili olmas\u0131, daha ya\u015fl\u0131 bir ku\u015fa\u011f\u0131n kendini de\u011fersiz veya d\u0131\u015flanm\u0131\u015f hissetmesine neden olabilir.<\/li>\n\n<li><strong>\u0130\u015fyeri K\u00fclt\u00fcr\u00fcnde Uyum Sorunlar\u0131:<\/strong>&nbsp;\u0130\u015fyerlerinde farkl\u0131 ku\u015faklardan gelen \u00e7al\u0131\u015fanlar aras\u0131ndaki ileti\u015fim farkl\u0131l\u0131klar\u0131, i\u015fyeri k\u00fclt\u00fcr\u00fcnde uyum sorunlar\u0131na yol a\u00e7abilir. \u00d6zellikle y\u00f6netim ve liderlik pozisyonlar\u0131nda farkl\u0131 ku\u015faklardan gelen \u00e7al\u0131\u015fanlar\u0131n bir arada \u00e7al\u0131\u015fmas\u0131 gerekti\u011finde, ileti\u015fim zorluklar\u0131 ve uyum sorunlar\u0131 ortaya \u00e7\u0131kabilir.<\/li><\/ol><p>Bu olumsuz etkileri azaltmak i\u00e7in, farkl\u0131 ku\u015faklardan gelen bireyler aras\u0131ndaki ileti\u015fim farkl\u0131l\u0131klar\u0131n\u0131 anlamak ve sayg\u0131 g\u00f6stermek \u00f6nemlidir. E\u011fitim programlar\u0131 ve i\u015fyeri politikalar\u0131, ku\u015faklar aras\u0131 ileti\u015fimde uyumu te\u015fvik etmek ve olumsuz etkileri en aza indirmek i\u00e7in kullan\u0131labilir.<\/p><figure class=\"wp-block-image size-full is-resized\"><img loading=\"lazy\" decoding=\"async\" width=\"750\" height=\"422\" src=\"https:\/\/blog.extremeoutdoor.com.tr\/wp-content\/uploads\/2024\/06\/1678875404898.jpeg\" alt=\"\" class=\"wp-image-5544\" style=\"width:840px;height:auto\" srcset=\"https:\/\/blog.extremeoutdoor.com.tr\/wp-content\/uploads\/2024\/06\/1678875404898.jpeg 750w, https:\/\/blog.extremeoutdoor.com.tr\/wp-content\/uploads\/2024\/06\/1678875404898-300x169.jpeg 300w, https:\/\/blog.extremeoutdoor.com.tr\/wp-content\/uploads\/2024\/06\/1678875404898-370x208.jpeg 370w, https:\/\/blog.extremeoutdoor.com.tr\/wp-content\/uploads\/2024\/06\/1678875404898-565x318.jpeg 565w, https:\/\/blog.extremeoutdoor.com.tr\/wp-content\/uploads\/2024\/06\/1678875404898-600x338.jpeg 600w, https:\/\/blog.extremeoutdoor.com.tr\/wp-content\/uploads\/2024\/06\/1678875404898-270x152.jpeg 270w\" sizes=\"auto, (max-width: 750px) 100vw, 750px\" \/><\/figure><h2 class=\"wp-block-heading\">Ku\u015fak Farkl\u0131 \u0130leti\u015fiminde \u0130yile\u015fme \u00d6nerileri<\/h2><ul class=\"wp-block-list\"><li><strong>Empati Geli\u015ftirme:<\/strong>&nbsp;Farkl\u0131 ku\u015faklardan gelen bireyler aras\u0131ndaki ileti\u015fim farkl\u0131l\u0131klar\u0131n\u0131 anlamak i\u00e7in empati geli\u015ftirmek \u00f6nemlidir. Her ku\u015fa\u011f\u0131n kendi deneyimleri ve perspektifleri vard\u0131r, bu nedenle kar\u015f\u0131l\u0131kl\u0131 anlay\u0131\u015f ve sayg\u0131 ile ileti\u015fim kurulmal\u0131d\u0131r.<\/li>\n\n<li><strong>A\u00e7\u0131k \u0130leti\u015fim:<\/strong>&nbsp;\u0130leti\u015fimde a\u00e7\u0131kl\u0131k ve netlik, farkl\u0131 ku\u015faklardan gelen bireyler aras\u0131nda olas\u0131 yanl\u0131\u015f anlamalar\u0131 ve anla\u015fmazl\u0131klar\u0131 azaltabilir. \u0130leti\u015fimde kullan\u0131lan dilin net, a\u00e7\u0131k ve anla\u015f\u0131l\u0131r olmas\u0131 \u00f6nemlidir.<\/li>\n\n<li><strong>Esneklik ve Uyum:<\/strong>&nbsp;\u0130leti\u015fim tarzlar\u0131nda esneklik g\u00f6stermek ve farkl\u0131 ku\u015faklara uyum sa\u011flamak \u00f6nemlidir. \u00d6rne\u011fin, daha gen\u00e7 ku\u015faklarla ileti\u015fim kurarken dijital ileti\u015fim ara\u00e7lar\u0131n\u0131 kullanmay\u0131 tercih etmek, ileti\u015fimdeki etkile\u015fimi kolayla\u015ft\u0131rabilir.<\/li>\n\n<li><strong>E\u011fitim ve Fark\u0131ndal\u0131k<\/strong>: \u0130\u015fyerlerinde ve toplumda ku\u015faklar aras\u0131 ileti\u015fimdeki farkl\u0131l\u0131klar\u0131 anlamak i\u00e7in e\u011fitim programlar\u0131 d\u00fczenlenmeli ve fark\u0131ndal\u0131k art\u0131r\u0131lmal\u0131d\u0131r. Bu, farkl\u0131 ku\u015faklardan gelen bireylerin birbirlerini daha iyi anlamalar\u0131n\u0131 ve i\u015fbirli\u011fi yapmalar\u0131n\u0131 sa\u011flayabilir.<\/li>\n\n<li><strong>Mentorluk ve \u0130\u015fbirli\u011fi:<\/strong>&nbsp;Farkl\u0131 ku\u015faklardan gelen bireyler aras\u0131nda mentorluk ve i\u015fbirli\u011fi f\u0131rsatlar\u0131 yaratmak, ileti\u015fimi g\u00fc\u00e7lendirebilir. Daha gen\u00e7 ku\u015faklar, daha deneyimli ku\u015faklardan \u00f6\u011frenebilirken, daha ya\u015fl\u0131 ku\u015faklar da yeni perspektiflerden faydalanabilir.<\/li>\n\n<li><strong>A\u00e7\u0131k ve Kapsay\u0131c\u0131 \u0130\u015fyeri K\u00fclt\u00fcr\u00fc<\/strong>: \u0130\u015fyerlerinde a\u00e7\u0131k ve kapsay\u0131c\u0131 bir k\u00fclt\u00fcr olu\u015fturmak, farkl\u0131 ku\u015faklardan gelen bireylerin birbirleriyle daha rahat ileti\u015fim kurmalar\u0131n\u0131 sa\u011flayabilir. Bu, i\u015fbirli\u011fi ve tak\u0131m ruhunu te\u015fvik edebilir.<\/li><\/ul><figure class=\"wp-block-image size-full is-resized\"><img loading=\"lazy\" decoding=\"async\" width=\"750\" height=\"396\" src=\"https:\/\/blog.extremeoutdoor.com.tr\/wp-content\/uploads\/2024\/06\/alfa_kusagi_nesiller.jpg\" alt=\"\" class=\"wp-image-5545\" style=\"width:840px;height:auto\" srcset=\"https:\/\/blog.extremeoutdoor.com.tr\/wp-content\/uploads\/2024\/06\/alfa_kusagi_nesiller.jpg 750w, https:\/\/blog.extremeoutdoor.com.tr\/wp-content\/uploads\/2024\/06\/alfa_kusagi_nesiller-300x158.jpg 300w, https:\/\/blog.extremeoutdoor.com.tr\/wp-content\/uploads\/2024\/06\/alfa_kusagi_nesiller-370x195.jpg 370w, https:\/\/blog.extremeoutdoor.com.tr\/wp-content\/uploads\/2024\/06\/alfa_kusagi_nesiller-565x298.jpg 565w, https:\/\/blog.extremeoutdoor.com.tr\/wp-content\/uploads\/2024\/06\/alfa_kusagi_nesiller-600x317.jpg 600w\" sizes=\"auto, (max-width: 750px) 100vw, 750px\" \/><\/figure>\n\n<div class=\"kk-star-ratings kksr-auto kksr-align-right kksr-valign-bottom\"\n    data-payload='{&quot;align&quot;:&quot;right&quot;,&quot;id&quot;:&quot;5536&quot;,&quot;slug&quot;:&quot;default&quot;,&quot;valign&quot;:&quot;bottom&quot;,&quot;ignore&quot;:&quot;&quot;,&quot;reference&quot;:&quot;auto&quot;,&quot;class&quot;:&quot;&quot;,&quot;count&quot;:&quot;1&quot;,&quot;legendonly&quot;:&quot;&quot;,&quot;readonly&quot;:&quot;&quot;,&quot;score&quot;:&quot;5&quot;,&quot;starsonly&quot;:&quot;&quot;,&quot;best&quot;:&quot;5&quot;,&quot;gap&quot;:&quot;5&quot;,&quot;greet&quot;:&quot;Oylama Yap&quot;,&quot;legend&quot;:&quot;5\\\/5 - (1 vote)&quot;,&quot;size&quot;:&quot;24&quot;,&quot;title&quot;:&quot;Ku\u015fak Fark\u0131 \u0130leti\u015fimi Nas\u0131l Etkiliyor?&quot;,&quot;width&quot;:&quot;142.5&quot;,&quot;_legend&quot;:&quot;{score}\\\/{best} - ({count} {votes})&quot;,&quot;font_factor&quot;:&quot;1.25&quot;}'>\n            \n<div class=\"kksr-stars\">\n    \n<div class=\"kksr-stars-inactive\">\n            <div class=\"kksr-star\" data-star=\"1\" style=\"padding-right: 5px\">\n            \n\n<div class=\"kksr-icon\" style=\"width: 24px; height: 24px;\"><\/div>\n        <\/div>\n            <div class=\"kksr-star\" data-star=\"2\" style=\"padding-right: 5px\">\n            \n\n<div class=\"kksr-icon\" style=\"width: 24px; height: 24px;\"><\/div>\n        <\/div>\n            <div class=\"kksr-star\" data-star=\"3\" style=\"padding-right: 5px\">\n            \n\n<div class=\"kksr-icon\" style=\"width: 24px; height: 24px;\"><\/div>\n        <\/div>\n            <div class=\"kksr-star\" data-star=\"4\" style=\"padding-right: 5px\">\n            \n\n<div class=\"kksr-icon\" style=\"width: 24px; height: 24px;\"><\/div>\n        <\/div>\n            <div class=\"kksr-star\" data-star=\"5\" style=\"padding-right: 5px\">\n            \n\n<div class=\"kksr-icon\" style=\"width: 24px; height: 24px;\"><\/div>\n        <\/div>\n    <\/div>\n    \n<div class=\"kksr-stars-active\" style=\"width: 142.5px;\">\n            <div class=\"kksr-star\" style=\"padding-right: 5px\">\n            \n\n<div class=\"kksr-icon\" style=\"width: 24px; height: 24px;\"><\/div>\n        <\/div>\n            <div class=\"kksr-star\" style=\"padding-right: 5px\">\n            \n\n<div class=\"kksr-icon\" style=\"width: 24px; height: 24px;\"><\/div>\n        <\/div>\n            <div class=\"kksr-star\" style=\"padding-right: 5px\">\n            \n\n<div class=\"kksr-icon\" style=\"width: 24px; height: 24px;\"><\/div>\n        <\/div>\n            <div class=\"kksr-star\" style=\"padding-right: 5px\">\n            \n\n<div class=\"kksr-icon\" style=\"width: 24px; height: 24px;\"><\/div>\n        <\/div>\n            <div class=\"kksr-star\" style=\"padding-right: 5px\">\n            \n\n<div class=\"kksr-icon\" style=\"width: 24px; height: 24px;\"><\/div>\n        <\/div>\n    <\/div>\n<\/div>\n                \n\n<div class=\"kksr-legend\" style=\"font-size: 19.2px;\">\n            5\/5 - (1 vote)    <\/div>\n    <\/div>\n","protected":false},"excerpt":{"rendered":"<p>Ku\u015fak fark\u0131 ileti\u015fimi, farkl\u0131 ya\u015f gruplar\u0131 aras\u0131ndaki ileti\u015fim tarzlar\u0131, tercihleri ve beklentilerindeki farkl\u0131l\u0131klar\u0131 ifade eder. Genellikle farkl\u0131 ku\u015faklara mensup bireyler&hellip;<\/p>\n","protected":false},"author":990005,"featured_media":5537,"comment_status":"open","ping_status":"open","sticky":false,"template":"","format":"standard","meta":{"footnotes":""},"categories":[398,645],"tags":[461,127,1245,1246,1247,1244],"class_list":["post-5536","post","type-post","status-publish","format-standard","has-post-thumbnail","hentry","category-haber","category-makale","tag-extreme-outdoor","tag-extreme-outdoor-blog","tag-kusak-farki-iletisimi","tag-kusak-farki-iletisimi-nasil-etkiliyor","tag-kusak-farki-iletisiminin-olumsuz-etkileri","tag-kusak-farkli-iletisiminde-iyilesme-onerileri"],"_links":{"self":[{"href":"https:\/\/blog.extremeoutdoor.com.tr\/index.php\/wp-json\/wp\/v2\/posts\/5536","targetHints":{"allow":["GET"]}}],"collection":[{"href":"https:\/\/blog.extremeoutdoor.com.tr\/index.php\/wp-json\/wp\/v2\/posts"}],"about":[{"href":"https:\/\/blog.extremeoutdoor.com.tr\/index.php\/wp-json\/wp\/v2\/types\/post"}],"author":[{"embeddable":true,"href":"https:\/\/blog.extremeoutdoor.com.tr\/index.php\/wp-json\/wp\/v2\/users\/990005"}],"replies":[{"embeddable":true,"href":"https:\/\/blog.extremeoutdoor.com.tr\/index.php\/wp-json\/wp\/v2\/comments?post=5536"}],"version-history":[{"count":2,"href":"https:\/\/blog.extremeoutdoor.com.tr\/index.php\/wp-json\/wp\/v2\/posts\/5536\/revisions"}],"predecessor-version":[{"id":5547,"href":"https:\/\/blog.extremeoutdoor.com.tr\/index.php\/wp-json\/wp\/v2\/posts\/5536\/revisions\/5547"}],"wp:featuredmedia":[{"embeddable":true,"href":"https:\/\/blog.extremeoutdoor.com.tr\/index.php\/wp-json\/wp\/v2\/media\/5537"}],"wp:attachment":[{"href":"https:\/\/blog.extremeoutdoor.com.tr\/index.php\/wp-json\/wp\/v2\/media?parent=5536"}],"wp:term":[{"taxonomy":"category","embeddable":true,"href":"https:\/\/blog.extremeoutdoor.com.tr\/index.php\/wp-json\/wp\/v2\/categories?post=5536"},{"taxonomy":"post_tag","embeddable":true,"href":"https:\/\/blog.extremeoutdoor.com.tr\/index.php\/wp-json\/wp\/v2\/tags?post=5536"}],"curies":[{"name":"wp","href":"https:\/\/api.w.org\/{rel}","templated":true}]}}