{"id":5696,"date":"2024-06-19T17:40:49","date_gmt":"2024-06-19T14:40:49","guid":{"rendered":"https:\/\/blog.extremeoutdoor.com.tr\/?p=5696"},"modified":"2024-06-19T17:40:51","modified_gmt":"2024-06-19T14:40:51","slug":"jeomanyetik-firtina-sikligi-siddeti-ve-etkileri","status":"publish","type":"post","link":"https:\/\/blog.extremeoutdoor.com.tr\/index.php\/2024\/06\/19\/jeomanyetik-firtina-sikligi-siddeti-ve-etkileri\/","title":{"rendered":"Jeomanyetik F\u0131rt\u0131na S\u0131kl\u0131\u011f\u0131, \u015eiddeti ve Etkileri"},"content":{"rendered":"<p>Jeomanyetik f\u0131rt\u0131na, G\u00fcne\u015f\u2019ten gelen y\u00fckl\u00fc par\u00e7ac\u0131klar\u0131n (g\u00fcne\u015f r\u00fczgar\u0131 ve g\u00fcne\u015ften patlayan par\u00e7ac\u0131klar) D\u00fcnya\u2019n\u0131n manyetik alan\u0131yla etkile\u015fime girmesi sonucu olu\u015fan bir fenomendir. G\u00fcne\u015f r\u00fczgar\u0131yla birlikte g\u00fcne\u015ften kopan y\u00fckl\u00fc par\u00e7ac\u0131klar, D\u00fcnya\u2019n\u0131n manyetosferine do\u011fru y\u00f6nlenir. Manyetosfer, D\u00fcnya\u2019y\u0131 uzaydaki zararl\u0131 par\u00e7ac\u0131klardan koruyan bir kalkan g\u00f6revi g\u00f6r\u00fcr. Ancak, manyetosfer \u00fczerindeki bask\u0131 \u00e7ok fazla oldu\u011funda veya manyetik alan\u0131n yap\u0131sal dengesi bozuldu\u011funda, jeomanyetik f\u0131rt\u0131nalar olu\u015fabilir.<\/p><p>Jeomanyetik f\u0131rt\u0131nalar, manyetosferdeki ani de\u011fi\u015fimler sonucunda D\u00fcnya\u2019n\u0131n atmosferine s\u0131zan y\u00fckl\u00fc par\u00e7ac\u0131klar\u0131n etkisiyle g\u00f6zlemlenen bir fenomendir. Bu par\u00e7ac\u0131klar, atmosferin \u00fcst katmanlar\u0131nda iyonizasyona neden olur ve bu da g\u00f6kku\u015fa\u011f\u0131 gibi \u0131\u015f\u0131k olaylar\u0131n\u0131n meydana gelmesine yol a\u00e7ar. Kuzey ve G\u00fcney Kutuplar\u0131 yak\u0131n\u0131nda bu par\u00e7ac\u0131klar\u0131n etkisiyle muhte\u015fem aurora g\u00f6r\u00fcnt\u00fcleri olu\u015fabilir.<\/p><p>Jeomanyetik f\u0131rt\u0131nalar\u0131n etkileri sadece g\u00f6rsel olarak s\u0131n\u0131rl\u0131 de\u011fildir. G\u00fcne\u015f radyasyonunun artmas\u0131, radyo ileti\u015fimini bozabilir, uydu operasyonlar\u0131n\u0131 etkileyebilir, elektrik hatlar\u0131nda a\u015f\u0131r\u0131 y\u00fcklenmelere neden olabilir ve hatta baz\u0131 durumlarda g\u00fc\u00e7l\u00fc jeomanyetik f\u0131rt\u0131nalar elektrik kesintilerine yol a\u00e7abilir. Bu nedenle, jeomanyetik f\u0131rt\u0131nalar\u0131n izlenmesi ve anla\u015f\u0131lmas\u0131, uzay hava tahminlerinin ve toplumun al\u0131nmas\u0131 gereken \u00f6nlemlerin bir par\u00e7as\u0131d\u0131r.<\/p><figure class=\"wp-block-image size-large\"><img loading=\"lazy\" decoding=\"async\" width=\"1024\" height=\"597\" src=\"https:\/\/blog.extremeoutdoor.com.tr\/wp-content\/uploads\/2024\/06\/Jeomanyetik-Firtina-3-1024x597.jpg\" alt=\"\" class=\"wp-image-5697\" srcset=\"https:\/\/blog.extremeoutdoor.com.tr\/wp-content\/uploads\/2024\/06\/Jeomanyetik-Firtina-3-1024x597.jpg 1024w, https:\/\/blog.extremeoutdoor.com.tr\/wp-content\/uploads\/2024\/06\/Jeomanyetik-Firtina-3-300x175.jpg 300w, https:\/\/blog.extremeoutdoor.com.tr\/wp-content\/uploads\/2024\/06\/Jeomanyetik-Firtina-3-768x448.jpg 768w, https:\/\/blog.extremeoutdoor.com.tr\/wp-content\/uploads\/2024\/06\/Jeomanyetik-Firtina-3-370x216.jpg 370w, https:\/\/blog.extremeoutdoor.com.tr\/wp-content\/uploads\/2024\/06\/Jeomanyetik-Firtina-3-760x443.jpg 760w, https:\/\/blog.extremeoutdoor.com.tr\/wp-content\/uploads\/2024\/06\/Jeomanyetik-Firtina-3-565x330.jpg 565w, https:\/\/blog.extremeoutdoor.com.tr\/wp-content\/uploads\/2024\/06\/Jeomanyetik-Firtina-3-600x350.jpg 600w, https:\/\/blog.extremeoutdoor.com.tr\/wp-content\/uploads\/2024\/06\/Jeomanyetik-Firtina-3.jpg 1200w\" sizes=\"auto, (max-width: 1024px) 100vw, 1024px\" \/><\/figure><h2 class=\"wp-block-heading\">Jeomanyetik F\u0131rt\u0131na Etkileri Nelerdir?<\/h2><p>Jeomanyetik f\u0131rt\u0131nalar, D\u00fcnya\u2019n\u0131n manyetik alan\u0131ndaki ani de\u011fi\u015fikliklerin atmosferle etkile\u015fime girmesi sonucunda \u00e7e\u015fitli etkilere neden olabilir. \u0130\u015fte jeomanyetik f\u0131rt\u0131nalar\u0131n potansiyel etkilerinden baz\u0131lar\u0131:<\/p><ul class=\"wp-block-list\"><li><strong>G\u00f6r\u00fcn\u00fcr I\u015f\u0131klar (Aurora):<\/strong>\u00a0Jeomanyetik f\u0131rt\u0131nalar, atmosferin \u00fcst katmanlar\u0131na y\u00fckl\u00fc par\u00e7ac\u0131klar\u0131n \u00e7arpmas\u0131 sonucu g\u00f6kku\u015fa\u011f\u0131 gibi \u0131\u015f\u0131k olaylar\u0131na neden olabilir. Bu olaylara \u201caurora\u201d veya \u201ckuzey \u0131\u015f\u0131klar\u0131\u201d (aurora borealis) ve \u201cg\u00fcney \u0131\u015f\u0131klar\u0131\u201d (aurora australis) denir. Bu parlak ve renkli \u0131\u015f\u0131k \u015fovlar\u0131 genellikle Kuzey ve G\u00fcney Kutuplar\u0131 yak\u0131n\u0131nda g\u00f6zlemlenir.<\/li>\n\n<li><strong>Radyo \u0130leti\u015fiminde Bozulmalar:<\/strong>\u00a0Jeomanyetik f\u0131rt\u0131nalar, radyo dalgalar\u0131n\u0131n yery\u00fcz\u00fcnden yukar\u0131 do\u011fru iletilmesini engelleyebilir veya bozabilir. Bu, radyo ileti\u015fiminde kesintilere veya bozulmalara neden olabilir, \u00f6zellikle y\u00fcksek frekansl\u0131 radyo dalgalar\u0131nda belirgin olabilir.<\/li>\n\n<li><strong>Uydu Operasyonlar\u0131nda Bozulmalar:<\/strong>\u00a0Jeomanyetik f\u0131rt\u0131nalar, uydu sistemlerini etkileyebilir ve uydu operat\u00f6rlerinin ileti\u015fim, navigasyon ve di\u011fer hizmetlerde sorunlar ya\u015famas\u0131na neden olabilir. Uydu sinyallerinin zay\u0131flamas\u0131 veya kaybolmas\u0131, uydu tabanl\u0131 hizmetlerin kesintiye u\u011framas\u0131na yol a\u00e7abilir.<\/li>\n\n<li><strong>Elektrik Hatlar\u0131nda A\u015f\u0131r\u0131 Y\u00fcklenmeler:<\/strong>\u00a0G\u00fc\u00e7l\u00fc jeomanyetik f\u0131rt\u0131nalar, D\u00fcnya\u2019n\u0131n manyetik alan\u0131ndaki ani de\u011fi\u015fiklikler nedeniyle elektrik hatlar\u0131nda a\u015f\u0131r\u0131 y\u00fcklenmelere neden olabilir. Bu durum, elektrik \u015febekelerinde kesintilere veya hatta hasara yol a\u00e7abilir, b\u00f6ylece elektrik kesintileri meydana gelebilir.<\/li>\n\n<li><strong>U\u00e7ak ve Uzay Arac\u0131 Sistemlerinde Ar\u0131zalar:<\/strong>\u00a0Jeomanyetik f\u0131rt\u0131nalar, u\u00e7ak ve uzay ara\u00e7lar\u0131n\u0131n elektronik sistemlerine zarar verebilir. Y\u00fcksek enerjili par\u00e7ac\u0131klar, u\u00e7aklar\u0131n elektronik ekipmanlar\u0131na veya uzay ara\u00e7lar\u0131n\u0131n hassas sistemlerine zarar verebilir ve ar\u0131zalara neden olabilir.<\/li><\/ul><p>Jeomanyetik f\u0131rt\u0131nalar\u0131n etkileri, genellikle g\u00fcne\u015f faaliyetlerinin art\u0131\u015f d\u00f6nemlerinde daha s\u0131k g\u00f6r\u00fcl\u00fcr. Bu nedenle, jeomanyetik f\u0131rt\u0131nalar\u0131n izlenmesi ve anla\u015f\u0131lmas\u0131, uzay hava tahminlerinin ve toplumun al\u0131nmas\u0131 gereken \u00f6nlemlerin bir par\u00e7as\u0131d\u0131r.<\/p><figure class=\"wp-block-image size-full is-resized\"><img loading=\"lazy\" decoding=\"async\" width=\"800\" height=\"533\" src=\"https:\/\/blog.extremeoutdoor.com.tr\/wp-content\/uploads\/2024\/06\/Jeomanyetik-Firtina-2.jpg\" alt=\"\" class=\"wp-image-5698\" style=\"width:840px;height:auto\" srcset=\"https:\/\/blog.extremeoutdoor.com.tr\/wp-content\/uploads\/2024\/06\/Jeomanyetik-Firtina-2.jpg 800w, https:\/\/blog.extremeoutdoor.com.tr\/wp-content\/uploads\/2024\/06\/Jeomanyetik-Firtina-2-300x200.jpg 300w, https:\/\/blog.extremeoutdoor.com.tr\/wp-content\/uploads\/2024\/06\/Jeomanyetik-Firtina-2-768x512.jpg 768w, https:\/\/blog.extremeoutdoor.com.tr\/wp-content\/uploads\/2024\/06\/Jeomanyetik-Firtina-2-370x247.jpg 370w, https:\/\/blog.extremeoutdoor.com.tr\/wp-content\/uploads\/2024\/06\/Jeomanyetik-Firtina-2-760x506.jpg 760w, https:\/\/blog.extremeoutdoor.com.tr\/wp-content\/uploads\/2024\/06\/Jeomanyetik-Firtina-2-565x376.jpg 565w, https:\/\/blog.extremeoutdoor.com.tr\/wp-content\/uploads\/2024\/06\/Jeomanyetik-Firtina-2-600x400.jpg 600w\" sizes=\"auto, (max-width: 800px) 100vw, 800px\" \/><\/figure><h2 class=\"wp-block-heading\">Jeomanyetik F\u0131rt\u0131nalar\u0131n S\u0131kl\u0131\u011f\u0131 ve \u015eiddeti Nas\u0131ld\u0131r?<\/h2><p>Jeomanyetik f\u0131rt\u0131nalar\u0131n s\u0131kl\u0131\u011f\u0131 ve \u015fiddeti genellikle G\u00fcne\u015f\u2019in manyetik aktivitesine ba\u011fl\u0131d\u0131r. G\u00fcne\u015f\u2019in manyetik aktivitesi, G\u00fcne\u015f\u2019te meydana gelen lekeler, patlamalar ve di\u011fer olaylarla ili\u015fkilidir. Bu olaylar s\u0131ras\u0131nda G\u00fcne\u015f\u2019ten y\u00fckl\u00fc par\u00e7ac\u0131klar ve g\u00fcne\u015f r\u00fczgar\u0131 uzaya do\u011fru yay\u0131l\u0131r ve D\u00fcnya\u2019n\u0131n manyetosferiyle etkile\u015fime girer.<\/p><p>Jeomanyetik f\u0131rt\u0131nalar, G\u00fcne\u015f\u2019ten gelen y\u00fckl\u00fc par\u00e7ac\u0131klar\u0131n ve g\u00fcne\u015f r\u00fczgar\u0131n\u0131n D\u00fcnya\u2019n\u0131n manyetik alan\u0131yla etkile\u015fime girmesi sonucu olu\u015fur. Bu etkile\u015fim, manyetosferdeki ani de\u011fi\u015fiklikler ve atmosfere s\u0131zan y\u00fckl\u00fc par\u00e7ac\u0131klar\u0131n yol a\u00e7t\u0131\u011f\u0131 fenomenlerle sonu\u00e7lan\u0131r.<\/p><p>Jeomanyetik f\u0131rt\u0131nalar\u0131n \u015fiddeti, birka\u00e7 fakt\u00f6re ba\u011fl\u0131d\u0131r. Bunlar aras\u0131nda g\u00fcne\u015f r\u00fczgar\u0131n\u0131n h\u0131z\u0131 ve yo\u011funlu\u011fu, manyetosferdeki manyetik alan\u0131n g\u00fcc\u00fc ve yap\u0131s\u0131, D\u00fcnya\u2019n\u0131n manyetik alan\u0131n\u0131n durumu ve D\u00fcnya\u2019n\u0131n G\u00fcne\u015f\u2019e olan konumu gibi fakt\u00f6rler bulunur. G\u00fcne\u015f aktivitesi artt\u0131k\u00e7a ve manyetosferdeki manyetik alan dengesi bozuldu\u011funda, jeomanyetik f\u0131rt\u0131nalar\u0131n \u015fiddeti artabilir.<\/p><p>Jeomanyetik f\u0131rt\u0131nalar\u0131n s\u0131kl\u0131\u011f\u0131, G\u00fcne\u015f\u2019in 11 y\u0131ll\u0131k bir d\u00f6ng\u00fcdeki manyetik aktivitesine ba\u011fl\u0131 olarak de\u011fi\u015fir. G\u00fcne\u015f\u2019in manyetik aktivitesi artt\u0131k\u00e7a, g\u00fcne\u015f lekeleri, patlamalar ve koronal k\u00fctle at\u0131mlar\u0131 gibi olaylar daha s\u0131k meydana gelir ve dolay\u0131s\u0131yla jeomanyetik f\u0131rt\u0131nalar\u0131n s\u0131kl\u0131\u011f\u0131 da artar.<\/p><p>Jeomanyetik f\u0131rt\u0131nalar\u0131n \u015fiddeti ve s\u0131kl\u0131\u011f\u0131, genellikle G\u00fcne\u015f\u2019in manyetik aktivitesiyle ili\u015fkilidir ve bu aktivite G\u00fcne\u015f\u2019in 11 y\u0131ll\u0131k d\u00f6ng\u00fcs\u00fcne g\u00f6re de\u011fi\u015fir. Bu nedenle, jeomanyetik f\u0131rt\u0131nalar\u0131n tahmini ve izlenmesi, G\u00fcne\u015f\u2019in manyetik aktivitesinin anla\u015f\u0131lmas\u0131 ve izlenmesiyle yak\u0131ndan ili\u015fkilidir.<\/p><figure class=\"wp-block-image size-full is-resized\"><img loading=\"lazy\" decoding=\"async\" width=\"800\" height=\"533\" src=\"https:\/\/blog.extremeoutdoor.com.tr\/wp-content\/uploads\/2024\/06\/Jeomanyetik-Firtina-1.jpg\" alt=\"\" class=\"wp-image-5699\" style=\"width:840px;height:auto\" srcset=\"https:\/\/blog.extremeoutdoor.com.tr\/wp-content\/uploads\/2024\/06\/Jeomanyetik-Firtina-1.jpg 800w, https:\/\/blog.extremeoutdoor.com.tr\/wp-content\/uploads\/2024\/06\/Jeomanyetik-Firtina-1-300x200.jpg 300w, https:\/\/blog.extremeoutdoor.com.tr\/wp-content\/uploads\/2024\/06\/Jeomanyetik-Firtina-1-768x512.jpg 768w, https:\/\/blog.extremeoutdoor.com.tr\/wp-content\/uploads\/2024\/06\/Jeomanyetik-Firtina-1-370x247.jpg 370w, https:\/\/blog.extremeoutdoor.com.tr\/wp-content\/uploads\/2024\/06\/Jeomanyetik-Firtina-1-760x506.jpg 760w, https:\/\/blog.extremeoutdoor.com.tr\/wp-content\/uploads\/2024\/06\/Jeomanyetik-Firtina-1-565x376.jpg 565w, https:\/\/blog.extremeoutdoor.com.tr\/wp-content\/uploads\/2024\/06\/Jeomanyetik-Firtina-1-600x400.jpg 600w\" sizes=\"auto, (max-width: 800px) 100vw, 800px\" \/><\/figure>\n\n<div class=\"kk-star-ratings kksr-auto kksr-align-right kksr-valign-bottom\"\n    data-payload='{&quot;align&quot;:&quot;right&quot;,&quot;id&quot;:&quot;5696&quot;,&quot;slug&quot;:&quot;default&quot;,&quot;valign&quot;:&quot;bottom&quot;,&quot;ignore&quot;:&quot;&quot;,&quot;reference&quot;:&quot;auto&quot;,&quot;class&quot;:&quot;&quot;,&quot;count&quot;:&quot;1&quot;,&quot;legendonly&quot;:&quot;&quot;,&quot;readonly&quot;:&quot;&quot;,&quot;score&quot;:&quot;5&quot;,&quot;starsonly&quot;:&quot;&quot;,&quot;best&quot;:&quot;5&quot;,&quot;gap&quot;:&quot;5&quot;,&quot;greet&quot;:&quot;Oylama Yap&quot;,&quot;legend&quot;:&quot;5\\\/5 - (1 vote)&quot;,&quot;size&quot;:&quot;24&quot;,&quot;title&quot;:&quot;Jeomanyetik F\u0131rt\u0131na S\u0131kl\u0131\u011f\u0131, \u015eiddeti ve Etkileri&quot;,&quot;width&quot;:&quot;142.5&quot;,&quot;_legend&quot;:&quot;{score}\\\/{best} - ({count} {votes})&quot;,&quot;font_factor&quot;:&quot;1.25&quot;}'>\n            \n<div class=\"kksr-stars\">\n    \n<div class=\"kksr-stars-inactive\">\n            <div class=\"kksr-star\" data-star=\"1\" style=\"padding-right: 5px\">\n            \n\n<div class=\"kksr-icon\" style=\"width: 24px; height: 24px;\"><\/div>\n        <\/div>\n            <div class=\"kksr-star\" data-star=\"2\" style=\"padding-right: 5px\">\n            \n\n<div class=\"kksr-icon\" style=\"width: 24px; height: 24px;\"><\/div>\n        <\/div>\n            <div class=\"kksr-star\" data-star=\"3\" style=\"padding-right: 5px\">\n            \n\n<div class=\"kksr-icon\" style=\"width: 24px; height: 24px;\"><\/div>\n        <\/div>\n            <div class=\"kksr-star\" data-star=\"4\" style=\"padding-right: 5px\">\n            \n\n<div class=\"kksr-icon\" style=\"width: 24px; height: 24px;\"><\/div>\n        <\/div>\n            <div class=\"kksr-star\" data-star=\"5\" style=\"padding-right: 5px\">\n            \n\n<div class=\"kksr-icon\" style=\"width: 24px; height: 24px;\"><\/div>\n        <\/div>\n    <\/div>\n    \n<div class=\"kksr-stars-active\" style=\"width: 142.5px;\">\n            <div class=\"kksr-star\" style=\"padding-right: 5px\">\n            \n\n<div class=\"kksr-icon\" style=\"width: 24px; height: 24px;\"><\/div>\n        <\/div>\n            <div class=\"kksr-star\" style=\"padding-right: 5px\">\n            \n\n<div class=\"kksr-icon\" style=\"width: 24px; height: 24px;\"><\/div>\n        <\/div>\n            <div class=\"kksr-star\" style=\"padding-right: 5px\">\n            \n\n<div class=\"kksr-icon\" style=\"width: 24px; height: 24px;\"><\/div>\n        <\/div>\n            <div class=\"kksr-star\" style=\"padding-right: 5px\">\n            \n\n<div class=\"kksr-icon\" style=\"width: 24px; height: 24px;\"><\/div>\n        <\/div>\n            <div class=\"kksr-star\" style=\"padding-right: 5px\">\n            \n\n<div class=\"kksr-icon\" style=\"width: 24px; height: 24px;\"><\/div>\n        <\/div>\n    <\/div>\n<\/div>\n                \n\n<div class=\"kksr-legend\" style=\"font-size: 19.2px;\">\n            5\/5 - (1 vote)    <\/div>\n    <\/div>\n","protected":false},"excerpt":{"rendered":"<p>Jeomanyetik f\u0131rt\u0131na, G\u00fcne\u015f\u2019ten gelen y\u00fckl\u00fc par\u00e7ac\u0131klar\u0131n (g\u00fcne\u015f r\u00fczgar\u0131 ve g\u00fcne\u015ften patlayan par\u00e7ac\u0131klar) D\u00fcnya\u2019n\u0131n manyetik alan\u0131yla etkile\u015fime girmesi sonucu olu\u015fan bir&hellip;<\/p>\n","protected":false},"author":990005,"featured_media":5700,"comment_status":"open","ping_status":"open","sticky":false,"template":"","format":"standard","meta":{"footnotes":""},"categories":[1108,645],"tags":[461,127,1410,1411,1409,1412,1414,1413],"class_list":["post-5696","post","type-post","status-publish","format-standard","has-post-thumbnail","hentry","category-ilginc-bilgiler","category-makale","tag-extreme-outdoor","tag-extreme-outdoor-blog","tag-jeomanyetik-etkiler","tag-jeomanyetik-firtina","tag-jeomanyetik-firtina-etkileri-nelerdir","tag-jeomanyetik-firtina-ve-etkileri","tag-jeomanyetik-firtinalarin-sikligi-ve-siddeti","tag-jeomanyetik-firtinalarin-sikligi-ve-siddeti-nasildir"],"_links":{"self":[{"href":"https:\/\/blog.extremeoutdoor.com.tr\/index.php\/wp-json\/wp\/v2\/posts\/5696","targetHints":{"allow":["GET"]}}],"collection":[{"href":"https:\/\/blog.extremeoutdoor.com.tr\/index.php\/wp-json\/wp\/v2\/posts"}],"about":[{"href":"https:\/\/blog.extremeoutdoor.com.tr\/index.php\/wp-json\/wp\/v2\/types\/post"}],"author":[{"embeddable":true,"href":"https:\/\/blog.extremeoutdoor.com.tr\/index.php\/wp-json\/wp\/v2\/users\/990005"}],"replies":[{"embeddable":true,"href":"https:\/\/blog.extremeoutdoor.com.tr\/index.php\/wp-json\/wp\/v2\/comments?post=5696"}],"version-history":[{"count":1,"href":"https:\/\/blog.extremeoutdoor.com.tr\/index.php\/wp-json\/wp\/v2\/posts\/5696\/revisions"}],"predecessor-version":[{"id":5701,"href":"https:\/\/blog.extremeoutdoor.com.tr\/index.php\/wp-json\/wp\/v2\/posts\/5696\/revisions\/5701"}],"wp:featuredmedia":[{"embeddable":true,"href":"https:\/\/blog.extremeoutdoor.com.tr\/index.php\/wp-json\/wp\/v2\/media\/5700"}],"wp:attachment":[{"href":"https:\/\/blog.extremeoutdoor.com.tr\/index.php\/wp-json\/wp\/v2\/media?parent=5696"}],"wp:term":[{"taxonomy":"category","embeddable":true,"href":"https:\/\/blog.extremeoutdoor.com.tr\/index.php\/wp-json\/wp\/v2\/categories?post=5696"},{"taxonomy":"post_tag","embeddable":true,"href":"https:\/\/blog.extremeoutdoor.com.tr\/index.php\/wp-json\/wp\/v2\/tags?post=5696"}],"curies":[{"name":"wp","href":"https:\/\/api.w.org\/{rel}","templated":true}]}}